{"id":13140,"date":"2024-12-04T20:57:22","date_gmt":"2024-12-04T20:57:22","guid":{"rendered":"https:\/\/entrenotasyacordes.com\/?p=13140"},"modified":"2024-12-04T20:57:23","modified_gmt":"2024-12-04T20:57:23","slug":"fiesta-nacional-de-la-confluencia-2025-entradas-a-la-venta","status":"publish","type":"post","link":"https:\/\/entrenotasyacordes.com\/?p=13140","title":{"rendered":"FIESTA NACIONAL DE LA CONFLUENCIA 2025: \u00a1ENTRADAS A LA VENTA!"},"content":{"rendered":"\n<!--more-->\n\n\n\n<p class=\"has-text-align-center\"><strong>DEL 6 AL 9 DE FEBRERO NEUQU\u00c9N CAPITAL &#8211; ISLA 132<\/strong><\/p>\n\n\n\n<p class=\"has-text-align-center\"><strong>Comenz\u00f3 la Preventa Santander American Express <\/strong><br><strong>Pack 4 d\u00edas para la 12va edici\u00f3n del festival<\/strong><br><strong>a trav\u00e9s de Entrada Uno.<\/strong><\/p>\n\n\n<div class=\"wp-block-image\">\n<figure class=\"aligncenter size-full is-resized\"><img loading=\"lazy\" decoding=\"async\" width=\"1080\" height=\"1350\" src=\"https:\/\/entrenotasyacordes.com\/wp-content\/uploads\/2024\/12\/1k.jpg\" alt=\"\" class=\"wp-image-13141\" style=\"width:599px;height:auto\" srcset=\"https:\/\/entrenotasyacordes.com\/wp-content\/uploads\/2024\/12\/1k.jpg 1080w, https:\/\/entrenotasyacordes.com\/wp-content\/uploads\/2024\/12\/1k-240x300.jpg 240w, https:\/\/entrenotasyacordes.com\/wp-content\/uploads\/2024\/12\/1k-819x1024.jpg 819w, https:\/\/entrenotasyacordes.com\/wp-content\/uploads\/2024\/12\/1k-768x960.jpg 768w, https:\/\/entrenotasyacordes.com\/wp-content\/uploads\/2024\/12\/1k-1024x1280.jpg 1024w\" sizes=\"auto, (max-width: 1080px) 100vw, 1080px\" \/><\/figure>\n<\/div>\n\n\n<p class=\"has-text-align-left\">La Fiesta Nacional de la Confluencia anuncia los primeros confirmados del line-up para su edici\u00f3n 2025. Del 6 al 9 de febrero, vuelve el evento m\u00e1s convocante del pa\u00eds con cuatro d\u00edas de m\u00fasica definidos por una grilla conformada por artistas de primer nivel: Tiago PZK, Ke Personajes, Soledad, Los Palmeras, Los Autenticos Decadentes, La Vela Puerca, Las Pelotas, Valentino Merlo, The La Planta, Turf, \u00c1ngela Leiva, Indios, Natalie Perez, Juan Fuentes, y muchos m\u00e1s. Muy pronto se anunciar\u00e1n m\u00e1s artistas.<\/p>\n\n\n\n<p>Ya comenz\u00f3 la Preventa Santander American Express &#8211; Pack 4 d\u00edas, por 48 hs o hasta agotar stock, a trav\u00e9s de\u00a0<a href=\"https:\/\/cativomedialab.tr.pemsv02.net\/c\/eyJhIjoiY2F0aXZvbWVkaWFsYWIiLCJtIjoibWFpbF9jbTRhNDh6Z2N5dHUzMDg4N2E4cWt3NzY2IiwibCI6ImxpbmtfYmY0OTU1MjQ4ZTU2ZTU1YzU4MTM0ZDFjNmRmZTYyNGQwODBlMjk2Yl80NGUzZDgiLCJpIjpbXSwidSI6Imh0dHBzOi8vZW50cmFkYXVuby5jb20vbGFuZGluZy8xNDQxMi1hYm9uby0tLWZpZXN0YS1uYWNpb25hbC1kZS1sYS1jb25mbHVlbmNpYT9pZEVzcGVjdGFjdWxvQ2FydGVsPTE0NDEyJmNIYXNoVmFsaWRhY2lvbj1kZWE5YTdiYTk3MTM3ZWY4MTMxNWFjMjhjYWY4NmU0Yzk0NjQ4MzNjJnV0bV9zb3VyY2U9cGVyZml0JnV0bV9tZWRpdW09ZW1haWwmdXRtX2NhbXBhaWduPUZJRVNUQSUyMERFJTIwTEElMjBDT05GTFVFTkNJQSUyMDIwMjU6JTIwVkVOVEElMjBERSUyMEVOVFJBREFTIiwiYyI6IiIsImgiOiIyNjE3NDQifQ\" target=\"_blank\" rel=\"noreferrer noopener\">Entrada Uno<\/a>. Luego, comenzar\u00e1 la Preventa 1.<\/p>\n\n\n\n<p>Con producci\u00f3n de Fenix Entertainment, el festival tendr\u00e1 lugar en la Isla 132 de la Ciudad de Neuqu\u00e9n. Celebrar\u00e1 su 12va edici\u00f3n, consolid\u00e1ndose como el evento m\u00e1s esperado de la regi\u00f3n, y reafirmar\u00e1 su lugar como un cl\u00e1sico imperdible del calendario nacional.<\/p>\n\n\n\n<p>El entorno m\u00e1gico de la Patagonia ser\u00e1 el escenario perfecto para 4 d\u00edas de m\u00fasica, arte y tradici\u00f3n, con actividades para toda la familia. Habr\u00e1 una variada propuesta gastron\u00f3mica y stands de emprendimientos locales a trav\u00e9s de los que los asistentes podr\u00e1n conectarse con la cultura local mientras exploran los incre\u00edbles paisajes de la regi\u00f3n.<\/p>\n\n\n<div class=\"wp-block-image\">\n<figure class=\"aligncenter size-full is-resized\"><img loading=\"lazy\" decoding=\"async\" width=\"1080\" height=\"1350\" src=\"https:\/\/entrenotasyacordes.com\/wp-content\/uploads\/2024\/12\/1kk.jpg\" alt=\"\" class=\"wp-image-13142\" style=\"width:599px;height:auto\" srcset=\"https:\/\/entrenotasyacordes.com\/wp-content\/uploads\/2024\/12\/1kk.jpg 1080w, https:\/\/entrenotasyacordes.com\/wp-content\/uploads\/2024\/12\/1kk-240x300.jpg 240w, https:\/\/entrenotasyacordes.com\/wp-content\/uploads\/2024\/12\/1kk-819x1024.jpg 819w, https:\/\/entrenotasyacordes.com\/wp-content\/uploads\/2024\/12\/1kk-768x960.jpg 768w, https:\/\/entrenotasyacordes.com\/wp-content\/uploads\/2024\/12\/1kk-1024x1280.jpg 1024w\" sizes=\"auto, (max-width: 1080px) 100vw, 1080px\" \/><\/figure>\n<\/div>\n\n\n<p class=\"has-text-align-left\"><\/p>\n","protected":false},"excerpt":{"rendered":"","protected":false},"author":5,"featured_media":13141,"comment_status":"open","ping_status":"open","sticky":false,"template":"","format":"standard","meta":{"om_disable_all_campaigns":false,"_uf_show_specific_survey":0,"_uf_disable_surveys":false,"footnotes":""},"categories":[36],"tags":[],"class_list":["post-13140","post","type-post","status-publish","format-standard","has-post-thumbnail","hentry","category-conciertos"],"_links":{"self":[{"href":"https:\/\/entrenotasyacordes.com\/index.php?rest_route=\/wp\/v2\/posts\/13140","targetHints":{"allow":["GET"]}}],"collection":[{"href":"https:\/\/entrenotasyacordes.com\/index.php?rest_route=\/wp\/v2\/posts"}],"about":[{"href":"https:\/\/entrenotasyacordes.com\/index.php?rest_route=\/wp\/v2\/types\/post"}],"author":[{"embeddable":true,"href":"https:\/\/entrenotasyacordes.com\/index.php?rest_route=\/wp\/v2\/users\/5"}],"replies":[{"embeddable":true,"href":"https:\/\/entrenotasyacordes.com\/index.php?rest_route=%2Fwp%2Fv2%2Fcomments&post=13140"}],"version-history":[{"count":1,"href":"https:\/\/entrenotasyacordes.com\/index.php?rest_route=\/wp\/v2\/posts\/13140\/revisions"}],"predecessor-version":[{"id":13143,"href":"https:\/\/entrenotasyacordes.com\/index.php?rest_route=\/wp\/v2\/posts\/13140\/revisions\/13143"}],"wp:featuredmedia":[{"embeddable":true,"href":"https:\/\/entrenotasyacordes.com\/index.php?rest_route=\/wp\/v2\/media\/13141"}],"wp:attachment":[{"href":"https:\/\/entrenotasyacordes.com\/index.php?rest_route=%2Fwp%2Fv2%2Fmedia&parent=13140"}],"wp:term":[{"taxonomy":"category","embeddable":true,"href":"https:\/\/entrenotasyacordes.com\/index.php?rest_route=%2Fwp%2Fv2%2Fcategories&post=13140"},{"taxonomy":"post_tag","embeddable":true,"href":"https:\/\/entrenotasyacordes.com\/index.php?rest_route=%2Fwp%2Fv2%2Ftags&post=13140"}],"curies":[{"name":"wp","href":"https:\/\/api.w.org\/{rel}","templated":true}]}}