{"id":13144,"date":"2024-12-04T21:02:27","date_gmt":"2024-12-04T21:02:27","guid":{"rendered":"https:\/\/entrenotasyacordes.com\/?p=13144"},"modified":"2024-12-04T21:02:28","modified_gmt":"2024-12-04T21:02:28","slug":"emilia-se-consagro-como-la-artista-mas-escuchada-de-spotify-argentina-en-2024","status":"publish","type":"post","link":"https:\/\/entrenotasyacordes.com\/?p=13144","title":{"rendered":"EMILIA SE CONSAGR\u00d3 COMO LA ARTISTA M\u00c1S ESCUCHADA DE SPOTIFY ARGENTINA EN 2024"},"content":{"rendered":"\n<!--more-->\n\n\n\n<p class=\"has-text-align-left\">Spotify revel\u00f3 el ranking de las bandas y solistas m\u00e1s escuchadas del a\u00f1o y Emilia se consagr\u00f3 en el puesto #1 del podio. A su vez, fue la artista m\u00e1s vista en TikTok este a\u00f1o \u00a1rompiendo todos los r\u00e9cords!<\/p>\n\n\n<div class=\"wp-block-image\">\n<figure class=\"aligncenter size-full\"><img loading=\"lazy\" decoding=\"async\" width=\"695\" height=\"691\" src=\"https:\/\/entrenotasyacordes.com\/wp-content\/uploads\/2024\/12\/1l.jpeg\" alt=\"\" class=\"wp-image-13145\" srcset=\"https:\/\/entrenotasyacordes.com\/wp-content\/uploads\/2024\/12\/1l.jpeg 695w, https:\/\/entrenotasyacordes.com\/wp-content\/uploads\/2024\/12\/1l-300x298.jpeg 300w, https:\/\/entrenotasyacordes.com\/wp-content\/uploads\/2024\/12\/1l-150x150.jpeg 150w, https:\/\/entrenotasyacordes.com\/wp-content\/uploads\/2024\/12\/1l-50x50.jpeg 50w\" sizes=\"auto, (max-width: 695px) 100vw, 695px\" \/><\/figure>\n<\/div>\n\n\n<p>Emilia sigue causando revuelo con su m\u00fasica en el Top de los Ranking nacionales e internacionales, sus shows electrizantes y su creciente influencia como icono del pop mundial. Su extraordinario a\u00f1o ha estado lleno de logros, colaboraciones y elogios que han batido r\u00e9cords, lo que ha consolidado su estatus como&nbsp;<strong>una de las estrellas m\u00e1s brillantes de la m\u00fasica latina.<\/strong>&nbsp;De esta manera, Emilia se apoder\u00f3 de la escena musical argentina en 2024, con su \u00e9xito \u00ab<a target=\"_blank\" href=\"https:\/\/instagramc.tr.pemsv30.net\/c\/eyJhIjoiaW5zdGFncmFtYyIsIm0iOiJtYWlsX2NtNGE5YXNsZjZhODYwODI4Mmd4ZWVqdXQiLCJsIjoibGlua19jMzg5ZGU1ZTYwZjNkMTdkNjM4ZTA0ODA3ZTExZDhkNGJkYjA3ZTY5X2NmZTNjMSIsImkiOltdLCJ1IjoiaHR0cHM6Ly93d3cueW91dHViZS5jb20vd2F0Y2g_dj1ySWNaNlgwaklsNCZ1dG1fc291cmNlPXBlcmZpdCZ1dG1fbWVkaXVtPWVtYWlsJnV0bV9jYW1wYWlnbj1FTUlMSUElMjAlN0MlMjBOJUMyJUIwMSUyMEVOJTIwU1BPVElGWSIsImMiOiIiLCJoIjoiOTQyNTdjIn0\" rel=\"noreferrer noopener\">La_Original.mp3<\/a>\u00bb con TINI, que se ubic\u00f3 como la s\u00e9ptima canci\u00f3n m\u00e1s reproducida del a\u00f1o.<\/p>\n\n\n\n<p>Como embajadora de Spotify EQUAL, tambi\u00e9n invit\u00f3 a una diversa lista de artistas femeninas a abrir su&nbsp;<em>Tour .mp3<\/em>, lo que refuerza a\u00fan m\u00e1s su apoyo a la escena musical emergente y su dedicaci\u00f3n a defender una variedad de g\u00e9neros liderados por mujeres, desde el indie folk y el pop hasta el reggaet\u00f3n y la cumbia.&nbsp;<\/p>\n\n\n\n<p>El \u00e9xito sin precedentes de Emilia ha cautivado a millones de fans en todo el mundo, y su m\u00fasica domina las plataformas de streaming, las listas de \u00e9xitos y los escenarios internacionales. Su segundo \u00e1lbum,&nbsp;<em>.<a target=\"_blank\" href=\"https:\/\/instagramc.tr.pemsv30.net\/c\/eyJhIjoiaW5zdGFncmFtYyIsIm0iOiJtYWlsX2NtNGE5YXNsZjZhODYwODI4Mmd4ZWVqdXQiLCJsIjoibGlua18xMDkzYmVmMjkxMmY4MzU3MTM4MmY3NWUzMTMyNzliOTE4MDRjYzk0XzdhMDM3YiIsImkiOltdLCJ1IjoiaHR0cHM6Ly9vcGVuLnNwb3RpZnkuY29tL2ludGwtZXMvYWxidW0vMnFvOGo5eVpJc3g2NnlEdVVobzJqcD9zaT0tSGNac2RFblNEbXY3b0RSWHpNUjdBJnV0bV9zb3VyY2U9cGVyZml0JnV0bV9tZWRpdW09ZW1haWwmdXRtX2NhbXBhaWduPUVNSUxJQSUyMCU3QyUyME4lQzIlQjAxJTIwRU4lMjBTUE9USUZZIiwiYyI6IiIsImgiOiJjZjY1NzYifQ\" rel=\"noreferrer noopener\">MP3<\/a><\/em>, result\u00f3 un rotundo \u00e9xito al debutar como el \u00e1lbum femenino n\u00famero uno a nivel mundial, alcanzando el cuarto lugar en la lista global de Spotify y manteniendo el primer puesto en Argentina desde su lanzamiento. El \u00e9xito de la canci\u00f3n \u201c<em>La_Original.mp3<\/em>\u201d junto a TINI tambi\u00e9n le vali\u00f3 a la sensaci\u00f3n del pop su primer ranking top 10 de Billboard U.S. en la lista Latin Pop Airplay, alcanzando la posici\u00f3n n\u00famero 3. Transportando a los oyentes a la esencia de la d\u00e9cada del 2000,&nbsp;<strong>.MP3 se encuentra entre los 100 mejores \u00e1lbumes globales en Spotify<\/strong>, rompiendo r\u00e9cords con m\u00e1s de 356 millones de reproducciones a solo d\u00edas de su lanzamiento.<\/p>\n\n\n<div class=\"wp-block-image\">\n<figure class=\"aligncenter size-full is-resized\"><img loading=\"lazy\" decoding=\"async\" width=\"981\" height=\"644\" src=\"https:\/\/entrenotasyacordes.com\/wp-content\/uploads\/2024\/12\/1ll.jpeg\" alt=\"\" class=\"wp-image-13146\" style=\"width:705px;height:auto\" srcset=\"https:\/\/entrenotasyacordes.com\/wp-content\/uploads\/2024\/12\/1ll.jpeg 981w, https:\/\/entrenotasyacordes.com\/wp-content\/uploads\/2024\/12\/1ll-300x197.jpeg 300w, https:\/\/entrenotasyacordes.com\/wp-content\/uploads\/2024\/12\/1ll-768x504.jpeg 768w\" sizes=\"auto, (max-width: 981px) 100vw, 981px\" \/><\/figure>\n<\/div>\n\n\n<p class=\"has-text-align-left\">Dando forma a la nueva era del pop latino y logrando avances significativos para las mujeres en la industria la superestrella hizo un debut innovador durante la semana del\u00a0<a href=\"https:\/\/instagramc.tr.pemsv30.net\/c\/eyJhIjoiaW5zdGFncmFtYyIsIm0iOiJtYWlsX2NtNGE5YXNsZjZhODYwODI4Mmd4ZWVqdXQiLCJsIjoibGlua18zZGVlZjg4MDE2Mjc5Y2MxMDM0NTU3NTRlNzViMzNjNTczNDI1NDcxXzM3ZGRmZCIsImkiOltdLCJ1IjoiaHR0cHM6Ly9kcml2ZS5nb29nbGUuY29tL2RyaXZlL2ZvbGRlcnMvMWxlNmMzYzQ3S3A4VUE1b2hleXdvZWU2Z2RCel9kZkJ3P3VzcD1kcml2ZV9saW5rJnV0bV9zb3VyY2U9cGVyZml0JnV0bV9tZWRpdW09ZW1haWwmdXRtX2NhbXBhaWduPUVNSUxJQSUyMCU3QyUyME4lQzIlQjAxJTIwRU4lMjBTUE9USUZZIiwiYyI6IiIsImgiOiI4ZGRiZTAifQ\" target=\"_blank\" rel=\"noreferrer noopener\">Latin GRAMMY<\/a>, nominada por primera vez por .MP3 en la categor\u00eda de \u201cMejor \u00c1lbum Vocal Pop\u201d, convirti\u00e9ndose en\u00a0<strong>la primera mujer argentina en 20 a\u00f1os<\/strong>\u00a0en obtener este prestigioso reconocimiento.<\/p>\n\n\n<div class=\"wp-block-image\">\n<figure class=\"aligncenter size-full is-resized\"><img loading=\"lazy\" decoding=\"async\" width=\"1126\" height=\"736\" src=\"https:\/\/entrenotasyacordes.com\/wp-content\/uploads\/2024\/12\/1lll.jpeg\" alt=\"\" class=\"wp-image-13147\" style=\"width:503px;height:auto\" srcset=\"https:\/\/entrenotasyacordes.com\/wp-content\/uploads\/2024\/12\/1lll.jpeg 1126w, https:\/\/entrenotasyacordes.com\/wp-content\/uploads\/2024\/12\/1lll-300x196.jpeg 300w, https:\/\/entrenotasyacordes.com\/wp-content\/uploads\/2024\/12\/1lll-1024x669.jpeg 1024w, https:\/\/entrenotasyacordes.com\/wp-content\/uploads\/2024\/12\/1lll-768x502.jpeg 768w\" sizes=\"auto, (max-width: 1126px) 100vw, 1126px\" \/><\/figure>\n<\/div>\n\n\n<p>Los logros hist\u00f3ricos de Emilia continuaron cuando se convirti\u00f3 en la primera artista femenina en agotar entradas durante tres noches consecutivas en el legendario Movistar Arena en Santiago de Chile, a fines de noviembre, y poco despu\u00e9s subi\u00f3 al escenario en el muy esperado festival de m\u00fasica Megaland en Colombia, consolidando su lugar como una de las fuerzas m\u00e1s electrizantes del g\u00e9nero. Elevando a\u00fan m\u00e1s su poder femenino en la gira de este a\u00f1o, tambi\u00e9n se convirti\u00f3 en la primera artista femenina en lograr una hist\u00f3rica residencia con 10 shows agotados en 10 horas en el Movistar Arena de Buenos Aires, y luego cuatro conciertos sold out en el renombrado Estadio V\u00e9lez de la Ciudad, con\u00a0<strong>m\u00e1s de 300.000 entradas vendidas\u00a0<\/strong>a sus fan\u00e1ticos, demostrando as\u00ed su imparable y pionera trayectoria.<\/p>\n","protected":false},"excerpt":{"rendered":"","protected":false},"author":5,"featured_media":13147,"comment_status":"open","ping_status":"open","sticky":false,"template":"","format":"standard","meta":{"om_disable_all_campaigns":false,"_uf_show_specific_survey":0,"_uf_disable_surveys":false,"footnotes":""},"categories":[34],"tags":[],"class_list":["post-13144","post","type-post","status-publish","format-standard","has-post-thumbnail","hentry","category-ultimas-noticias"],"_links":{"self":[{"href":"https:\/\/entrenotasyacordes.com\/index.php?rest_route=\/wp\/v2\/posts\/13144","targetHints":{"allow":["GET"]}}],"collection":[{"href":"https:\/\/entrenotasyacordes.com\/index.php?rest_route=\/wp\/v2\/posts"}],"about":[{"href":"https:\/\/entrenotasyacordes.com\/index.php?rest_route=\/wp\/v2\/types\/post"}],"author":[{"embeddable":true,"href":"https:\/\/entrenotasyacordes.com\/index.php?rest_route=\/wp\/v2\/users\/5"}],"replies":[{"embeddable":true,"href":"https:\/\/entrenotasyacordes.com\/index.php?rest_route=%2Fwp%2Fv2%2Fcomments&post=13144"}],"version-history":[{"count":1,"href":"https:\/\/entrenotasyacordes.com\/index.php?rest_route=\/wp\/v2\/posts\/13144\/revisions"}],"predecessor-version":[{"id":13148,"href":"https:\/\/entrenotasyacordes.com\/index.php?rest_route=\/wp\/v2\/posts\/13144\/revisions\/13148"}],"wp:featuredmedia":[{"embeddable":true,"href":"https:\/\/entrenotasyacordes.com\/index.php?rest_route=\/wp\/v2\/media\/13147"}],"wp:attachment":[{"href":"https:\/\/entrenotasyacordes.com\/index.php?rest_route=%2Fwp%2Fv2%2Fmedia&parent=13144"}],"wp:term":[{"taxonomy":"category","embeddable":true,"href":"https:\/\/entrenotasyacordes.com\/index.php?rest_route=%2Fwp%2Fv2%2Fcategories&post=13144"},{"taxonomy":"post_tag","embeddable":true,"href":"https:\/\/entrenotasyacordes.com\/index.php?rest_route=%2Fwp%2Fv2%2Ftags&post=13144"}],"curies":[{"name":"wp","href":"https:\/\/api.w.org\/{rel}","templated":true}]}}