{"id":13205,"date":"2024-12-10T18:09:15","date_gmt":"2024-12-10T18:09:15","guid":{"rendered":"https:\/\/entrenotasyacordes.com\/?p=13205"},"modified":"2024-12-10T18:09:17","modified_gmt":"2024-12-10T18:09:17","slug":"proximos-eventos-en-la-trastienda-2","status":"publish","type":"post","link":"https:\/\/entrenotasyacordes.com\/?p=13205","title":{"rendered":"Pr\u00f3ximos eventos en La Trastienda"},"content":{"rendered":"\n<!--more-->\n\n\n\n<div class=\"wp-block-columns is-layout-flex wp-container-core-columns-is-layout-28f84493 wp-block-columns-is-layout-flex\">\n<div class=\"wp-block-column is-layout-flow wp-block-column-is-layout-flow\">\n<figure class=\"wp-block-image size-full\"><img loading=\"lazy\" decoding=\"async\" width=\"900\" height=\"800\" src=\"https:\/\/entrenotasyacordes.com\/wp-content\/uploads\/2024\/12\/4a.webp\" alt=\"\" class=\"wp-image-13206\" srcset=\"https:\/\/entrenotasyacordes.com\/wp-content\/uploads\/2024\/12\/4a.webp 900w, https:\/\/entrenotasyacordes.com\/wp-content\/uploads\/2024\/12\/4a-300x267.webp 300w, https:\/\/entrenotasyacordes.com\/wp-content\/uploads\/2024\/12\/4a-768x683.webp 768w\" sizes=\"auto, (max-width: 900px) 100vw, 900px\" \/><\/figure>\n\n\n\n<p><strong>MI\u00c9RCOLES 11 DE DICIEMBRE<\/strong>&nbsp;<\/p>\n\n\n\n<p>LAS PELOTAS<br>MI\u00c9RCOLES 11 DE DICIEMBRE \u2013 21:00HS<br>LA TRASTIENDA \u2013 BALCARCE 460<br>ENTRADAS A LA VENTA EN\u00a0<a href=\"http:\/\/www.tuentrada.com\/\">WWW.TUENTRADA.COM<\/a><\/p>\n<\/div>\n\n\n\n<div class=\"wp-block-column is-layout-flow wp-block-column-is-layout-flow\">\n<figure class=\"wp-block-image size-full\"><img loading=\"lazy\" decoding=\"async\" width=\"900\" height=\"800\" src=\"https:\/\/entrenotasyacordes.com\/wp-content\/uploads\/2024\/12\/4a-1.webp\" alt=\"\" class=\"wp-image-13207\" srcset=\"https:\/\/entrenotasyacordes.com\/wp-content\/uploads\/2024\/12\/4a-1.webp 900w, https:\/\/entrenotasyacordes.com\/wp-content\/uploads\/2024\/12\/4a-1-300x267.webp 300w, https:\/\/entrenotasyacordes.com\/wp-content\/uploads\/2024\/12\/4a-1-768x683.webp 768w\" sizes=\"auto, (max-width: 900px) 100vw, 900px\" \/><\/figure>\n\n\n\n<p><strong>JUEVES 12 DE DICIEMBRE<\/strong><\/p>\n\n\n\n<p>LAS PELOTAS<br>JUEVES 12 DE DICIEMBRE \u2013 21:00HS<br>LA TRASTIENDA \u2013 BALCARCE 460<br>ENTRADAS A LA VENTA EN\u00a0<a href=\"http:\/\/www.tuentrada.com\/\">WWW.TUENTRADA.COM<\/a><\/p>\n<\/div>\n\n\n\n<div class=\"wp-block-column is-layout-flow wp-block-column-is-layout-flow\">\n<figure class=\"wp-block-image size-full\"><img loading=\"lazy\" decoding=\"async\" width=\"900\" height=\"800\" src=\"https:\/\/entrenotasyacordes.com\/wp-content\/uploads\/2024\/12\/4aa.webp\" alt=\"\" class=\"wp-image-13208\" srcset=\"https:\/\/entrenotasyacordes.com\/wp-content\/uploads\/2024\/12\/4aa.webp 900w, https:\/\/entrenotasyacordes.com\/wp-content\/uploads\/2024\/12\/4aa-300x267.webp 300w, https:\/\/entrenotasyacordes.com\/wp-content\/uploads\/2024\/12\/4aa-768x683.webp 768w\" sizes=\"auto, (max-width: 900px) 100vw, 900px\" \/><\/figure>\n\n\n\n<p><strong>VIERNES 13 DE DICIEMBRE<\/strong><\/p>\n\n\n\n<p>SANDRA MIHANOVICH<br>VIERNES 13\u00a0DE DICIEMBRE \u2013 20:30HS<br>LA TRASTIENDA \u2013 BALCARCE 460<br>ENTRADAS A LA VENTA EN\u00a0<a href=\"http:\/\/www.tuentrada.com\/\">WWW.TUENTRADA.COM<\/a><\/p>\n<\/div>\n<\/div>\n\n\n\n<div class=\"wp-block-columns is-layout-flex wp-container-core-columns-is-layout-28f84493 wp-block-columns-is-layout-flex\">\n<div class=\"wp-block-column is-layout-flow wp-block-column-is-layout-flow\">\n<figure class=\"wp-block-image size-full\"><img loading=\"lazy\" decoding=\"async\" width=\"900\" height=\"800\" src=\"https:\/\/entrenotasyacordes.com\/wp-content\/uploads\/2024\/12\/4aaa.webp\" alt=\"\" class=\"wp-image-13209\" srcset=\"https:\/\/entrenotasyacordes.com\/wp-content\/uploads\/2024\/12\/4aaa.webp 900w, https:\/\/entrenotasyacordes.com\/wp-content\/uploads\/2024\/12\/4aaa-300x267.webp 300w, https:\/\/entrenotasyacordes.com\/wp-content\/uploads\/2024\/12\/4aaa-768x683.webp 768w\" sizes=\"auto, (max-width: 900px) 100vw, 900px\" \/><\/figure>\n\n\n\n<p><strong>S\u00c1BADO 14 DE DICIEMBRE<\/strong>\u00a0<\/p>\n\n\n\n<p>CHICO C\u00c9SAR + ROJOBARCELO + BLANCA\u00a0\u00a0\u00a0\u00a0\u00a0\u00a0\u00a0\u00a0\u00a0\u00a0<br>S\u00c1BADO 14 DE DICIEMBRE \u201320:30HS<br>LA TRASTIENDA \u2013 BALCARCE 460<br>ENTRADAS A LA VENTA EN\u00a0<a href=\"http:\/\/www.tuentrada.com\/\">WWW.TUENTRADA.COM<\/a><\/p>\n<\/div>\n\n\n\n<div class=\"wp-block-column is-layout-flow wp-block-column-is-layout-flow\">\n<figure class=\"wp-block-image size-full\"><img loading=\"lazy\" decoding=\"async\" width=\"900\" height=\"800\" src=\"https:\/\/entrenotasyacordes.com\/wp-content\/uploads\/2024\/12\/4aaaa.webp\" alt=\"\" class=\"wp-image-13210\" srcset=\"https:\/\/entrenotasyacordes.com\/wp-content\/uploads\/2024\/12\/4aaaa.webp 900w, https:\/\/entrenotasyacordes.com\/wp-content\/uploads\/2024\/12\/4aaaa-300x267.webp 300w, https:\/\/entrenotasyacordes.com\/wp-content\/uploads\/2024\/12\/4aaaa-768x683.webp 768w\" sizes=\"auto, (max-width: 900px) 100vw, 900px\" \/><\/figure>\n\n\n\n<p><strong>DOMINGO 15 DE DICIEMBRE<\/strong><\/p>\n\n\n\n<p>M\u00c1S M\u00daSICA, M\u00c1S ROCK<br>EN VIVO: CHEWELCHE + OJOS DE VENADO + SUCIOS RUFIANES<br>DOMINGO 15 DE DICIEMBRE \u2013 20:00HS<br>LA TRASTIENDA \u2013 BALCARCE 460<br>ENTRADAS A LA VENTA EN\u00a0<a href=\"http:\/\/www.tuentrada.com\/\">WWW.TUENTRADA.COM<\/a><\/p>\n<\/div>\n\n\n\n<div class=\"wp-block-column is-layout-flow wp-block-column-is-layout-flow\">\n<figure class=\"wp-block-image size-full\"><img loading=\"lazy\" decoding=\"async\" width=\"900\" height=\"800\" src=\"https:\/\/entrenotasyacordes.com\/wp-content\/uploads\/2024\/12\/4aaaaa.webp\" alt=\"\" class=\"wp-image-13211\" srcset=\"https:\/\/entrenotasyacordes.com\/wp-content\/uploads\/2024\/12\/4aaaaa.webp 900w, https:\/\/entrenotasyacordes.com\/wp-content\/uploads\/2024\/12\/4aaaaa-300x267.webp 300w, https:\/\/entrenotasyacordes.com\/wp-content\/uploads\/2024\/12\/4aaaaa-768x683.webp 768w\" sizes=\"auto, (max-width: 900px) 100vw, 900px\" \/><\/figure>\n\n\n\n<p><strong>LUNES 16 DE DICIEMBRE<\/strong><\/p>\n\n\n\n<p>ALEJANDRO LERNER<br>LUNES 16 DE DICIEMBRE \u2013 21:00HS<br>LA TRASTIENDA \u2013 BALCARCE 460<br>ENTRADAS A LA VENTA EN\u00a0<a href=\"http:\/\/www.tuentrada.com\/\">WWW.TUENTRADA.COM<\/a><\/p>\n<\/div>\n<\/div>\n\n\n\n<div class=\"wp-block-columns is-layout-flex wp-container-core-columns-is-layout-28f84493 wp-block-columns-is-layout-flex\">\n<div class=\"wp-block-column is-layout-flow wp-block-column-is-layout-flow\">\n<figure class=\"wp-block-image size-full\"><img loading=\"lazy\" decoding=\"async\" width=\"900\" height=\"800\" src=\"https:\/\/entrenotasyacordes.com\/wp-content\/uploads\/2024\/12\/4aaaaaa.webp\" alt=\"\" class=\"wp-image-13212\" srcset=\"https:\/\/entrenotasyacordes.com\/wp-content\/uploads\/2024\/12\/4aaaaaa.webp 900w, https:\/\/entrenotasyacordes.com\/wp-content\/uploads\/2024\/12\/4aaaaaa-300x267.webp 300w, https:\/\/entrenotasyacordes.com\/wp-content\/uploads\/2024\/12\/4aaaaaa-768x683.webp 768w\" sizes=\"auto, (max-width: 900px) 100vw, 900px\" \/><\/figure>\n\n\n\n<p><strong>MARTES 17 DE DICIEMBRE<\/strong><\/p>\n\n\n\n<p>ROCK N\u2019 SHOWS<br>PERFORMANCE + BOTAFOGO + LOWRDEZ + TRICICLO<br>MARTES 17 DE DICIEMBRE \u2013 20:00HS<br>LA TRASTIENDA \u2013 BALCARCE 460<br>ENTRADAS A LA VENTA EN\u00a0<a href=\"http:\/\/www.tuentrada.com\/\">WWW.TUENTRADA.COM<\/a><\/p>\n<\/div>\n\n\n\n<div class=\"wp-block-column is-layout-flow wp-block-column-is-layout-flow\">\n<figure class=\"wp-block-image size-full\"><img loading=\"lazy\" decoding=\"async\" width=\"900\" height=\"800\" src=\"https:\/\/entrenotasyacordes.com\/wp-content\/uploads\/2024\/12\/4aaaaaaa.webp\" alt=\"\" class=\"wp-image-13213\" srcset=\"https:\/\/entrenotasyacordes.com\/wp-content\/uploads\/2024\/12\/4aaaaaaa.webp 900w, https:\/\/entrenotasyacordes.com\/wp-content\/uploads\/2024\/12\/4aaaaaaa-300x267.webp 300w, https:\/\/entrenotasyacordes.com\/wp-content\/uploads\/2024\/12\/4aaaaaaa-768x683.webp 768w\" sizes=\"auto, (max-width: 900px) 100vw, 900px\" \/><\/figure>\n\n\n\n<p><strong>MI\u00c9RCOLES 18 DE DICIEMBRE<\/strong><\/p>\n\n\n\n<p>LOS CAFRES<br>MI\u00c9RCOLES 18 DE DICIEMBRE \u2013 21:00HS<br>LA TRASTIENDA \u2013 BALCARCE 460<br>ENTRADAS A LA VENTA EN\u00a0<a href=\"http:\/\/www.tuentrada.com\/\">WWW.TUENTRADA.COM<\/a><\/p>\n<\/div>\n\n\n\n<div class=\"wp-block-column is-layout-flow wp-block-column-is-layout-flow\">\n<figure class=\"wp-block-image size-full\"><img loading=\"lazy\" decoding=\"async\" width=\"900\" height=\"800\" src=\"https:\/\/entrenotasyacordes.com\/wp-content\/uploads\/2024\/12\/4aaaaaaa-1.webp\" alt=\"\" class=\"wp-image-13214\" srcset=\"https:\/\/entrenotasyacordes.com\/wp-content\/uploads\/2024\/12\/4aaaaaaa-1.webp 900w, https:\/\/entrenotasyacordes.com\/wp-content\/uploads\/2024\/12\/4aaaaaaa-1-300x267.webp 300w, https:\/\/entrenotasyacordes.com\/wp-content\/uploads\/2024\/12\/4aaaaaaa-1-768x683.webp 768w\" sizes=\"auto, (max-width: 900px) 100vw, 900px\" \/><\/figure>\n\n\n\n<p><strong>JUEVES 19 DE DICIEMBRE<\/strong>&nbsp;<\/p>\n\n\n\n<p>LOS CAFRES<br>JUEVES 19 DE DICIEMBRE \u2013 21:00HS<br>LA TRASTIENDA \u2013 BALCARCE 460<br>ENTRADAS A LA VENTA EN\u00a0<a href=\"http:\/\/www.tuentrada.com\/\">WWW.TUENTRADA.COM<\/a>\u00a0<\/p>\n<\/div>\n<\/div>\n\n\n\n<p><\/p>\n","protected":false},"excerpt":{"rendered":"","protected":false},"author":5,"featured_media":11235,"comment_status":"open","ping_status":"open","sticky":false,"template":"","format":"standard","meta":{"om_disable_all_campaigns":false,"_uf_show_specific_survey":0,"_uf_disable_surveys":false,"footnotes":""},"categories":[36],"tags":[],"class_list":["post-13205","post","type-post","status-publish","format-standard","has-post-thumbnail","hentry","category-conciertos"],"_links":{"self":[{"href":"https:\/\/entrenotasyacordes.com\/index.php?rest_route=\/wp\/v2\/posts\/13205","targetHints":{"allow":["GET"]}}],"collection":[{"href":"https:\/\/entrenotasyacordes.com\/index.php?rest_route=\/wp\/v2\/posts"}],"about":[{"href":"https:\/\/entrenotasyacordes.com\/index.php?rest_route=\/wp\/v2\/types\/post"}],"author":[{"embeddable":true,"href":"https:\/\/entrenotasyacordes.com\/index.php?rest_route=\/wp\/v2\/users\/5"}],"replies":[{"embeddable":true,"href":"https:\/\/entrenotasyacordes.com\/index.php?rest_route=%2Fwp%2Fv2%2Fcomments&post=13205"}],"version-history":[{"count":1,"href":"https:\/\/entrenotasyacordes.com\/index.php?rest_route=\/wp\/v2\/posts\/13205\/revisions"}],"predecessor-version":[{"id":13215,"href":"https:\/\/entrenotasyacordes.com\/index.php?rest_route=\/wp\/v2\/posts\/13205\/revisions\/13215"}],"wp:featuredmedia":[{"embeddable":true,"href":"https:\/\/entrenotasyacordes.com\/index.php?rest_route=\/wp\/v2\/media\/11235"}],"wp:attachment":[{"href":"https:\/\/entrenotasyacordes.com\/index.php?rest_route=%2Fwp%2Fv2%2Fmedia&parent=13205"}],"wp:term":[{"taxonomy":"category","embeddable":true,"href":"https:\/\/entrenotasyacordes.com\/index.php?rest_route=%2Fwp%2Fv2%2Fcategories&post=13205"},{"taxonomy":"post_tag","embeddable":true,"href":"https:\/\/entrenotasyacordes.com\/index.php?rest_route=%2Fwp%2Fv2%2Ftags&post=13205"}],"curies":[{"name":"wp","href":"https:\/\/api.w.org\/{rel}","templated":true}]}}