{"id":13216,"date":"2024-12-10T18:14:16","date_gmt":"2024-12-10T18:14:16","guid":{"rendered":"https:\/\/entrenotasyacordes.com\/?p=13216"},"modified":"2024-12-10T18:14:17","modified_gmt":"2024-12-10T18:14:17","slug":"nahuel-vasko-presenta-su-nuevo-video-%c2%a8en-esta-soledad%c2%a8","status":"publish","type":"post","link":"https:\/\/entrenotasyacordes.com\/?p=13216","title":{"rendered":"Nahuel Vasko presenta su nuevo video \u00a8En esta soledad\u00a8"},"content":{"rendered":"\n<!--more-->\n\n\n<div class=\"wp-block-image\">\n<figure class=\"aligncenter size-full is-resized\"><img loading=\"lazy\" decoding=\"async\" width=\"1708\" height=\"2560\" src=\"https:\/\/entrenotasyacordes.com\/wp-content\/uploads\/2024\/12\/3g-scaled.jpg\" alt=\"\" class=\"wp-image-13217\" style=\"width:566px;height:auto\" srcset=\"https:\/\/entrenotasyacordes.com\/wp-content\/uploads\/2024\/12\/3g-scaled.jpg 1708w, https:\/\/entrenotasyacordes.com\/wp-content\/uploads\/2024\/12\/3g-200x300.jpg 200w, https:\/\/entrenotasyacordes.com\/wp-content\/uploads\/2024\/12\/3g-683x1024.jpg 683w, https:\/\/entrenotasyacordes.com\/wp-content\/uploads\/2024\/12\/3g-768x1151.jpg 768w, https:\/\/entrenotasyacordes.com\/wp-content\/uploads\/2024\/12\/3g-1025x1536.jpg 1025w, https:\/\/entrenotasyacordes.com\/wp-content\/uploads\/2024\/12\/3g-1367x2048.jpg 1367w, https:\/\/entrenotasyacordes.com\/wp-content\/uploads\/2024\/12\/3g-1024x1534.jpg 1024w\" sizes=\"auto, (max-width: 1708px) 100vw, 1708px\" \/><figcaption class=\"wp-element-caption\">PH @fla.paredes<\/figcaption><\/figure>\n<\/div>\n\n\n<p class=\"has-text-align-left\">Nahuel Vasko presenta \u201cEn Esta Soledad\u201d una canci\u00f3n de g\u00e9nero synth pop mezclada con influencias de indie pop y m\u00fasica pop de los a\u00f1os ochenta que desprende de \u00a8Crisis Cassette\u00a8 su \u00faltimo E.P.<\/p>\n\n\n\n<p>En este tema predominan los sintetizadores, cl\u00e1sicos y modernos, las capas de voces y la bater\u00eda electr\u00f3nica, junto con solos de guitarra y saxo con un estilo de reverb que los mezcla sutilmente con el resto de las capas de la canci\u00f3n.<\/p>\n\n\n\n<p class=\"has-text-align-left\">La letra explora una tem\u00e1tica introspectiva, sobre encontrarse con uno mismo y sus pensamientos en la noche de una ciudad vac\u00eda.\u00a0<\/p>\n\n\n\n<figure class=\"wp-block-embed is-type-video is-provider-youtube wp-block-embed-youtube wp-embed-aspect-16-9 wp-has-aspect-ratio\"><div class=\"wp-block-embed__wrapper\">\n<div class=\"epyt-video-wrapper\"><iframe loading=\"lazy\"  id=\"_ytid_95888\"  width=\"640\" height=\"360\"  data-origwidth=\"640\" data-origheight=\"360\" src=\"https:\/\/www.youtube.com\/embed\/ewCfU6bQk-I?enablejsapi=1&#038;autoplay=0&#038;cc_load_policy=0&#038;cc_lang_pref=&#038;iv_load_policy=1&#038;loop=0&#038;rel=1&#038;fs=1&#038;playsinline=0&#038;autohide=2&#038;theme=dark&#038;color=white&#038;controls=1&#038;\" class=\"__youtube_prefs__  epyt-is-override  no-lazyload\" data-vol=\"50\"  title=\"YouTube player\"  allow=\"fullscreen; accelerometer; autoplay; clipboard-write; encrypted-media; gyroscope; picture-in-picture; web-share\" referrerpolicy=\"strict-origin-when-cross-origin\" allowfullscreen data-no-lazy=\"1\" data-skipgform_ajax_framebjll=\"\"><\/iframe><\/div>\n<\/div><\/figure>\n\n\n\n<p>El videoclip refleja de forma expl\u00edcita esta idea, combinando distintos paisajes urbanos ocupados por el protagonista y despojados de toda persona al mismo tiempo.<\/p>\n\n\n<div class=\"wp-block-image\">\n<figure class=\"aligncenter size-full\"><img loading=\"lazy\" decoding=\"async\" width=\"2560\" height=\"1709\" src=\"https:\/\/entrenotasyacordes.com\/wp-content\/uploads\/2024\/12\/3gg-scaled.jpg\" alt=\"\" class=\"wp-image-13218\" srcset=\"https:\/\/entrenotasyacordes.com\/wp-content\/uploads\/2024\/12\/3gg-scaled.jpg 2560w, https:\/\/entrenotasyacordes.com\/wp-content\/uploads\/2024\/12\/3gg-300x200.jpg 300w, https:\/\/entrenotasyacordes.com\/wp-content\/uploads\/2024\/12\/3gg-1024x684.jpg 1024w, https:\/\/entrenotasyacordes.com\/wp-content\/uploads\/2024\/12\/3gg-768x513.jpg 768w, https:\/\/entrenotasyacordes.com\/wp-content\/uploads\/2024\/12\/3gg-1536x1025.jpg 1536w, https:\/\/entrenotasyacordes.com\/wp-content\/uploads\/2024\/12\/3gg-2048x1367.jpg 2048w\" sizes=\"auto, (max-width: 2560px) 100vw, 2560px\" \/><figcaption class=\"wp-element-caption\">PH @fla.paredes<\/figcaption><\/figure>\n<\/div>\n\n\n<p class=\"has-text-align-left\">Nahuel Vasko es un artista indie nuevo en la escena de Buenos Aires, proveniente de la costa atl\u00e1ntica. Un creador y habitante de canciones indie\/pop\/rock, impulsadas por melod\u00edas tan pegadizas como introspectivas, combina un estilo retropop lleno de influencias de la m\u00fasica de los ochenta con la frescura y la producci\u00f3n sonora del nuevo indie nacional.<\/p>\n\n\n\n<p class=\"has-text-align-left\">En 2018 lanza su EP debut \u00abSolo\u00bb, y luego distintos singles hasta llegar a su disco debut \u00abRomper El Espejo\u00bb. El disco se caracteriza por estar compuesto a partir de historias y perspectivas ajenas, naciendo desde el deseo de dejar de lado la mirada propia, el Ego, y crecer en empat\u00eda. Su sonido fresco y ecl\u00e9ctico se articula con este concepto. Esta etapa comienza en 2022 con la presentaci\u00f3n del disco a sala llena en el complejo Chauvin y su participaci\u00f3n en el Festival Marea junto a artistas como FMK, Kapanga y Bhavi entre otros. En 2023 contin\u00faa presentando el disco como invitados de Cient\u00edficos del Palo en GAP, y realizando shows en Mar Del Plata, Buenos Aires y la costa atl\u00e1ntica.<\/p>\n\n\n\n<p>Actualmente Nahuel se encuentra presentando su nuevo EP \u201cCrisis Cassette\u201d. Este \u00e1lbum se encuentra lleno de referencias musicales de las bandas prominentes del pop de los 80 mezcladas con influencias de Synth Pop e Indie Pop como The 1975, The Midnight y El Zar entre otras. Esta amalgama se encuentra caracterizada principalmente en el nuevo single \u201cEn Esta Soledad\u201d.<\/p>\n","protected":false},"excerpt":{"rendered":"","protected":false},"author":5,"featured_media":13218,"comment_status":"open","ping_status":"open","sticky":false,"template":"","format":"standard","meta":{"om_disable_all_campaigns":false,"_uf_show_specific_survey":0,"_uf_disable_surveys":false,"footnotes":""},"categories":[4],"tags":[],"class_list":["post-13216","post","type-post","status-publish","format-standard","has-post-thumbnail","hentry","category-musica"],"_links":{"self":[{"href":"https:\/\/entrenotasyacordes.com\/index.php?rest_route=\/wp\/v2\/posts\/13216","targetHints":{"allow":["GET"]}}],"collection":[{"href":"https:\/\/entrenotasyacordes.com\/index.php?rest_route=\/wp\/v2\/posts"}],"about":[{"href":"https:\/\/entrenotasyacordes.com\/index.php?rest_route=\/wp\/v2\/types\/post"}],"author":[{"embeddable":true,"href":"https:\/\/entrenotasyacordes.com\/index.php?rest_route=\/wp\/v2\/users\/5"}],"replies":[{"embeddable":true,"href":"https:\/\/entrenotasyacordes.com\/index.php?rest_route=%2Fwp%2Fv2%2Fcomments&post=13216"}],"version-history":[{"count":1,"href":"https:\/\/entrenotasyacordes.com\/index.php?rest_route=\/wp\/v2\/posts\/13216\/revisions"}],"predecessor-version":[{"id":13219,"href":"https:\/\/entrenotasyacordes.com\/index.php?rest_route=\/wp\/v2\/posts\/13216\/revisions\/13219"}],"wp:featuredmedia":[{"embeddable":true,"href":"https:\/\/entrenotasyacordes.com\/index.php?rest_route=\/wp\/v2\/media\/13218"}],"wp:attachment":[{"href":"https:\/\/entrenotasyacordes.com\/index.php?rest_route=%2Fwp%2Fv2%2Fmedia&parent=13216"}],"wp:term":[{"taxonomy":"category","embeddable":true,"href":"https:\/\/entrenotasyacordes.com\/index.php?rest_route=%2Fwp%2Fv2%2Fcategories&post=13216"},{"taxonomy":"post_tag","embeddable":true,"href":"https:\/\/entrenotasyacordes.com\/index.php?rest_route=%2Fwp%2Fv2%2Ftags&post=13216"}],"curies":[{"name":"wp","href":"https:\/\/api.w.org\/{rel}","templated":true}]}}