{"id":13240,"date":"2024-12-11T23:26:48","date_gmt":"2024-12-11T23:26:48","guid":{"rendered":"https:\/\/entrenotasyacordes.com\/?p=13240"},"modified":"2024-12-11T23:26:49","modified_gmt":"2024-12-11T23:26:49","slug":"tiago-pzk-y-grupo-frontera-se-unen-para-dar-un-giro-norteno-a-mi-corazon","status":"publish","type":"post","link":"https:\/\/entrenotasyacordes.com\/?p=13240","title":{"rendered":"TIAGO PZK Y GRUPO FRONTERA SE UNEN PARA DAR UN GIRO NORTE\u00d1O A, \u201cMI CORAZ\u00d3N\u201d"},"content":{"rendered":"\n<!--more-->\n\n\n\n<p><strong>El fen\u00f3meno argentino presenta un sorprendente remix del \u00e9xito \u201cMi Coraz\u00f3n\u201d, invitando a la potente banda regional Grupo Frontera<\/strong><\/p>\n\n\n<div class=\"wp-block-image\">\n<figure class=\"aligncenter size-full\"><img loading=\"lazy\" decoding=\"async\" width=\"862\" height=\"862\" src=\"https:\/\/entrenotasyacordes.com\/wp-content\/uploads\/2024\/12\/5d.jpg\" alt=\"\" class=\"wp-image-13241\" srcset=\"https:\/\/entrenotasyacordes.com\/wp-content\/uploads\/2024\/12\/5d.jpg 862w, https:\/\/entrenotasyacordes.com\/wp-content\/uploads\/2024\/12\/5d-300x300.jpg 300w, https:\/\/entrenotasyacordes.com\/wp-content\/uploads\/2024\/12\/5d-150x150.jpg 150w, https:\/\/entrenotasyacordes.com\/wp-content\/uploads\/2024\/12\/5d-768x768.jpg 768w, https:\/\/entrenotasyacordes.com\/wp-content\/uploads\/2024\/12\/5d-50x50.jpg 50w\" sizes=\"auto, (max-width: 862px) 100vw, 862px\" \/><\/figure>\n<\/div>\n\n\n<p>\u201c<a href=\"https:\/\/www.youtube.com\/watch?v=3feGplfiR9M\"><strong><u>Mi Coraz\u00f3n<\/u><\/strong><\/a>\u201d<strong><em>, que apareci\u00f3 inicialmente a principios de este a\u00f1o en el reciente y exitoso \u00e1lbum de Tiago \u2018GOTTI A\u2019, acumul\u00f3 r\u00e1pidamente m\u00e1s de 17 millones de vistas en YouTube y se convirti\u00f3 instant\u00e1neamente en una de las canciones favoritas de los fans.<\/em><\/strong><\/p>\n\n\n\n<p>Hoy, el innovador fen\u00f3meno argentino <strong>Tiago PZK <\/strong>lanza una nueva y sorprendente joya regional titulada \u201c<strong>Mi Coraz\u00f3n<\/strong>\u201d, esta vez invitando a la poderosa banda de m\u00fasica mexicana, <strong>Grupo Frontera<\/strong>. \u201c<strong>Mi Coraz\u00f3n<\/strong>\u201d y su v\u00eddeo musical oficial ya est\u00e1n disponibles en todas las plataformas digitales<\/p>\n\n\n\n<figure class=\"wp-block-embed is-type-video is-provider-youtube wp-block-embed-youtube wp-embed-aspect-4-3 wp-has-aspect-ratio\"><div class=\"wp-block-embed__wrapper\">\n<div class=\"epyt-video-wrapper\"><iframe loading=\"lazy\"  id=\"_ytid_73854\"  width=\"640\" height=\"360\"  data-origwidth=\"640\" data-origheight=\"360\" src=\"https:\/\/www.youtube.com\/embed\/YKzYQbH2SWg?enablejsapi=1&#038;autoplay=0&#038;cc_load_policy=0&#038;cc_lang_pref=&#038;iv_load_policy=1&#038;loop=0&#038;rel=1&#038;fs=1&#038;playsinline=0&#038;autohide=2&#038;theme=dark&#038;color=white&#038;controls=1&#038;\" class=\"__youtube_prefs__  epyt-is-override  no-lazyload\" data-vol=\"50\"  title=\"YouTube player\"  allow=\"fullscreen; accelerometer; autoplay; clipboard-write; encrypted-media; gyroscope; picture-in-picture; web-share\" referrerpolicy=\"strict-origin-when-cross-origin\" allowfullscreen data-no-lazy=\"1\" data-skipgform_ajax_framebjll=\"\"><\/iframe><\/div>\n<\/div><\/figure>\n\n\n\n<p>En el apasionado tema, <strong>Tiago PZK <\/strong>se muestra especialmente vulnerable, escribiendo una historia de amor sobre una enso\u00f1adora instrumental inspirada en la m\u00fasica cumbia. Entre melod\u00edas ac\u00fasticas melanc\u00f3licas y temas de amor no correspondido, \u201c<strong>Mi Coraz\u00f3n<\/strong>\u201d es un testimonio m\u00e1s de la capacidad innata del artista argentino para mutar en cualquier g\u00e9nero sin perder nunca de vista su esencia. \u201c<strong>Mi Coraz\u00f3n<\/strong>\u201d se completa con la emotiva actuaci\u00f3n de <strong>Tiago PZK <\/strong>y <strong>Grupo Frontera<\/strong>, convirti\u00e9ndose instant\u00e1neamente en un hipn\u00f3tico himno de desamor que promete cautivar a audiencias en todo el mundo.<\/p>\n\n\n\n<p>\u201c<strong>Mi Coraz\u00f3n<\/strong>\u201d llega con el acompa\u00f1amiento visual perfecto, siguiendo a los artistas mientras suben a un tren vac\u00edo y expresan lo que se siente al alejarse de una relaci\u00f3n que ya no existe. Grabado con matices c\u00e1lidos y una lente cinematogr\u00e1fica, \u201c<strong>Mi Coraz\u00f3n<\/strong>\u201d mantiene un aspecto minimalista y elegante mientras Tiago y el Grupo Frontera cantan: <em>\u201cAy mi coraz\u00f3n \/ Siempre que peleamos te vas \/ Esta vez no pienso ir detr\u00e1s \/ Bebe, ya me cans\u00e9, ya no me quedan m\u00e1s l\u00e1grimas\u201d<\/em>. El v\u00eddeo fue dirigido por <strong>Martin Seipel <\/strong>y rodado en Miami, Florida.<\/p>\n\n\n<div class=\"wp-block-image\">\n<figure class=\"aligncenter size-full\"><img loading=\"lazy\" decoding=\"async\" width=\"1003\" height=\"669\" src=\"https:\/\/entrenotasyacordes.com\/wp-content\/uploads\/2024\/12\/5dd.jpg\" alt=\"\" class=\"wp-image-13242\" srcset=\"https:\/\/entrenotasyacordes.com\/wp-content\/uploads\/2024\/12\/5dd.jpg 1003w, https:\/\/entrenotasyacordes.com\/wp-content\/uploads\/2024\/12\/5dd-300x200.jpg 300w, https:\/\/entrenotasyacordes.com\/wp-content\/uploads\/2024\/12\/5dd-768x512.jpg 768w\" sizes=\"auto, (max-width: 1003px) 100vw, 1003px\" \/><\/figure>\n<\/div>\n\n\n<p class=\"has-text-align-left\">\u201c<a href=\"https:\/\/www.youtube.com\/watch?v=3feGplfiR9M\"><strong><u>Mi Coraz\u00f3n<\/u><\/strong><\/a>\u201d , que apareci\u00f3 inicialmente a principios de este a\u00f1o en el reciente y exitoso \u00e1lbum de Tiago \u2018<strong>GOTTI A<\/strong>\u2019, acumul\u00f3 r\u00e1pidamente m\u00e1s de 17 millones de vistas en YouTube y se convirti\u00f3 instant\u00e1neamente en una de las canciones favoritas de los fans. Aunque comparte el mismo nombre, esta sorprendente versi\u00f3n alternativa nunca antes escuchada de \u201c<strong>Mi Coraz\u00f3n<\/strong>\u201d muestra a Tiago bajo una nueva luz \u2013 reimaginando el desamor a trav\u00e9s de los hipnotizantes sonidos de la m\u00fasica mexicana \u2013 y qui\u00e9n mejor para dar vida a esta visi\u00f3n que Grupo Frontera.<\/p>\n\n\n\n<p class=\"has-text-align-left\">\u201c<strong>Mi Coraz\u00f3n<\/strong>\u201d llega tras unas semanas emocionantes para Tiago, despu\u00e9s de una actuaci\u00f3n espectacular en el renombrado <strong>Coca-Cola Flow Fest <\/strong>en la <strong>Ciudad de M\u00e9xico<\/strong>. El tema sigue al impactante lanzamiento de \u201c<a href=\"https:\/\/www.youtube.com\/watch?v=ADvBEA4f1Q8\"><strong><u>Mi Cuarto<\/u><\/strong><\/a>\u201d con <strong>Rels B<\/strong>. \u201cMii Cuarto\u201d marc\u00f3 el primer adelanto de la pr\u00f3xima producci\u00f3n de Tiago \u2018<strong>Gotti B<\/strong>\u2019, y desde entonces ha acumulado m\u00e1s de 2.2 millones de vistas en YouTube.<\/p>\n\n\n\n<p>Adem\u00e1s, Tiago PZK ha revelado las esperadas fechas de su pr\u00f3ximo \u201c<strong>GOTTI A TOUR<\/strong>\u201d, que est\u00e1 previsto para la primavera de 2025. Tiago est\u00e1 trabajando actualmente en una nueva producci\u00f3n musical que acompa\u00f1ar\u00e1 a la gira. <em>Consulta las fechas de la gira a continuaci\u00f3n<\/em>.<\/p>\n\n\n\n<p>2024 se ha convertido sin duda en un a\u00f1o decisivo para la polifac\u00e9tica sensaci\u00f3n, que debut\u00f3 en los <strong>MTV Video Music Awards <\/strong>con una impactante interpretaci\u00f3n de \u201c<a href=\"https:\/\/www.youtube.com\/watch?v=6-YPVUgAO3I\"><strong><u>Alegr\u00eda<\/u><\/strong><\/a>\u201d. Junto a la sensaci\u00f3n mundial <strong>Anitta<\/strong>, Tiago ha marcado un antes y un despu\u00e9s como el primer int\u00e9rprete argentino en la historia de los VMA. El debut de Tiago en la prestigiosa ceremonia de premios llega tras el revolucionario \u00e9xito de su m\u00e1s reciente \u00e1lbum de estudio, \u2018<strong>GOTTI A<\/strong>\u2019. El tema destacado, \u201cAlegr\u00eda\u201d, ha acumulado m\u00e1s de 58 millones de vistas en YouTube y m\u00e1s de 80 millones de reproducciones en Spotify desde su lanzamiento.<\/p>\n\n\n\n<p class=\"has-text-align-center\"><strong>Fechas \u201cGOTTI A TOUR\u201d 2025<\/strong><\/p>\n\n\n\n<p>14 de febrero | Madrid, Espa\u00f1a<br>16 de febrero | Barcelona, Espa\u00f1a <br>24 de abril | Guatemala<br>25 de abril | San Salvador, El Salvador <br>26 de abril | San Jos\u00e9, Costa Rica<br>30 de abril | Lima, Per\u00fa<br>10 de mayo | Buenos Aires, Argentina <br>16 de mayo | Quito, Ecuador<br>18 de mayo | Santiago, Chile <br>4 de junio | Torreon, Mexico<br>6 de junio | Quer\u00e9taro, M\u00e9xico<br>7 de junio | San Luis Potos\u00ed, M\u00e9xico<br>9 de junio | M\u00e9rida, M\u00e9xico<br>11 de junio | Monterrey, M\u00e9xico <br>13 de junio | CDMX, M\u00e9xico<br>14 de junio | Le\u00f3n, M\u00e9xico <br>18 de junio | Chicago, USA <br>21 de junio | Brooklyn, USA<br>22 de junio | Philadelphia, USA <br>26 de junio | Washington, USA <br>29 de junio | Nashville, USA<br>27 de junio | Charlotte, USA <br>28 de junio | Atlanta, USA<br>1 de julio | Orlando, USA <br>2 de julio | Miami, USA<br>5 de julio | Houston, USA<br>6 de julio | Dallas, USA <br>8 de julio | El Paso, USA<br>9 de julio | Phoenix, USA<br>10 de julio | Los \u00c1ngeles, USA<\/p>\n","protected":false},"excerpt":{"rendered":"","protected":false},"author":5,"featured_media":13241,"comment_status":"open","ping_status":"open","sticky":false,"template":"","format":"standard","meta":{"om_disable_all_campaigns":false,"_uf_show_specific_survey":0,"_uf_disable_surveys":false,"footnotes":""},"categories":[4],"tags":[],"class_list":["post-13240","post","type-post","status-publish","format-standard","has-post-thumbnail","hentry","category-musica"],"_links":{"self":[{"href":"https:\/\/entrenotasyacordes.com\/index.php?rest_route=\/wp\/v2\/posts\/13240","targetHints":{"allow":["GET"]}}],"collection":[{"href":"https:\/\/entrenotasyacordes.com\/index.php?rest_route=\/wp\/v2\/posts"}],"about":[{"href":"https:\/\/entrenotasyacordes.com\/index.php?rest_route=\/wp\/v2\/types\/post"}],"author":[{"embeddable":true,"href":"https:\/\/entrenotasyacordes.com\/index.php?rest_route=\/wp\/v2\/users\/5"}],"replies":[{"embeddable":true,"href":"https:\/\/entrenotasyacordes.com\/index.php?rest_route=%2Fwp%2Fv2%2Fcomments&post=13240"}],"version-history":[{"count":1,"href":"https:\/\/entrenotasyacordes.com\/index.php?rest_route=\/wp\/v2\/posts\/13240\/revisions"}],"predecessor-version":[{"id":13243,"href":"https:\/\/entrenotasyacordes.com\/index.php?rest_route=\/wp\/v2\/posts\/13240\/revisions\/13243"}],"wp:featuredmedia":[{"embeddable":true,"href":"https:\/\/entrenotasyacordes.com\/index.php?rest_route=\/wp\/v2\/media\/13241"}],"wp:attachment":[{"href":"https:\/\/entrenotasyacordes.com\/index.php?rest_route=%2Fwp%2Fv2%2Fmedia&parent=13240"}],"wp:term":[{"taxonomy":"category","embeddable":true,"href":"https:\/\/entrenotasyacordes.com\/index.php?rest_route=%2Fwp%2Fv2%2Fcategories&post=13240"},{"taxonomy":"post_tag","embeddable":true,"href":"https:\/\/entrenotasyacordes.com\/index.php?rest_route=%2Fwp%2Fv2%2Ftags&post=13240"}],"curies":[{"name":"wp","href":"https:\/\/api.w.org\/{rel}","templated":true}]}}