{"id":13252,"date":"2024-12-19T21:25:03","date_gmt":"2024-12-19T21:25:03","guid":{"rendered":"https:\/\/entrenotasyacordes.com\/?p=13252"},"modified":"2024-12-19T21:25:04","modified_gmt":"2024-12-19T21:25:04","slug":"bacilos-5-de-febrero-en-el-teatro-gran-rivadavia","status":"publish","type":"post","link":"https:\/\/entrenotasyacordes.com\/?p=13252","title":{"rendered":"BACILOS: 5 DE FEBRERO EN EL TEATRO GRAN RIVADAVIA"},"content":{"rendered":"\n<!--more-->\n\n\n\n<p class=\"has-text-align-center\"><strong>UN REENCUENTRO INOLVIDABLE \u00a0EN ARGENTINA<\/strong>: <br><strong>\u00abPEQUE\u00d1OS ROMANCES TOUR\u00bb<\/strong><\/p>\n\n\n<div class=\"wp-block-image\">\n<figure class=\"aligncenter size-full is-resized\"><img loading=\"lazy\" decoding=\"async\" width=\"1600\" height=\"1600\" src=\"https:\/\/entrenotasyacordes.com\/wp-content\/uploads\/2024\/12\/6a.jpg\" alt=\"\" class=\"wp-image-13254\" style=\"width:599px;height:auto\" srcset=\"https:\/\/entrenotasyacordes.com\/wp-content\/uploads\/2024\/12\/6a.jpg 1600w, https:\/\/entrenotasyacordes.com\/wp-content\/uploads\/2024\/12\/6a-300x300.jpg 300w, https:\/\/entrenotasyacordes.com\/wp-content\/uploads\/2024\/12\/6a-1024x1024.jpg 1024w, https:\/\/entrenotasyacordes.com\/wp-content\/uploads\/2024\/12\/6a-150x150.jpg 150w, https:\/\/entrenotasyacordes.com\/wp-content\/uploads\/2024\/12\/6a-768x768.jpg 768w, https:\/\/entrenotasyacordes.com\/wp-content\/uploads\/2024\/12\/6a-1536x1536.jpg 1536w, https:\/\/entrenotasyacordes.com\/wp-content\/uploads\/2024\/12\/6a-50x50.jpg 50w\" sizes=\"auto, (max-width: 1600px) 100vw, 1600px\" \/><\/figure>\n<\/div>\n\n\n<p class=\"has-text-align-left\">La ic\u00f3nica agrupaci\u00f3n latina BACILOS, ganadora de un Grammy y cinco Latin Grammy, regresa a la Argentina con un concierto \u00fanico que promete ser inolvidable. La cita es el pr\u00f3ximo 3 de febrero de 2025 en el prestigioso Teatro Gran Rivadavia.<\/p>\n\n\n\n<p>Formada por Jorge Villamizar y Andr\u00e9 Lopes, BACILOS contin\u00faa cautivando al p\u00fablico de todas las generaciones con sus himnos atemporales como \u201cCaraluna\u201d, \u201cMi Primer Mill\u00f3n\u201d y \u201cTabaco y Chanel\u201d. La banda llega a Buenos Aires en medio de la celebraci\u00f3n de su m\u00e1s reciente trabajo discogr\u00e1fico, Peque\u00f1os Romances, un \u00e1lbum cargado de frescura y nostalgia, del que se desprenden \u00e9xitos como \u201cAnoche\u201d y \u201cEnredadera\u201d, canciones que han reafirmado la conexi\u00f3n \u00fanica de BACILOS con sus fans.<\/p>\n\n\n\n<p>Con m\u00e1s de 1.3 billones de reproducciones en Spotify y 400 millones de vistas en YouTube, la m\u00fasica de BACILOS trasciende generaciones y fronteras. Su reciente gira por Estados Unidos, M\u00e9xico, Colombia y Espa\u00f1a fue un rotundo \u00e9xito, logrando sold outs en ciudades ic\u00f3nicas como Ciudad de M\u00e9xico y Barcelona.<\/p>\n\n\n\n<p>Este concierto ser\u00e1 una oportunidad imperdible para disfrutar en vivo de una banda que sigue marcando la historia de la m\u00fasica latina con su talento y esencia inconfundibles.<\/p>\n","protected":false},"excerpt":{"rendered":"","protected":false},"author":5,"featured_media":13254,"comment_status":"open","ping_status":"open","sticky":false,"template":"","format":"standard","meta":{"om_disable_all_campaigns":false,"_uf_show_specific_survey":0,"_uf_disable_surveys":false,"footnotes":""},"categories":[36],"tags":[],"class_list":["post-13252","post","type-post","status-publish","format-standard","has-post-thumbnail","hentry","category-conciertos"],"_links":{"self":[{"href":"https:\/\/entrenotasyacordes.com\/index.php?rest_route=\/wp\/v2\/posts\/13252","targetHints":{"allow":["GET"]}}],"collection":[{"href":"https:\/\/entrenotasyacordes.com\/index.php?rest_route=\/wp\/v2\/posts"}],"about":[{"href":"https:\/\/entrenotasyacordes.com\/index.php?rest_route=\/wp\/v2\/types\/post"}],"author":[{"embeddable":true,"href":"https:\/\/entrenotasyacordes.com\/index.php?rest_route=\/wp\/v2\/users\/5"}],"replies":[{"embeddable":true,"href":"https:\/\/entrenotasyacordes.com\/index.php?rest_route=%2Fwp%2Fv2%2Fcomments&post=13252"}],"version-history":[{"count":1,"href":"https:\/\/entrenotasyacordes.com\/index.php?rest_route=\/wp\/v2\/posts\/13252\/revisions"}],"predecessor-version":[{"id":13255,"href":"https:\/\/entrenotasyacordes.com\/index.php?rest_route=\/wp\/v2\/posts\/13252\/revisions\/13255"}],"wp:featuredmedia":[{"embeddable":true,"href":"https:\/\/entrenotasyacordes.com\/index.php?rest_route=\/wp\/v2\/media\/13254"}],"wp:attachment":[{"href":"https:\/\/entrenotasyacordes.com\/index.php?rest_route=%2Fwp%2Fv2%2Fmedia&parent=13252"}],"wp:term":[{"taxonomy":"category","embeddable":true,"href":"https:\/\/entrenotasyacordes.com\/index.php?rest_route=%2Fwp%2Fv2%2Fcategories&post=13252"},{"taxonomy":"post_tag","embeddable":true,"href":"https:\/\/entrenotasyacordes.com\/index.php?rest_route=%2Fwp%2Fv2%2Ftags&post=13252"}],"curies":[{"name":"wp","href":"https:\/\/api.w.org\/{rel}","templated":true}]}}