{"id":13256,"date":"2024-12-19T21:27:36","date_gmt":"2024-12-19T21:27:36","guid":{"rendered":"https:\/\/entrenotasyacordes.com\/?p=13256"},"modified":"2024-12-19T21:27:37","modified_gmt":"2024-12-19T21:27:37","slug":"twenty-one-pilots-anuncia-segunda-fecha-en-argentina-28-de-enero-movistar-arena","status":"publish","type":"post","link":"https:\/\/entrenotasyacordes.com\/?p=13256","title":{"rendered":"TWENTY ONE PILOTS anuncia segunda fecha en Argentina | 28 de enero &#8211; Movistar Arena"},"content":{"rendered":"\n<!--more-->\n\n\n\n<p class=\"has-text-align-center\"><strong>POR \u00c9XITO ABSOLUTO \u00a1NUEVA Y \u00daLTIMA FECHA EN BUENOS AIRES!<\/strong><\/p>\n\n\n\n<p class=\"has-text-align-center\"><s><strong>29 DE ENERO \/ MOVISTAR ARENA &#8211; AGOTADO<\/strong><\/s><br><strong>28 DE ENERO \/ MOVISTAR ARENA &#8211;\u00a0\u00a1NUEVA FECHA!<\/strong><\/p>\n\n\n\n<p>ENTRADAS DISPONIBLES A TRAV\u00c9S DE\u00a0<a href=\"https:\/\/instagramc.tr.pemsv30.net\/c\/eyJhIjoiaW5zdGFncmFtYyIsIm0iOiJtYWlsX2NtNGszMXhraHZxc3YwODY0cjdpZHl5OTYiLCJsIjoibGlua19jYmZkMzcwMDQ1NmJmZWVhMWEyNzc5OTRlMTJjMWMyNDQ0OWFiYjBlXzA5NGU3ZiIsImkiOltdLCJ1IjoiaHR0cDovL21vdmlzdGFyYXJlbmEuY29tLmFyP3V0bV9zb3VyY2U9cGVyZml0JnV0bV9tZWRpdW09ZW1haWwmdXRtX2NhbXBhaWduPVRXRU5UWSUyME9ORSUyMFBJTE9UUyUyMCU3QyUyMFNFR1VOREElMjBGRUNIQSIsImMiOiIiLCJoIjoiMjliODlhIn0\" target=\"_blank\" rel=\"noreferrer noopener\">MOVISTARARENA.COM.AR\u00a0<\/a>\u00a0DESDE EL 13 DE DICIEMBRE A LAS 10:00 HORAS CON TODOS LOS MEDIOS DE PAGO.<\/p>\n\n\n<div class=\"wp-block-image\">\n<figure class=\"aligncenter size-full is-resized\"><img loading=\"lazy\" decoding=\"async\" width=\"1080\" height=\"1350\" src=\"https:\/\/entrenotasyacordes.com\/wp-content\/uploads\/2024\/12\/6aa.png\" alt=\"\" class=\"wp-image-13257\" style=\"width:599px;height:auto\" srcset=\"https:\/\/entrenotasyacordes.com\/wp-content\/uploads\/2024\/12\/6aa.png 1080w, https:\/\/entrenotasyacordes.com\/wp-content\/uploads\/2024\/12\/6aa-240x300.png 240w, https:\/\/entrenotasyacordes.com\/wp-content\/uploads\/2024\/12\/6aa-819x1024.png 819w, https:\/\/entrenotasyacordes.com\/wp-content\/uploads\/2024\/12\/6aa-768x960.png 768w, https:\/\/entrenotasyacordes.com\/wp-content\/uploads\/2024\/12\/6aa-1024x1280.png 1024w\" sizes=\"auto, (max-width: 1080px) 100vw, 1080px\" \/><\/figure>\n<\/div>\n\n\n<p class=\"has-text-align-left\">El pasado mes de mayo, la noticia de la llegada del&nbsp;<em>\u201cThe Clancy World Tour\u201d<\/em>&nbsp;a la Argentina con producci\u00f3n de&nbsp;<strong>DF Entertainment<\/strong>&nbsp;revolucion\u00f3 a los fan\u00e1ticos de Twenty One Pilots, que agotaron las entradas para la cita del 29 de enero tiempo record. Tras meses de espera,&nbsp;<strong>el d\u00fao oriundo de Ohio suma una segunda y \u00faltima presentaci\u00f3n en Buenos Aires, el 28 de enero de 2025, tambi\u00e9n en el Movistar Arena.<\/strong><\/p>\n\n\n\n<p class=\"has-text-align-left\">Las\u00a0<strong>entradas se podr\u00e1n adquirir en una instancia de venta general con todos los medios de pago desde el 13 de diciembre a las 10:00 horas, \u00fanicamente a trav\u00e9s de\u00a0<a href=\"https:\/\/instagramc.tr.pemsv30.net\/c\/eyJhIjoiaW5zdGFncmFtYyIsIm0iOiJtYWlsX2NtNGszMXhraHZxc3YwODY0cjdpZHl5OTYiLCJsIjoibGlua19jYmZkMzcwMDQ1NmJmZWVhMWEyNzc5OTRlMTJjMWMyNDQ0OWFiYjBlXzU5OGZlNyIsImkiOltdLCJ1IjoiaHR0cDovL21vdmlzdGFyYXJlbmEuY29tLmFyP3V0bV9zb3VyY2U9cGVyZml0JnV0bV9tZWRpdW09ZW1haWwmdXRtX2NhbXBhaWduPVRXRU5UWSUyME9ORSUyMFBJTE9UUyUyMCU3QyUyMFNFR1VOREElMjBGRUNIQSIsImMiOiIiLCJoIjoiOTk2YWU2In0\" target=\"_blank\" rel=\"noreferrer noopener\">movistararena.com.ar<\/a><\/strong>. Los clientes Santander American Express contar\u00e1n con la posibilidad de comprar las entradas en hasta 6 cuotas sin inter\u00e9s. Los clientes Santander American Express contar\u00e1n con la posibilidad de comprar las entradas en hasta 6 cuotas sin inter\u00e9s.<br><br><em>CLANCY<\/em>\u00a0y su tour mundial hom\u00f3nimo marcan el cap\u00edtulo final de una ambiciosa narrativa de varios \u00e1lbumes introducida por primera vez por la banda con su disco conceptual, Blurryface en 2015. Esta\u00a0<a href=\"https:\/\/instagramc.tr.pemsv30.net\/c\/eyJhIjoiaW5zdGFncmFtYyIsIm0iOiJtYWlsX2NtNGszMXhraHZxc3YwODY0cjdpZHl5OTYiLCJsIjoibGlua18wZGQxZDIzNTFiMzEyOTA4MmJlMGU5Y2JhNWUzZGIwYTRkNWE2ODVmX2I1ZDAzZSIsImkiOltdLCJ1IjoiaHR0cDovL3d3dy50d2VudHlvbmVwaWxvdHMuY29tL3RvdXIuP3V0bV9zb3VyY2U9cGVyZml0JnV0bV9tZWRpdW09ZW1haWwmdXRtX2NhbXBhaWduPVRXRU5UWSUyME9ORSUyMFBJTE9UUyUyMCU3QyUyMFNFR1VOREElMjBGRUNIQSIsImMiOiIiLCJoIjoiY2JlMzEzIn0\" target=\"_blank\" rel=\"noreferrer noopener\">gira \u00e9pica<\/a>\u00a0comenz\u00f3 el 15 de agosto en Denver, y los encontrar\u00e1 en escenarios de Am\u00e9rica del Norte, Nueva Zelanda, Australia, Europa y Am\u00e9rica Latina, ser\u00e1\u00a0<strong>la primera vez que trae a Twenty One Pilots a Argentina encabezando una gira propia<\/strong>\u00a0para deleitar a su\u00a0<em>clique argentina<\/em>\u00a0con un viaje a trav\u00e9s de todos sus \u00e9xitos caracterizados por sus sonidos diferentes, oscuros y r\u00edtmicos.<br><br>Con m\u00e1s de\u00a0<strong>33 mil millones de streams en todo el mundo<\/strong>, Twenty One Pilots es una de las bandas m\u00e1s importantes de los \u00faltimos quince a\u00f1os. Este show los encuentra en un momento de plena madurez, presentando la \u00faltima evoluci\u00f3n de su sonido siempre mutante y a la vez siempre fiel a s\u00ed mismo.\u00a0<\/p>\n","protected":false},"excerpt":{"rendered":"","protected":false},"author":5,"featured_media":13257,"comment_status":"open","ping_status":"open","sticky":false,"template":"","format":"standard","meta":{"om_disable_all_campaigns":false,"_uf_show_specific_survey":0,"_uf_disable_surveys":false,"footnotes":""},"categories":[36],"tags":[],"class_list":["post-13256","post","type-post","status-publish","format-standard","has-post-thumbnail","hentry","category-conciertos"],"_links":{"self":[{"href":"https:\/\/entrenotasyacordes.com\/index.php?rest_route=\/wp\/v2\/posts\/13256","targetHints":{"allow":["GET"]}}],"collection":[{"href":"https:\/\/entrenotasyacordes.com\/index.php?rest_route=\/wp\/v2\/posts"}],"about":[{"href":"https:\/\/entrenotasyacordes.com\/index.php?rest_route=\/wp\/v2\/types\/post"}],"author":[{"embeddable":true,"href":"https:\/\/entrenotasyacordes.com\/index.php?rest_route=\/wp\/v2\/users\/5"}],"replies":[{"embeddable":true,"href":"https:\/\/entrenotasyacordes.com\/index.php?rest_route=%2Fwp%2Fv2%2Fcomments&post=13256"}],"version-history":[{"count":1,"href":"https:\/\/entrenotasyacordes.com\/index.php?rest_route=\/wp\/v2\/posts\/13256\/revisions"}],"predecessor-version":[{"id":13258,"href":"https:\/\/entrenotasyacordes.com\/index.php?rest_route=\/wp\/v2\/posts\/13256\/revisions\/13258"}],"wp:featuredmedia":[{"embeddable":true,"href":"https:\/\/entrenotasyacordes.com\/index.php?rest_route=\/wp\/v2\/media\/13257"}],"wp:attachment":[{"href":"https:\/\/entrenotasyacordes.com\/index.php?rest_route=%2Fwp%2Fv2%2Fmedia&parent=13256"}],"wp:term":[{"taxonomy":"category","embeddable":true,"href":"https:\/\/entrenotasyacordes.com\/index.php?rest_route=%2Fwp%2Fv2%2Fcategories&post=13256"},{"taxonomy":"post_tag","embeddable":true,"href":"https:\/\/entrenotasyacordes.com\/index.php?rest_route=%2Fwp%2Fv2%2Ftags&post=13256"}],"curies":[{"name":"wp","href":"https:\/\/api.w.org\/{rel}","templated":true}]}}