{"id":13259,"date":"2024-12-19T21:31:13","date_gmt":"2024-12-19T21:31:13","guid":{"rendered":"https:\/\/entrenotasyacordes.com\/?p=13259"},"modified":"2024-12-19T21:31:14","modified_gmt":"2024-12-19T21:31:14","slug":"gian-marco-regresa-a-buenos-aires-9-de-marzo-en-el-teatro-opera","status":"publish","type":"post","link":"https:\/\/entrenotasyacordes.com\/?p=13259","title":{"rendered":"GIAN MARCO REGRESA A BUENOS AIRES 9 DE MARZO EN EL TEATRO OPERA"},"content":{"rendered":"\n<!--more-->\n\n\n<div class=\"wp-block-image\">\n<figure class=\"aligncenter size-full is-resized\"><img loading=\"lazy\" decoding=\"async\" width=\"900\" height=\"900\" src=\"https:\/\/entrenotasyacordes.com\/wp-content\/uploads\/2024\/12\/6aaa.jpg\" alt=\"\" class=\"wp-image-13260\" style=\"width:599px;height:auto\" srcset=\"https:\/\/entrenotasyacordes.com\/wp-content\/uploads\/2024\/12\/6aaa.jpg 900w, https:\/\/entrenotasyacordes.com\/wp-content\/uploads\/2024\/12\/6aaa-300x300.jpg 300w, https:\/\/entrenotasyacordes.com\/wp-content\/uploads\/2024\/12\/6aaa-150x150.jpg 150w, https:\/\/entrenotasyacordes.com\/wp-content\/uploads\/2024\/12\/6aaa-768x768.jpg 768w, https:\/\/entrenotasyacordes.com\/wp-content\/uploads\/2024\/12\/6aaa-50x50.jpg 50w\" sizes=\"auto, (max-width: 900px) 100vw, 900px\" \/><\/figure>\n<\/div>\n\n\n<p class=\"has-text-align-center\"><strong>Entradas a la venta por sistema Ticketek,\u00a0<a href=\"https:\/\/mkprensa.mailrelay-iv.es\/c\/ore536\/-oodgyvr\/kj0oo5lxt98\">compra tus entradas tocando ac\u00e1<\/a><\/strong><\/p>\n\n\n\n<p class=\"has-text-align-left\"><strong>Gian Marco<\/strong>\u00a0anuncia su regreso\u00a0a la Argentina\u00a0como parte de su gira mundial para presentar su\u00a0d\u00e9cimo\u00a0s\u00e9ptimo\u00a0\u00e1lbum\u00a0<em>\u201cA\u00fan\u00a0me\u00a0sigo\u00a0encontrando<\/em>\u201d. El domingo 9 de marzo de 2025 ser\u00e1 el encuentro con su p\u00fablico porte\u00f1o en el Teatro Opera de Buenos Aires y las entradas ya se encuentran a la venta a trav\u00e9s del sistema Ticketek.<\/p>\n\n\n\n<p class=\"has-text-align-left\">El cantautor peruano<strong>\u00a0Gian Marco<\/strong>, ganador en tres ocasiones del Latin Grammy, nos presenta\u00a0<em>\u201cA\u00fan me sigo encontrando\u201d<\/em>, un disco que ofrece una impresionante fusi\u00f3n de ritmos diversos como la salsa, el pop latino y la balada rom\u00e1ntica, con l\u00edricas profundas y nost\u00e1lgicas. Destacan temas como A\u00fan me sigo encontrando, junto a Rub\u00e9n Blades, en el que habla de su renacer y la fusi\u00f3n tropical y alegre de Contigo hasta el final junto a Mike Bah\u00eda. Tambi\u00e9n resalta la revoluci\u00f3n de la salsa de No es amor, junto a Daniela Darcourt.<\/p>\n\n\n\n<p class=\"has-text-align-left\"><strong>Gian Marco<\/strong>&nbsp;tambi\u00e9n presenta&nbsp;<em>\u201c<\/em><em>Dicen<\/em><em>&nbsp;e<\/em><em>n&nbsp;<\/em><em>m<\/em><em>i&nbsp;<\/em><em>b<\/em><em>arrio<\/em><em>\u201d<\/em>&nbsp;en compa\u00f1\u00eda del nicarag\u00fcense Luis Enrique y el m\u00fasico colombiano Gusi, quienes tambi\u00e9n fungieron de coautores en&nbsp;esta fusi\u00f3n&nbsp;salsa, as\u00ed como&nbsp;<em>\u201c<\/em><em>T\u00fa<\/em><em>\u201d<\/em>&nbsp;a d\u00fao con Catalina Garc\u00eda&nbsp;de la&nbsp;banda&nbsp;Monsieur Perin\u00e9&nbsp;la balada&nbsp;<em>\u201c<\/em><em>Ojos&nbsp;<\/em><em>q<\/em><em>ue&nbsp;<\/em><em>n<\/em><em>o&nbsp;<\/em><em>v<\/em><em>en<\/em><em>\u201d<\/em><em>,<\/em>&nbsp;con la participaci\u00f3n del mexicano Leonel Garc\u00eda de&nbsp;Sin Bandera, entre otros.<\/p>\n\n\n\n<p><strong>Acerca de Gian Marco<\/strong><\/p>\n\n\n\n<p class=\"has-text-align-left\">Cuenta con m\u00e1s de 30 a\u00f1os de carrera, poseedor de una de las carreras m\u00e1s prol\u00edficas como cantautor y compositor. Prueba de ello son el sinn\u00famero de premios y galardones a los que se ha hecho acreedor, entre ellos los tres premios Grammy al \u00abMejor \u00c1lbum Cantautor\u00bb en los a\u00f1os 2005 (Resucitar), 2011 (D\u00edas Nuevos) y 2012 (20 A\u00f1os). Sumado a esto, se encuentran 12 nominaciones adicionales y el nombramiento como \u201cEmbajador de Buena Voluntad\u201d del Fondo de las Naciones Unidas para la Infancia (UNICEF).<br><br>Gian Marco ha logrado conquistar corazones, demostrado en la venta de m\u00e1s de miles de copias de cada uno de sus 17 \u00e1lbumes, obteniendo en su mayor\u00eda discos de oro y platino en diversos pa\u00edses de habla hispana. Las canciones de este vers\u00e1til artista han sido interpretadas por grandes figuras internacionales y ha compuesto grandes e inolvidables temas para algunos de ellos, como Gloria Estefan, Alejandro Fern\u00e1ndez, Marc Anthony, Diego Torres, Mandy Moore, &nbsp;Carlos Rivera, Emmanuel, Manuel Mijares, Pandora, Paulina Rubio, entre otros. Sin duda, un trovador con la magia para transformar historias cotidianas en canciones eternas.&nbsp;<\/p>\n","protected":false},"excerpt":{"rendered":"","protected":false},"author":5,"featured_media":13260,"comment_status":"open","ping_status":"open","sticky":false,"template":"","format":"standard","meta":{"om_disable_all_campaigns":false,"_uf_show_specific_survey":0,"_uf_disable_surveys":false,"footnotes":""},"categories":[36],"tags":[],"class_list":["post-13259","post","type-post","status-publish","format-standard","has-post-thumbnail","hentry","category-conciertos"],"_links":{"self":[{"href":"https:\/\/entrenotasyacordes.com\/index.php?rest_route=\/wp\/v2\/posts\/13259","targetHints":{"allow":["GET"]}}],"collection":[{"href":"https:\/\/entrenotasyacordes.com\/index.php?rest_route=\/wp\/v2\/posts"}],"about":[{"href":"https:\/\/entrenotasyacordes.com\/index.php?rest_route=\/wp\/v2\/types\/post"}],"author":[{"embeddable":true,"href":"https:\/\/entrenotasyacordes.com\/index.php?rest_route=\/wp\/v2\/users\/5"}],"replies":[{"embeddable":true,"href":"https:\/\/entrenotasyacordes.com\/index.php?rest_route=%2Fwp%2Fv2%2Fcomments&post=13259"}],"version-history":[{"count":1,"href":"https:\/\/entrenotasyacordes.com\/index.php?rest_route=\/wp\/v2\/posts\/13259\/revisions"}],"predecessor-version":[{"id":13261,"href":"https:\/\/entrenotasyacordes.com\/index.php?rest_route=\/wp\/v2\/posts\/13259\/revisions\/13261"}],"wp:featuredmedia":[{"embeddable":true,"href":"https:\/\/entrenotasyacordes.com\/index.php?rest_route=\/wp\/v2\/media\/13260"}],"wp:attachment":[{"href":"https:\/\/entrenotasyacordes.com\/index.php?rest_route=%2Fwp%2Fv2%2Fmedia&parent=13259"}],"wp:term":[{"taxonomy":"category","embeddable":true,"href":"https:\/\/entrenotasyacordes.com\/index.php?rest_route=%2Fwp%2Fv2%2Fcategories&post=13259"},{"taxonomy":"post_tag","embeddable":true,"href":"https:\/\/entrenotasyacordes.com\/index.php?rest_route=%2Fwp%2Fv2%2Ftags&post=13259"}],"curies":[{"name":"wp","href":"https:\/\/api.w.org\/{rel}","templated":true}]}}