{"id":13262,"date":"2024-12-19T21:40:00","date_gmt":"2024-12-19T21:40:00","guid":{"rendered":"https:\/\/entrenotasyacordes.com\/?p=13262"},"modified":"2024-12-19T21:40:00","modified_gmt":"2024-12-19T21:40:00","slug":"caetano-y-bethania-lanzan-fe","status":"publish","type":"post","link":"https:\/\/entrenotasyacordes.com\/?p=13262","title":{"rendered":"CAETANO Y BETH\u00c2NIA LANZAN \u201cF\u00c9\u201d"},"content":{"rendered":"\n<!--more-->\n\n\n\n<p class=\"has-text-align-center\"><strong>DISPONIBLE EN PLATAFORMAS DIGITALES<\/strong><\/p>\n\n\n<div class=\"wp-block-image\">\n<figure class=\"aligncenter size-full is-resized\"><img loading=\"lazy\" decoding=\"async\" width=\"354\" height=\"354\" src=\"https:\/\/entrenotasyacordes.com\/wp-content\/uploads\/2024\/12\/6aaaa.jpg\" alt=\"\" class=\"wp-image-13263\" style=\"width:508px;height:auto\" srcset=\"https:\/\/entrenotasyacordes.com\/wp-content\/uploads\/2024\/12\/6aaaa.jpg 354w, https:\/\/entrenotasyacordes.com\/wp-content\/uploads\/2024\/12\/6aaaa-300x300.jpg 300w, https:\/\/entrenotasyacordes.com\/wp-content\/uploads\/2024\/12\/6aaaa-150x150.jpg 150w, https:\/\/entrenotasyacordes.com\/wp-content\/uploads\/2024\/12\/6aaaa-50x50.jpg 50w\" sizes=\"auto, (max-width: 354px) 100vw, 354px\" \/><\/figure>\n<\/div>\n\n\n<p>La fe de los brasile\u00f1os y brasile\u00f1as es un elemento esencial en la vida y obra de <strong>Caetano<\/strong> y <strong>Beth\u00e2nia<\/strong> y no pod\u00eda ser diferente dentro del repertorio de la gira <em>Caetano &amp; Beth\u00e2nia<\/em>, que est\u00e1 recorriendo las principales capitales de Brasil. Entre los puntos m\u00e1s altos del espect\u00e1culo, se destaca la canci\u00f3n <em>F\u00e9<\/em>, lanzada originalmente por la cantante brasile\u00f1a IZA en 2022. El single est\u00e1 disponible en todas las plataformas digitales, tanto en audio como en video.<br><br>La inclusi\u00f3n de la canci\u00f3n en el repertorio fue sugerida por Maria Beth\u00e2nia. \u201c<em>\u2018F\u00e9\u2019 ya me atrajo y cuando escuch\u00e9 la canci\u00f3n con esas palabras, esa trama, dije: es muy sentida, muy inteligente, buena y es la cara hoy en d\u00eda del mundo, de Brasil, de nosotros, de la m\u00fasica popular brasile\u00f1a. \u00a1Esto es lindo! Tom\u00e9 el tel\u00e9fono y llam\u00e9 a Caetano (esta conversaci\u00f3n sobre hacer el espect\u00e1culo estaba en una etapa muy inicial) y le dije: Caetano, si hacemos el espect\u00e1culo, hay una canci\u00f3n que quiero que se incluya, se llama \u2018F\u00e9\u2019, de IZA <\/em>\u201d, dice Beth\u00e2nia sobre la elecci\u00f3n.<\/p>\n\n\n\n<p>\u201c<em>Cuando Beth\u00e2nia comenz\u00f3 a hablarme de hacer estos espect\u00e1culos en estadios, en lugares grandes, me dijo: una cosa quiero decir desde el principio, tenemos que cantar \u2018F\u00e9\u2019, de IZA. Me sorprendi\u00f3 porque me encantaba, ni siquiera sab\u00eda que Beth\u00e2nia conoc\u00eda la canci\u00f3n. Acept\u00e9 de inmediato<\/em>\u201d, explica Caetano sobre la sugerencia de Beth\u00e2nia.<br><br>Adem\u00e1s del tema en versi\u00f3n de estudio, la canci\u00f3n tambi\u00e9n gan\u00f3 un clip con im\u00e1genes in\u00e9ditas de los bastidores del espect\u00e1culo de Belo Horizonte, Brasil, y tambi\u00e9n momentos memorables con los fan\u00e1ticos.<br><br>Los versos fuertes de la canci\u00f3n: \u201c<em>Fe para quienes son fuertes \/ Fe para quienes son incre\u00edbles \/ Fe para quienes no huyen de la lucha\u201d<\/em> ya fue visto y celebrado por IZA, que vio la presentaci\u00f3n en R\u00edo junto a Milton Nascimento, cuyas im\u00e1genes se pueden ver en el videoclip.<br><br><\/p>\n","protected":false},"excerpt":{"rendered":"","protected":false},"author":5,"featured_media":13263,"comment_status":"open","ping_status":"open","sticky":false,"template":"","format":"standard","meta":{"om_disable_all_campaigns":false,"_uf_show_specific_survey":0,"_uf_disable_surveys":false,"footnotes":""},"categories":[4],"tags":[],"class_list":["post-13262","post","type-post","status-publish","format-standard","has-post-thumbnail","hentry","category-musica"],"_links":{"self":[{"href":"https:\/\/entrenotasyacordes.com\/index.php?rest_route=\/wp\/v2\/posts\/13262","targetHints":{"allow":["GET"]}}],"collection":[{"href":"https:\/\/entrenotasyacordes.com\/index.php?rest_route=\/wp\/v2\/posts"}],"about":[{"href":"https:\/\/entrenotasyacordes.com\/index.php?rest_route=\/wp\/v2\/types\/post"}],"author":[{"embeddable":true,"href":"https:\/\/entrenotasyacordes.com\/index.php?rest_route=\/wp\/v2\/users\/5"}],"replies":[{"embeddable":true,"href":"https:\/\/entrenotasyacordes.com\/index.php?rest_route=%2Fwp%2Fv2%2Fcomments&post=13262"}],"version-history":[{"count":1,"href":"https:\/\/entrenotasyacordes.com\/index.php?rest_route=\/wp\/v2\/posts\/13262\/revisions"}],"predecessor-version":[{"id":13264,"href":"https:\/\/entrenotasyacordes.com\/index.php?rest_route=\/wp\/v2\/posts\/13262\/revisions\/13264"}],"wp:featuredmedia":[{"embeddable":true,"href":"https:\/\/entrenotasyacordes.com\/index.php?rest_route=\/wp\/v2\/media\/13263"}],"wp:attachment":[{"href":"https:\/\/entrenotasyacordes.com\/index.php?rest_route=%2Fwp%2Fv2%2Fmedia&parent=13262"}],"wp:term":[{"taxonomy":"category","embeddable":true,"href":"https:\/\/entrenotasyacordes.com\/index.php?rest_route=%2Fwp%2Fv2%2Fcategories&post=13262"},{"taxonomy":"post_tag","embeddable":true,"href":"https:\/\/entrenotasyacordes.com\/index.php?rest_route=%2Fwp%2Fv2%2Ftags&post=13262"}],"curies":[{"name":"wp","href":"https:\/\/api.w.org\/{rel}","templated":true}]}}