{"id":13265,"date":"2024-12-19T21:47:37","date_gmt":"2024-12-19T21:47:37","guid":{"rendered":"https:\/\/entrenotasyacordes.com\/?p=13265"},"modified":"2024-12-19T21:47:38","modified_gmt":"2024-12-19T21:47:38","slug":"lil-cake-presenta-su-nuevo-single-y-videoclip-me-gustas-demasiado","status":"publish","type":"post","link":"https:\/\/entrenotasyacordes.com\/?p=13265","title":{"rendered":"LIL CAKE PRESENTA SU NUEVO SINGLE Y VIDEOCLIP\u00a0\u00abME GUSTAS DEMASIADO\u00bb"},"content":{"rendered":"\n<!--more-->\n\n\n<div class=\"wp-block-image\">\n<figure class=\"aligncenter size-full is-resized\"><img loading=\"lazy\" decoding=\"async\" width=\"377\" height=\"377\" src=\"https:\/\/entrenotasyacordes.com\/wp-content\/uploads\/2024\/12\/6aaaaa.jpg\" alt=\"\" class=\"wp-image-13266\" style=\"width:673px;height:auto\" srcset=\"https:\/\/entrenotasyacordes.com\/wp-content\/uploads\/2024\/12\/6aaaaa.jpg 377w, https:\/\/entrenotasyacordes.com\/wp-content\/uploads\/2024\/12\/6aaaaa-300x300.jpg 300w, https:\/\/entrenotasyacordes.com\/wp-content\/uploads\/2024\/12\/6aaaaa-150x150.jpg 150w, https:\/\/entrenotasyacordes.com\/wp-content\/uploads\/2024\/12\/6aaaaa-50x50.jpg 50w\" sizes=\"auto, (max-width: 377px) 100vw, 377px\" \/><\/figure>\n<\/div>\n\n\n<p><strong>LiL CaKe<\/strong> sigue demostrando su versatilidad musical, esta vez sorprendi\u00e9ndonos con un afrobeat perfecto para las noches de verano.<strong> \u00abMe Gustas Demasiado\u00bb<\/strong>, producida por <strong>Matute Sureda<\/strong>, es una canci\u00f3n con una melod\u00eda suave y relajante que nos transporta directamente a un d\u00eda de playa.<br><br>La letra explora el lado m\u00e1s rom\u00e1ntico del artista, con el claro objetivo de expresar una declaraci\u00f3n de amor. Es una canci\u00f3n hecha para dedicar a esa persona especial. Con ritmos afro y con la percusi\u00f3n como protagonista de la producci\u00f3n, <strong>LiL CaKe<\/strong> demuestra que el verano es un momento en el que los ritmos le salen f\u00e1cil.<\/p>\n\n\n\n<figure class=\"wp-block-embed is-type-video is-provider-youtube wp-block-embed-youtube wp-embed-aspect-4-3 wp-has-aspect-ratio\"><div class=\"wp-block-embed__wrapper\">\n<div class=\"epyt-video-wrapper\"><iframe loading=\"lazy\"  id=\"_ytid_91361\"  width=\"640\" height=\"360\"  data-origwidth=\"640\" data-origheight=\"360\" src=\"https:\/\/www.youtube.com\/embed\/M7IplFS9lK8?enablejsapi=1&#038;autoplay=0&#038;cc_load_policy=0&#038;cc_lang_pref=&#038;iv_load_policy=1&#038;loop=0&#038;rel=1&#038;fs=1&#038;playsinline=0&#038;autohide=2&#038;theme=dark&#038;color=white&#038;controls=1&#038;\" class=\"__youtube_prefs__  epyt-is-override  no-lazyload\" data-vol=\"50\"  title=\"YouTube player\"  allow=\"fullscreen; accelerometer; autoplay; clipboard-write; encrypted-media; gyroscope; picture-in-picture; web-share\" referrerpolicy=\"strict-origin-when-cross-origin\" allowfullscreen data-no-lazy=\"1\" data-skipgform_ajax_framebjll=\"\"><\/iframe><\/div>\n<\/div><\/figure>\n\n\n\n<p>El videoclip, dirigido por <strong>Jota Sibilia,<\/strong> captura perfectamente la energ\u00eda del single. En \u00e9l, vemos a <strong>LiL CaKe<\/strong> con un look fresco, disfrutando de una tarde de verano entre el agua y el viento.<br><br><strong>LiL CaKe<\/strong> viene de un a\u00f1o superador a nivel musical, con varios singles y colaboraciones transit\u00f3 un a\u00f1o excepcional. Su \u00faltimo estreno fue <strong>\u201cLOCO\u201d <\/strong>junto al d\u00fao <strong>ROZE,<\/strong> pero no cerr\u00f3 su a\u00f1o hasta este estreno en solitario.<\/p>\n\n\n<div class=\"wp-block-image\">\n<figure class=\"aligncenter size-full is-resized\"><img loading=\"lazy\" decoding=\"async\" width=\"539\" height=\"304\" src=\"https:\/\/entrenotasyacordes.com\/wp-content\/uploads\/2024\/12\/6aaaaaa.jpg\" alt=\"\" class=\"wp-image-13267\" style=\"width:655px;height:auto\" srcset=\"https:\/\/entrenotasyacordes.com\/wp-content\/uploads\/2024\/12\/6aaaaaa.jpg 539w, https:\/\/entrenotasyacordes.com\/wp-content\/uploads\/2024\/12\/6aaaaaa-300x169.jpg 300w\" sizes=\"auto, (max-width: 539px) 100vw, 539px\" \/><\/figure>\n<\/div>\n\n\n<p class=\"has-text-align-center\"><strong><em>Acerca de LiL CaKe<\/em><\/strong> <\/p>\n\n\n\n<p class=\"has-text-align-left\">Valentino Laborde es el nombre real detr\u00e1s del pseud\u00f3nimo musical <strong>LiL CaKe.<\/strong> Un joven argentino de 20 a\u00f1os que antes de firmar con Sony Music a fines de 2020 hab\u00eda editado de manera independiente 12 singles propios a lo largo de un a\u00f1o, superando los 22 millones de reproducciones de audio y video. De esa producci\u00f3n previa se destacan <strong>\u201cU.S.A.\u201d, \u201cSiento\u201d, \u201cCuarentena\u201d y \u201cQuererte\u201d.<\/strong><\/p>\n\n\n\n<p>Como artista, a partir de sonidos urbanos actuales, busca transmitir a sus pares un discurso positivo, de expresi\u00f3n propia y aceptaci\u00f3n m\u00e1s all\u00e1 de ciertos estereotipos, con un mensaje que sea superador de los discursos del odio por lo diferente. Durante los \u00faltimos a\u00f1os, LiL CaKe mostr\u00f3 su versatilidad y talento, explorando sobre distintos g\u00e9neros y bases; no s\u00f3lo en singles propios sino tambi\u00e9n encarnando cl\u00e1sicos como lo es TRAMPOSA.<br><br>En el 2022 lanz\u00f3<strong> MERCHO <\/strong>junto a Migrantes, que al d\u00eda de hoy es cu\u00e1druple platino en Argentina y lleva m\u00e1s de 500.000 mil streams a nivel mundial, consiguiendo platino en Ecuador, M\u00e9xico y EEUU. Doble Platino en Paraguay, diamante en Per\u00fa y qu\u00edntuple platino en Espa\u00f1a y Uruguay.<\/p>\n\n\n\n<p>En la actualidad LiL CaKe acumula colaboraciones trascendentales a nivel internacional como <strong>OZUNA y RYAN CASTRO<\/strong> en el remix de Mercho, <strong>MC Caveirinha<\/strong>, el pr\u00edncipe del trap de Brasil y <strong>MARSHMELLO.<\/strong><br><br>A nivel nacional, comparte singles con reconocidos featurings como Luck Ra, R\u00e1faga, Oscu, Yami Safdie, Toco Para Vos, entre otros.<\/p>\n","protected":false},"excerpt":{"rendered":"","protected":false},"author":5,"featured_media":13266,"comment_status":"open","ping_status":"open","sticky":false,"template":"","format":"standard","meta":{"om_disable_all_campaigns":false,"_uf_show_specific_survey":0,"_uf_disable_surveys":false,"footnotes":""},"categories":[4],"tags":[],"class_list":["post-13265","post","type-post","status-publish","format-standard","has-post-thumbnail","hentry","category-musica"],"_links":{"self":[{"href":"https:\/\/entrenotasyacordes.com\/index.php?rest_route=\/wp\/v2\/posts\/13265","targetHints":{"allow":["GET"]}}],"collection":[{"href":"https:\/\/entrenotasyacordes.com\/index.php?rest_route=\/wp\/v2\/posts"}],"about":[{"href":"https:\/\/entrenotasyacordes.com\/index.php?rest_route=\/wp\/v2\/types\/post"}],"author":[{"embeddable":true,"href":"https:\/\/entrenotasyacordes.com\/index.php?rest_route=\/wp\/v2\/users\/5"}],"replies":[{"embeddable":true,"href":"https:\/\/entrenotasyacordes.com\/index.php?rest_route=%2Fwp%2Fv2%2Fcomments&post=13265"}],"version-history":[{"count":1,"href":"https:\/\/entrenotasyacordes.com\/index.php?rest_route=\/wp\/v2\/posts\/13265\/revisions"}],"predecessor-version":[{"id":13268,"href":"https:\/\/entrenotasyacordes.com\/index.php?rest_route=\/wp\/v2\/posts\/13265\/revisions\/13268"}],"wp:featuredmedia":[{"embeddable":true,"href":"https:\/\/entrenotasyacordes.com\/index.php?rest_route=\/wp\/v2\/media\/13266"}],"wp:attachment":[{"href":"https:\/\/entrenotasyacordes.com\/index.php?rest_route=%2Fwp%2Fv2%2Fmedia&parent=13265"}],"wp:term":[{"taxonomy":"category","embeddable":true,"href":"https:\/\/entrenotasyacordes.com\/index.php?rest_route=%2Fwp%2Fv2%2Fcategories&post=13265"},{"taxonomy":"post_tag","embeddable":true,"href":"https:\/\/entrenotasyacordes.com\/index.php?rest_route=%2Fwp%2Fv2%2Ftags&post=13265"}],"curies":[{"name":"wp","href":"https:\/\/api.w.org\/{rel}","templated":true}]}}