{"id":13269,"date":"2024-12-19T21:53:16","date_gmt":"2024-12-19T21:53:16","guid":{"rendered":"https:\/\/entrenotasyacordes.com\/?p=13269"},"modified":"2024-12-19T21:53:17","modified_gmt":"2024-12-19T21:53:17","slug":"camilu-presenta-maniatica-nuevo-adelanto-de-su-proximo-album","status":"publish","type":"post","link":"https:\/\/entrenotasyacordes.com\/?p=13269","title":{"rendered":"CAMIL\u00da PRESENTA \u201cMANI\u00c1TICA\u201d NUEVO ADELANTO DE SU PR\u00d3XIMO \u00c1LBUM"},"content":{"rendered":"\n<!--more-->\n\n\n<div class=\"wp-block-image\">\n<figure class=\"aligncenter size-full is-resized\"><img loading=\"lazy\" decoding=\"async\" width=\"360\" height=\"360\" src=\"https:\/\/entrenotasyacordes.com\/wp-content\/uploads\/2024\/12\/6aaaaaaa.png\" alt=\"\" class=\"wp-image-13270\" style=\"width:673px;height:auto\" srcset=\"https:\/\/entrenotasyacordes.com\/wp-content\/uploads\/2024\/12\/6aaaaaaa.png 360w, https:\/\/entrenotasyacordes.com\/wp-content\/uploads\/2024\/12\/6aaaaaaa-300x300.png 300w, https:\/\/entrenotasyacordes.com\/wp-content\/uploads\/2024\/12\/6aaaaaaa-150x150.png 150w, https:\/\/entrenotasyacordes.com\/wp-content\/uploads\/2024\/12\/6aaaaaaa-50x50.png 50w\" sizes=\"auto, (max-width: 360px) 100vw, 360px\" \/><\/figure>\n<\/div>\n\n\n<p>Camino a su nuevo disco, <strong>CAMIL\u00da<\/strong> cierra el a\u00f1o presentando su nuevo single \u201cMani\u00e1tica\u201d, una <strong><em>canci\u00f3n que habla de los celos y las obsesiones que viven dentro de nuestras cabezas.<\/em><\/strong><br><br>En un 2024 en el cual CAMIL\u00da se ha abocado a dar un importante salto en su carrera, con importantes shows en vivo, colaboraciones con alguno de los artistas m\u00e1s destacados del pa\u00eds, y openings a importantes artistas internacionales entre otros logros, la artista ya nos anticipa lo que ser\u00e1 su nuevo disco, y nos deja con ganas de conocer a\u00fan m\u00e1s.<br><br>En palabras de CAMIL\u00da sobre este nuevo lanzamiento <em>\u201cEscribir canciones siempre fue super terap\u00e9utico para m\u00ed, pero tambi\u00e9n un lugar para darme la libertad de jugar y de decir muchas cosas que de otra manera no dir\u00eda. Es una de mis canciones preferidas dentro de este disco, me divirti\u00f3 mucho escribirla\u201d.<\/em><\/p>\n\n\n\n<figure class=\"wp-block-embed is-type-video is-provider-youtube wp-block-embed-youtube wp-embed-aspect-4-3 wp-has-aspect-ratio\"><div class=\"wp-block-embed__wrapper\">\n<div class=\"epyt-video-wrapper\"><iframe loading=\"lazy\"  id=\"_ytid_24071\"  width=\"640\" height=\"360\"  data-origwidth=\"640\" data-origheight=\"360\" src=\"https:\/\/www.youtube.com\/embed\/eRhvAGXm4oY?enablejsapi=1&#038;autoplay=0&#038;cc_load_policy=0&#038;cc_lang_pref=&#038;iv_load_policy=1&#038;loop=0&#038;rel=1&#038;fs=1&#038;playsinline=0&#038;autohide=2&#038;theme=dark&#038;color=white&#038;controls=1&#038;\" class=\"__youtube_prefs__  epyt-is-override  no-lazyload\" data-vol=\"50\"  title=\"YouTube player\"  allow=\"fullscreen; accelerometer; autoplay; clipboard-write; encrypted-media; gyroscope; picture-in-picture; web-share\" referrerpolicy=\"strict-origin-when-cross-origin\" allowfullscreen data-no-lazy=\"1\" data-skipgform_ajax_framebjll=\"\"><\/iframe><\/div>\n<\/div><\/figure>\n\n\n\n<p>Al igual que en <strong><a href=\"https:\/\/eur01.safelinks.protection.outlook.com\/?url=https%3A%2F%2Fclick.emails.sonymusicfans.com%2F%3Fqs%3Db693789f1415f0cf7b3486c626c0a9c941767e05665dad15f9921498b1e6125aab66cfaa801ec84d78f5045b2b8f65db235a4e8a45454a40&amp;data=05%7C02%7Clucila.juan%40sonymusic.com%7C38730eac01cf4df976bf08dd1b0e1cff%7Cf0aff3b791a54aaeaf71c63e1dda2049%7C0%7C0%7C638696469679432777%7CUnknown%7CTWFpbGZsb3d8eyJFbXB0eU1hcGkiOnRydWUsIlYiOiIwLjAuMDAwMCIsIlAiOiJXaW4zMiIsIkFOIjoiTWFpbCIsIldUIjoyfQ%3D%3D%7C0%7C%7C%7C&amp;sdata=7EE2gLLv5%2BH%2F8%2B5A1FTBER3%2Bf%2Ff9%2BCx3EZpCQZNK2Rs%3D&amp;reserved=0\">\u201cLloro\u201d<\/a>, <a href=\"https:\/\/eur01.safelinks.protection.outlook.com\/?url=https%3A%2F%2Fclick.emails.sonymusicfans.com%2F%3Fqs%3Db693789f1415f0cfc7d2ab1c4b28289b0ee1731f98913e8df641169af7427f68281661872f8d3898678ea7ad6ee1301dd55403b6a1aa6732&amp;data=05%7C02%7Clucila.juan%40sonymusic.com%7C38730eac01cf4df976bf08dd1b0e1cff%7Cf0aff3b791a54aaeaf71c63e1dda2049%7C0%7C0%7C638696469679446051%7CUnknown%7CTWFpbGZsb3d8eyJFbXB0eU1hcGkiOnRydWUsIlYiOiIwLjAuMDAwMCIsIlAiOiJXaW4zMiIsIkFOIjoiTWFpbCIsIldUIjoyfQ%3D%3D%7C0%7C%7C%7C&amp;sdata=Um9y894d0ccHN73FNrvA3C3IUSvpIqQdh5kur7Datzs%3D&amp;reserved=0\">\u201cAmarte sin que quieras irte\u201d<\/a>, y <a href=\"https:\/\/eur01.safelinks.protection.outlook.com\/?url=https%3A%2F%2Fclick.emails.sonymusicfans.com%2F%3Fqs%3Db693789f1415f0cf4d08f91bde8a06aa726a883304c9173e1d5c163f3a3d27b245368289e674377326d8ac1229a87c9f57137ea7c16e6a42&amp;data=05%7C02%7Clucila.juan%40sonymusic.com%7C38730eac01cf4df976bf08dd1b0e1cff%7Cf0aff3b791a54aaeaf71c63e1dda2049%7C0%7C0%7C638696469679458446%7CUnknown%7CTWFpbGZsb3d8eyJFbXB0eU1hcGkiOnRydWUsIlYiOiIwLjAuMDAwMCIsIlAiOiJXaW4zMiIsIkFOIjoiTWFpbCIsIldUIjoyfQ%3D%3D%7C0%7C%7C%7C&amp;sdata=Ln%2B7M8uVOoJWjeQOZC32kYE8oetuLIvfjHtnxdOoXac%3D&amp;reserved=0\">\u201cMancharnos la piel<\/a>\u201d<\/strong> sus anteriores lanzamientos, el video fue dirigido por Bel\u00e9n Asad, a quien CAMIL\u00da eligi\u00f3 con el objetivo de mantener una continuidad est\u00e9tica, dejando entrever la historia de cada una de las canciones.<\/p>\n\n\n<div class=\"wp-block-image\">\n<figure class=\"aligncenter size-full is-resized\"><img loading=\"lazy\" decoding=\"async\" width=\"486\" height=\"324\" src=\"https:\/\/entrenotasyacordes.com\/wp-content\/uploads\/2024\/12\/6aaaaaaaa.jpg\" alt=\"\" class=\"wp-image-13271\" style=\"width:655px;height:auto\" srcset=\"https:\/\/entrenotasyacordes.com\/wp-content\/uploads\/2024\/12\/6aaaaaaaa.jpg 486w, https:\/\/entrenotasyacordes.com\/wp-content\/uploads\/2024\/12\/6aaaaaaaa-300x200.jpg 300w\" sizes=\"auto, (max-width: 486px) 100vw, 486px\" \/><\/figure>\n<\/div>\n\n\n<p class=\"has-text-align-left\"><strong>CAMIL\u00da<\/strong> comenz\u00f3 el a\u00f1o con una serie de<em> Live Sessions<\/em> que vienen dando de qu\u00e9 hablar. La base de este proyecto es la uni\u00f3n con diferentes m\u00fasicos de la industria para llevar a cabo versiones m\u00e1s despojadas de canciones ic\u00f3nicas de Camil\u00fa. Comenzando en el Vol.1, nada m\u00e1s ni nada menos que con <strong>Karina La Princesita<\/strong>, en la canci\u00f3n \u00abYa Me Habr\u00e9 Ido\u00bb, seguido por <strong>Muna <\/strong>en el Vol.2 , <strong>Soledad Pastorutti <\/strong>en Vol. 3. Para el Vol.4 Camil\u00fa decide deleitarnos con una canci\u00f3n in\u00e9dita \u00abTodav\u00eda voy bien\u00bb, y retomar con los cruces con artistas en el Vol.5 junto a <strong>Benja Amadeo<\/strong> en \u00abInfinito\u00bb.<br><br><strong>CAMIL\u00da <\/strong>contin\u00faa su ascendente camino en esta industria y sorprende con su frescura, carisma y talento. Recientemente, la cantautora se present\u00f3 ante miles de personas en el <strong>Movistar Arena <\/strong>realizando el opening show de <strong>CAMILA<\/strong>, el tr\u00edo mexicano que regres\u00f3 a la Argentina luego de 10 a\u00f1os.<\/p>\n\n\n\n<p class=\"has-text-align-left\">La joven chubutense, se ha destacado en la escena musical contempor\u00e1nea, recientemente <strong>nominada a los Latin Grammy 2023 <\/strong>en la categor\u00eda \u00abMejor \u00c1lbum Tradicional Pop\u00bb por su aclamado disco \u00abQue Me Duela\u00bb.<br><br>Con participaciones en eventos de renombre como el Festival Internacional de la canci\u00f3n de <strong>Vi\u00f1a del Mar y el Lollapalooza Argentina,<\/strong> CAMIL\u00da ha capturado la atenci\u00f3n del p\u00fablico con su voz \u00fanica y su repertorio distintivo.<\/p>\n\n\n\n<p><\/p>\n","protected":false},"excerpt":{"rendered":"","protected":false},"author":5,"featured_media":13270,"comment_status":"open","ping_status":"open","sticky":false,"template":"","format":"standard","meta":{"om_disable_all_campaigns":false,"_uf_show_specific_survey":0,"_uf_disable_surveys":false,"footnotes":""},"categories":[4],"tags":[],"class_list":["post-13269","post","type-post","status-publish","format-standard","has-post-thumbnail","hentry","category-musica"],"_links":{"self":[{"href":"https:\/\/entrenotasyacordes.com\/index.php?rest_route=\/wp\/v2\/posts\/13269","targetHints":{"allow":["GET"]}}],"collection":[{"href":"https:\/\/entrenotasyacordes.com\/index.php?rest_route=\/wp\/v2\/posts"}],"about":[{"href":"https:\/\/entrenotasyacordes.com\/index.php?rest_route=\/wp\/v2\/types\/post"}],"author":[{"embeddable":true,"href":"https:\/\/entrenotasyacordes.com\/index.php?rest_route=\/wp\/v2\/users\/5"}],"replies":[{"embeddable":true,"href":"https:\/\/entrenotasyacordes.com\/index.php?rest_route=%2Fwp%2Fv2%2Fcomments&post=13269"}],"version-history":[{"count":1,"href":"https:\/\/entrenotasyacordes.com\/index.php?rest_route=\/wp\/v2\/posts\/13269\/revisions"}],"predecessor-version":[{"id":13272,"href":"https:\/\/entrenotasyacordes.com\/index.php?rest_route=\/wp\/v2\/posts\/13269\/revisions\/13272"}],"wp:featuredmedia":[{"embeddable":true,"href":"https:\/\/entrenotasyacordes.com\/index.php?rest_route=\/wp\/v2\/media\/13270"}],"wp:attachment":[{"href":"https:\/\/entrenotasyacordes.com\/index.php?rest_route=%2Fwp%2Fv2%2Fmedia&parent=13269"}],"wp:term":[{"taxonomy":"category","embeddable":true,"href":"https:\/\/entrenotasyacordes.com\/index.php?rest_route=%2Fwp%2Fv2%2Fcategories&post=13269"},{"taxonomy":"post_tag","embeddable":true,"href":"https:\/\/entrenotasyacordes.com\/index.php?rest_route=%2Fwp%2Fv2%2Ftags&post=13269"}],"curies":[{"name":"wp","href":"https:\/\/api.w.org\/{rel}","templated":true}]}}