{"id":13273,"date":"2024-12-19T21:58:57","date_gmt":"2024-12-19T21:58:57","guid":{"rendered":"https:\/\/entrenotasyacordes.com\/?p=13273"},"modified":"2024-12-19T21:58:58","modified_gmt":"2024-12-19T21:58:58","slug":"migrantes-estrena-su-primer-album-como-en-los-comienzos","status":"publish","type":"post","link":"https:\/\/entrenotasyacordes.com\/?p=13273","title":{"rendered":"MIGRANTES ESTRENA SU PRIMER \u00c1LBUM \u201cCOMO EN LOS COMIENZOS\u201d\u00a0"},"content":{"rendered":"\n<!--more-->\n\n\n<div class=\"wp-block-image\">\n<figure class=\"aligncenter size-full is-resized\"><img loading=\"lazy\" decoding=\"async\" width=\"344\" height=\"343\" src=\"https:\/\/entrenotasyacordes.com\/wp-content\/uploads\/2024\/12\/6aaaaaaaaa.jpg\" alt=\"\" class=\"wp-image-13274\" style=\"width:673px;height:auto\" srcset=\"https:\/\/entrenotasyacordes.com\/wp-content\/uploads\/2024\/12\/6aaaaaaaaa.jpg 344w, https:\/\/entrenotasyacordes.com\/wp-content\/uploads\/2024\/12\/6aaaaaaaaa-300x300.jpg 300w, https:\/\/entrenotasyacordes.com\/wp-content\/uploads\/2024\/12\/6aaaaaaaaa-150x150.jpg 150w, https:\/\/entrenotasyacordes.com\/wp-content\/uploads\/2024\/12\/6aaaaaaaaa-50x50.jpg 50w\" sizes=\"auto, (max-width: 344px) 100vw, 344px\" \/><\/figure>\n<\/div>\n\n\n<p>El d\u00fao compuesto por <strong><em>Facundo Garcia<\/em><\/strong> y <strong><em>Nico Valdi<\/em><\/strong>, nos traen los pr\u00f3ximos hits del verano con su primer \u00e1lbum: \u00a8<strong><em>Como en los comienzos<\/em><\/strong>\u00a8.\u00a0 <strong>Migrantes <\/strong>sigue innovando en el g\u00e9nero con una propuesta original que nos trae melod\u00edas \u00fanicas y producciones de calidad.\u00a0<br><br>Finalmente despu\u00e9s de mucha espera, Migrantes nos trae su primer disco. 8 canciones con colaboraciones de cumbia en vivo para disfrutar y alegrar el verano. Canciones para bailar y cantar a todo pulm\u00f3n.<br><br>Con artistas invitados como Jmena, Emanero, Rodrigo Tapari, G Sony, The La Planta, Lil Cake, Seba Mendoza, Camilu, Euge Quevedo, El Vecino y Lauta que con sus estilos llenan de matices nuevos al estilo ya conocido de Migrantes.<br><br>Caracterizado principalmente por ser un \u00e1lbum de rom\u00e1nticos cumbieros, logra la combinaci\u00f3n perfecta entre el desamor y la fiesta, para desahogarse cantando a todo volumen al ritmo fiestero de la cumbia de<strong> Migrantes<\/strong>.<\/p>\n\n\n\n<p>El tracklist se encuentra compuesto de la siguiente manera:<\/p>\n\n\n\n<ol start=\"1\" class=\"wp-block-list\">\n<li>Como si no nos amaramos ft <strong><em>Jimena<\/em><\/strong>, <strong><em>Emanero<\/em><\/strong><\/li>\n\n\n\n<li>Cosa del destino ft.<strong><em> Eugenia Quevedo<\/em><\/strong>, <strong><em>Camil\u00fa<\/em><\/strong><\/li>\n\n\n\n<li>Planes de Soltero ft <strong><em>Lauta<\/em><\/strong><\/li>\n\n\n\n<li>Tema mio ft <strong><em>El Vecino<\/em><\/strong><\/li>\n\n\n\n<li>Las 5 ft <strong><em>Rodrigo Tapari<\/em><\/strong>, <strong><em>G Sony<\/em><\/strong><\/li>\n\n\n\n<li>Que Dolor<\/li>\n\n\n\n<li>JBL ft <strong><em>The La Planta<\/em><\/strong>, <strong><em>Lil Cake\u00a0<\/em><\/strong><\/li>\n\n\n\n<li>No lo recomiendo ft <strong><em>Seba Mendoza<\/em><\/strong><\/li>\n<\/ol>\n\n\n\n<p>A principios del 2024, Migrantes lanz\u00f3 su EP<strong><a href=\"https:\/\/eur01.safelinks.protection.outlook.com\/?url=https%3A%2F%2Fclick.emails.sonymusicfans.com%2F%3Fqs%3D3538832e9d0b7eae825cdacef0279da03a23d31dc9218a08a875f5ebe7b8718b51a3d22caa502a15a7eaa66ed5a15e779576def2714846ae&amp;data=05%7C02%7Clucila.juan%40sonymusic.com%7C248bea0b9c0f43f12cbf08dd1a416cbf%7Cf0aff3b791a54aaeaf71c63e1dda2049%7C0%7C0%7C638695590485774484%7CUnknown%7CTWFpbGZsb3d8eyJFbXB0eU1hcGkiOnRydWUsIlYiOiIwLjAuMDAwMCIsIlAiOiJXaW4zMiIsIkFOIjoiTWFpbCIsIldUIjoyfQ%3D%3D%7C0%7C%7C%7C&amp;sdata=I%2B4JiXBXzJlbaZaycpZTeAipWZQbE9a7MX20ToMbtvU%3D&amp;reserved=0\"> <\/a><a href=\"https:\/\/eur01.safelinks.protection.outlook.com\/?url=https%3A%2F%2Fclick.emails.sonymusicfans.com%2F%3Fqs%3D3538832e9d0b7eae825cdacef0279da03a23d31dc9218a08a875f5ebe7b8718b51a3d22caa502a15a7eaa66ed5a15e779576def2714846ae&amp;data=05%7C02%7Clucila.juan%40sonymusic.com%7C248bea0b9c0f43f12cbf08dd1a416cbf%7Cf0aff3b791a54aaeaf71c63e1dda2049%7C0%7C0%7C638695590485788160%7CUnknown%7CTWFpbGZsb3d8eyJFbXB0eU1hcGkiOnRydWUsIlYiOiIwLjAuMDAwMCIsIlAiOiJXaW4zMiIsIkFOIjoiTWFpbCIsIldUIjoyfQ%3D%3D%7C0%7C%7C%7C&amp;sdata=qHHPPvfZp9gSSgBi8%2BXXU%2F8tWIQJZ0hX5HDYux%2FuQDM%3D&amp;reserved=0\">\u201cDesde Aquel Verano\u201d<\/a><\/strong> en el que se propusieron con gran \u00e9xito rememorar los inicios de la cumbia pop del 2015.<br><br>Tras un 2023 repleto de hits como \u00abVikingos\u00bb, \u00abLinda Remix\u00bb, \u00abMercho Remix\u00bb y colaboraciones top con artistas como Piso 21, Los Palmeras y Ozuna, entre otros, Migrantes pretende buscar nuevas composiciones y estilos a lo largo de este 2024, con el fin transformar la cumbia y llevarla a un nuevo destino.\u00a0\u00a0\u00a0\u00a0<\/p>\n\n\n<div class=\"wp-block-image\">\n<figure class=\"aligncenter size-full is-resized\"><img loading=\"lazy\" decoding=\"async\" width=\"422\" height=\"317\" src=\"https:\/\/entrenotasyacordes.com\/wp-content\/uploads\/2024\/12\/6aaaaaaaaaa.jpg\" alt=\"\" class=\"wp-image-13275\" style=\"width:655px;height:auto\" srcset=\"https:\/\/entrenotasyacordes.com\/wp-content\/uploads\/2024\/12\/6aaaaaaaaaa.jpg 422w, https:\/\/entrenotasyacordes.com\/wp-content\/uploads\/2024\/12\/6aaaaaaaaaa-300x225.jpg 300w\" sizes=\"auto, (max-width: 422px) 100vw, 422px\" \/><\/figure>\n<\/div>\n\n\n<p class=\"has-text-align-left\">Compuesta por <strong>Facundo Garc\u00eda<\/strong> (cantante y compositor) y <strong>Nicol\u00e1s Valdi<\/strong> (m\u00fasico y productor), <strong>Migrantes<\/strong> cuenta con una larga trayectoria dentro de la industria musical.<br><br>Ambos provenientes de Lincoln, Buenos Aires; luego de compartir una gran amistad durante toda su infancia, en el 2014 deciden mudarse a La Plata, momento en el cual crean Migrantes.<br><br>Su m\u00fasica abarca diversos g\u00e9neros propios de la m\u00fasica latina, en los que se destacan cumbia, reggaet\u00f3n, rkt y pop, entre otros.<br><br>A lo largo de su carrera han recorrido todas las provincias de Argentina en reiteradas oportunidades, tambi\u00e9n as\u00ed otros pa\u00edses como Uruguay, Paraguay, Brasil, Ecuador, Chile, Bolivia, con una excelente aceptaci\u00f3n de todas las audiencias.<\/p>\n\n\n\n<p>En las plataformas digitales superan ampliamente los millones de reproducciones con canciones como \u201cLado Triste\u201d, \u201cHag\u00e1moslo Pero Bien Argentino\u201d, \u201cNo Bailo Pa\u2019 Ti\u201d, \u201cSupercl\u00e1sico\u201d y \u201cMercho\u201d.<br><br>Su single\u201cSi Me Tomo Una Cerveza\u201d alcanz\u00f3 n\u00fameros extraordinarios en todas las plataformas, sumando m\u00e1s de 300 millones de reproducciones entre Spotify y YouTube, siendo galardonado con disco de oro, platino y triple platino en distintos pa\u00edses.<br><br>\u201cMercho\u201d, su colaboraci\u00f3n junto a Lil Cake, fue sin dudas una de las canciones m\u00e1s significativas de este a\u00f1o, alcanzando los puestos m\u00e1s altos en los charts mundiales.<\/p>\n","protected":false},"excerpt":{"rendered":"","protected":false},"author":5,"featured_media":13274,"comment_status":"open","ping_status":"open","sticky":false,"template":"","format":"standard","meta":{"om_disable_all_campaigns":false,"_uf_show_specific_survey":0,"_uf_disable_surveys":false,"footnotes":""},"categories":[4],"tags":[],"class_list":["post-13273","post","type-post","status-publish","format-standard","has-post-thumbnail","hentry","category-musica"],"_links":{"self":[{"href":"https:\/\/entrenotasyacordes.com\/index.php?rest_route=\/wp\/v2\/posts\/13273","targetHints":{"allow":["GET"]}}],"collection":[{"href":"https:\/\/entrenotasyacordes.com\/index.php?rest_route=\/wp\/v2\/posts"}],"about":[{"href":"https:\/\/entrenotasyacordes.com\/index.php?rest_route=\/wp\/v2\/types\/post"}],"author":[{"embeddable":true,"href":"https:\/\/entrenotasyacordes.com\/index.php?rest_route=\/wp\/v2\/users\/5"}],"replies":[{"embeddable":true,"href":"https:\/\/entrenotasyacordes.com\/index.php?rest_route=%2Fwp%2Fv2%2Fcomments&post=13273"}],"version-history":[{"count":1,"href":"https:\/\/entrenotasyacordes.com\/index.php?rest_route=\/wp\/v2\/posts\/13273\/revisions"}],"predecessor-version":[{"id":13276,"href":"https:\/\/entrenotasyacordes.com\/index.php?rest_route=\/wp\/v2\/posts\/13273\/revisions\/13276"}],"wp:featuredmedia":[{"embeddable":true,"href":"https:\/\/entrenotasyacordes.com\/index.php?rest_route=\/wp\/v2\/media\/13274"}],"wp:attachment":[{"href":"https:\/\/entrenotasyacordes.com\/index.php?rest_route=%2Fwp%2Fv2%2Fmedia&parent=13273"}],"wp:term":[{"taxonomy":"category","embeddable":true,"href":"https:\/\/entrenotasyacordes.com\/index.php?rest_route=%2Fwp%2Fv2%2Fcategories&post=13273"},{"taxonomy":"post_tag","embeddable":true,"href":"https:\/\/entrenotasyacordes.com\/index.php?rest_route=%2Fwp%2Fv2%2Ftags&post=13273"}],"curies":[{"name":"wp","href":"https:\/\/api.w.org\/{rel}","templated":true}]}}