{"id":13277,"date":"2024-12-19T22:02:30","date_gmt":"2024-12-19T22:02:30","guid":{"rendered":"https:\/\/entrenotasyacordes.com\/?p=13277"},"modified":"2024-12-19T22:02:31","modified_gmt":"2024-12-19T22:02:31","slug":"luz-paisio-presenta-su-primer-single-enamorada","status":"publish","type":"post","link":"https:\/\/entrenotasyacordes.com\/?p=13277","title":{"rendered":"LUZ PAISIO PRESENTA SU PRIMER SINGLE \u00abENAMORADA\u00bb"},"content":{"rendered":"\n<!--more-->\n\n\n<div class=\"wp-block-image\">\n<figure class=\"aligncenter size-full is-resized\"><img loading=\"lazy\" decoding=\"async\" width=\"362\" height=\"362\" src=\"https:\/\/entrenotasyacordes.com\/wp-content\/uploads\/2024\/12\/6aaaaaaaaaaa.jpg\" alt=\"\" class=\"wp-image-13278\" style=\"width:673px;height:auto\" srcset=\"https:\/\/entrenotasyacordes.com\/wp-content\/uploads\/2024\/12\/6aaaaaaaaaaa.jpg 362w, https:\/\/entrenotasyacordes.com\/wp-content\/uploads\/2024\/12\/6aaaaaaaaaaa-300x300.jpg 300w, https:\/\/entrenotasyacordes.com\/wp-content\/uploads\/2024\/12\/6aaaaaaaaaaa-150x150.jpg 150w, https:\/\/entrenotasyacordes.com\/wp-content\/uploads\/2024\/12\/6aaaaaaaaaaa-50x50.jpg 50w\" sizes=\"auto, (max-width: 362px) 100vw, 362px\" \/><\/figure>\n<\/div>\n\n\n<p>La talentosa artista oriunda de C\u00f3rdoba,<strong><em> Luz Paisio<\/em><\/strong>,\u00a0 presenta su primer single de la mano de<strong><em> Sony Music Entertainment<\/em><\/strong>. Al mejor estilo cordob\u00e9s, la cantante nos trae <strong><em>\u00a8Enamorada\u00a8 <\/em><\/strong>un cuarteto que nos pone a flor de piel la sensaci\u00f3n que nos da conocer a una persona en una noche, donde luego nos enteramos que ya ten\u00eda una relaci\u00f3n con otra persona.<br><br>La canci\u00f3n, producida por <strong><em>Risko<\/em><\/strong>, combina perfectamente la bronca y la melancol\u00eda de encontrarse en una situaci\u00f3n as\u00ed, con las ganas de bailar propias del mejor cuarteto cordob\u00e9s que propone la artista. Una perfecta combinaci\u00f3n para bailar y cantar a todo volumen.<br><br>El video, dirigido por <strong><em>Mat\u00edas Roque<\/em><\/strong>, muestra una espectacular performance de ella con su banda. Luz con su inigualable voz y sus melod\u00edas cautivadoras, pisa fuerte en la escena del cuarteto, convirti\u00e9ndose en una promesa emergente del g\u00e9nero.\u00a0\u00a0<\/p>\n\n\n<div class=\"wp-block-image\">\n<figure class=\"aligncenter size-full is-resized\"><img loading=\"lazy\" decoding=\"async\" width=\"309\" height=\"350\" src=\"https:\/\/entrenotasyacordes.com\/wp-content\/uploads\/2024\/12\/6aaaaaaaaaaaa.jpg\" alt=\"\" class=\"wp-image-13279\" style=\"width:655px;height:auto\" srcset=\"https:\/\/entrenotasyacordes.com\/wp-content\/uploads\/2024\/12\/6aaaaaaaaaaaa.jpg 309w, https:\/\/entrenotasyacordes.com\/wp-content\/uploads\/2024\/12\/6aaaaaaaaaaaa-265x300.jpg 265w\" sizes=\"auto, (max-width: 309px) 100vw, 309px\" \/><\/figure>\n<\/div>\n\n\n<p class=\"has-text-align-center\"><strong>Sobre Luz Paisio <\/strong><\/p>\n\n\n\n<p class=\"has-text-align-left\">Luz Paisio es una cantante cordobesa oriunda de la localidad de Rio Cuarto. Comenz\u00f3 cantando a la edad de 8 a\u00f1os. Su debut art\u00edstico fue el 25\/06\/22 en Sala del Rey (C\u00f3rdoba) en conjunto con la banda Desakta2<br><br>Ha participado en diversos escenarios y festivales tanto en el interior de la provincia como fuera de ella. Su propuesta art\u00edstica en el escenario ha logrado cautivar a un p\u00fablico importante, generando una destacada convocatoria.<br><br>Su habilidad para conectarse con la audiencia y su participaci\u00f3n en colaboraciones demuestran su versatilidad y talento en la industria musical, convirti\u00e9ndose en una promesa emergente del g\u00e9nero<\/p>\n\n\n\n<p class=\"has-text-align-left\"><\/p>\n","protected":false},"excerpt":{"rendered":"","protected":false},"author":5,"featured_media":13278,"comment_status":"open","ping_status":"open","sticky":false,"template":"","format":"standard","meta":{"om_disable_all_campaigns":false,"_uf_show_specific_survey":0,"_uf_disable_surveys":false,"footnotes":""},"categories":[4],"tags":[],"class_list":["post-13277","post","type-post","status-publish","format-standard","has-post-thumbnail","hentry","category-musica"],"_links":{"self":[{"href":"https:\/\/entrenotasyacordes.com\/index.php?rest_route=\/wp\/v2\/posts\/13277","targetHints":{"allow":["GET"]}}],"collection":[{"href":"https:\/\/entrenotasyacordes.com\/index.php?rest_route=\/wp\/v2\/posts"}],"about":[{"href":"https:\/\/entrenotasyacordes.com\/index.php?rest_route=\/wp\/v2\/types\/post"}],"author":[{"embeddable":true,"href":"https:\/\/entrenotasyacordes.com\/index.php?rest_route=\/wp\/v2\/users\/5"}],"replies":[{"embeddable":true,"href":"https:\/\/entrenotasyacordes.com\/index.php?rest_route=%2Fwp%2Fv2%2Fcomments&post=13277"}],"version-history":[{"count":1,"href":"https:\/\/entrenotasyacordes.com\/index.php?rest_route=\/wp\/v2\/posts\/13277\/revisions"}],"predecessor-version":[{"id":13280,"href":"https:\/\/entrenotasyacordes.com\/index.php?rest_route=\/wp\/v2\/posts\/13277\/revisions\/13280"}],"wp:featuredmedia":[{"embeddable":true,"href":"https:\/\/entrenotasyacordes.com\/index.php?rest_route=\/wp\/v2\/media\/13278"}],"wp:attachment":[{"href":"https:\/\/entrenotasyacordes.com\/index.php?rest_route=%2Fwp%2Fv2%2Fmedia&parent=13277"}],"wp:term":[{"taxonomy":"category","embeddable":true,"href":"https:\/\/entrenotasyacordes.com\/index.php?rest_route=%2Fwp%2Fv2%2Fcategories&post=13277"},{"taxonomy":"post_tag","embeddable":true,"href":"https:\/\/entrenotasyacordes.com\/index.php?rest_route=%2Fwp%2Fv2%2Ftags&post=13277"}],"curies":[{"name":"wp","href":"https:\/\/api.w.org\/{rel}","templated":true}]}}