{"id":13281,"date":"2024-12-19T22:08:46","date_gmt":"2024-12-19T22:08:46","guid":{"rendered":"https:\/\/entrenotasyacordes.com\/?p=13281"},"modified":"2024-12-19T22:08:47","modified_gmt":"2024-12-19T22:08:47","slug":"la-t-y-la-m-se-unen-a-la-familia-sony-music-y-presentan-el-esperado-messirve-mix-9-un-homenaje-a-la-cumbia-argentina","status":"publish","type":"post","link":"https:\/\/entrenotasyacordes.com\/?p=13281","title":{"rendered":"La T y La M SE UNEN A LA FAMILIA SONY MUSIC Y PRESENTAN EL ESPERADO MESSIRVE MIX #9: UN HOMENAJE A LA CUMBIA ARGENTINA"},"content":{"rendered":"\n<!--more-->\n\n\n<div class=\"wp-block-image\">\n<figure class=\"aligncenter size-full is-resized\"><img loading=\"lazy\" decoding=\"async\" width=\"371\" height=\"371\" src=\"https:\/\/entrenotasyacordes.com\/wp-content\/uploads\/2024\/12\/6aaaaaaaaaaaaa.png\" alt=\"\" class=\"wp-image-13282\" style=\"width:673px;height:auto\" srcset=\"https:\/\/entrenotasyacordes.com\/wp-content\/uploads\/2024\/12\/6aaaaaaaaaaaaa.png 371w, https:\/\/entrenotasyacordes.com\/wp-content\/uploads\/2024\/12\/6aaaaaaaaaaaaa-300x300.png 300w, https:\/\/entrenotasyacordes.com\/wp-content\/uploads\/2024\/12\/6aaaaaaaaaaaaa-150x150.png 150w, https:\/\/entrenotasyacordes.com\/wp-content\/uploads\/2024\/12\/6aaaaaaaaaaaaa-50x50.png 50w\" sizes=\"auto, (max-width: 371px) 100vw, 371px\" \/><\/figure>\n<\/div>\n\n\n<p><strong>La T y La M<\/strong>, el d\u00fao conformado por <strong>Tobias Medrano <\/strong>y <strong>Mat\u00edas Rapen<\/strong>, da un paso muy especial en su carrera musical y se une a la familia Sony Music. Junto al sello discogr\u00e1fico, la banda presenta el nuevo <strong>\u00abMessirve Mix 9\u00bb <\/strong>este <strong>12 de diciembre a las 21 horas<\/strong>.Esta nueva edici\u00f3n rinde homenaje a los cl\u00e1sicos del g\u00e9nero y cuenta con la colaboraci\u00f3n de destacados artistas como <strong>R\u00e1faga, Sebasti\u00e1n Mendoza, Sergio Torres, Meta Guacha y Uriel Lozano.<\/strong><\/p>\n\n\n\n<p>En esta novena edici\u00f3n del <strong>\u00abMessirve Mix\u00bb<\/strong>, <strong>La T y La M <\/strong>re\u00fanen a grandes figuras del g\u00e9nero para revivir la esencia de la cumbia argentina. Con un enfoque audiovisual inspirado en las d\u00e9cadas de los 90 y 2000, el \u00e1lbum captura la nostalgia y la alegr\u00eda de una \u00e9poca dorada para la m\u00fasica tropical.<br><br>Bajo la producci\u00f3n de <strong>Mat\u00edas Rapen<\/strong>, el <strong>\u201cMessirve Mix 9\u201d <\/strong>fue grabado y filmado en los legendarios <strong>Estudios Romaphonic <\/strong>bajo la direcci\u00f3n de <strong>Zelaya Producciones<\/strong>, cada track y videoclip ha sido elaborado con un cuidado excepcional para reflejar lo mejor de la cumbia argentina. Esta fusi\u00f3n de lo cl\u00e1sico y lo contempor\u00e1neo posiciona al <strong>\u201cMessirve Mix 9\u201d <\/strong>como una obra que trasciende generaciones.<br><br>Adem\u00e1s de poder disfrutar de cl\u00e1sicos de la cumbia de la mano de <strong>R\u00e1faga, Sebasti\u00e1n Mendoza, Sergio Torres, Meta Guacha y Uriel Lozano<\/strong>, este \u00e1lbum incluye temas in\u00e9ditos interpretados por <strong>La T y La M<\/strong>, como <strong>\u00abLos Caminos de la Vida\u00bb, \u00abLegalizenla\u00bb, y \u00abUn Pacto\u00bb <\/strong>con el estilo \u00fanico de <strong>La T y La M.<\/strong><\/p>\n\n\n\n<p><strong>\u00abMessirve Mix 9\u00bb <\/strong>ya est\u00e1 disponible en todas las plataformas digitales. Esta fecha marca un hito para <strong>La T y La M<\/strong>, reafirmando su posici\u00f3n como referentes de la cumbia contempor\u00e1nea y su compromiso por mantener viva la esencia del g\u00e9nero.<\/p>\n\n\n\n<p><strong>ESCUCH\u00c1 La luna y t\u00fa \/ Una r\u00e1faga de amor (La T y La M &amp; R\u00e1faga) <\/strong><a href=\"https:\/\/eur01.safelinks.protection.outlook.com\/?url=https%3A%2F%2Fclick.emails.sonymusicfans.com%2F%3Fqs%3D2ac6d2b122800a4671998dbaf3f32ac8cdef289dfad3665275041b4b179aa17b506107118d9e93841073500667144ac62f985ccd9efdef0f&amp;data=05%7C02%7Clucila.juan%40sonymusic.com%7Cfd1c0ae190f54ff6b1ae08dd1b0c0fe6%7Cf0aff3b791a54aaeaf71c63e1dda2049%7C0%7C0%7C638696460805170647%7CUnknown%7CTWFpbGZsb3d8eyJFbXB0eU1hcGkiOnRydWUsIlYiOiIwLjAuMDAwMCIsIlAiOiJXaW4zMiIsIkFOIjoiTWFpbCIsIldUIjoyfQ%3D%3D%7C0%7C%7C%7C&amp;sdata=Y9pe72XtPx9EnzcrbW%2FeAYPUH2QQ7mi7zPPixAc2EXA%3D&amp;reserved=0\"><strong><em>AC\u00c1<\/em><\/strong><\/a><a href=\"https:\/\/eur01.safelinks.protection.outlook.com\/?url=https%3A%2F%2Fclick.emails.sonymusicfans.com%2F%3Fqs%3D2ac6d2b122800a4671998dbaf3f32ac8cdef289dfad3665275041b4b179aa17b506107118d9e93841073500667144ac62f985ccd9efdef0f&amp;data=05%7C02%7Clucila.juan%40sonymusic.com%7Cfd1c0ae190f54ff6b1ae08dd1b0c0fe6%7Cf0aff3b791a54aaeaf71c63e1dda2049%7C0%7C0%7C638696460805186823%7CUnknown%7CTWFpbGZsb3d8eyJFbXB0eU1hcGkiOnRydWUsIlYiOiIwLjAuMDAwMCIsIlAiOiJXaW4zMiIsIkFOIjoiTWFpbCIsIldUIjoyfQ%3D%3D%7C0%7C%7C%7C&amp;sdata=CeEyFl0FncuYuIZ68dOwX%2FgEG5IAzd8Li%2BHG5hjZ8Wk%3D&amp;reserved=0\"><strong> <\/strong><\/a><strong>\u00a0\u00a0\u00a0<\/strong><\/p>\n\n\n<div class=\"wp-block-image\">\n<figure class=\"aligncenter size-full is-resized\"><img loading=\"lazy\" decoding=\"async\" width=\"436\" height=\"290\" src=\"https:\/\/entrenotasyacordes.com\/wp-content\/uploads\/2024\/12\/6aaaaaaaaaaaaaa.jpg\" alt=\"\" class=\"wp-image-13283\" style=\"width:655px;height:auto\" srcset=\"https:\/\/entrenotasyacordes.com\/wp-content\/uploads\/2024\/12\/6aaaaaaaaaaaaaa.jpg 436w, https:\/\/entrenotasyacordes.com\/wp-content\/uploads\/2024\/12\/6aaaaaaaaaaaaaa-300x200.jpg 300w\" sizes=\"auto, (max-width: 436px) 100vw, 436px\" \/><\/figure>\n<\/div>\n\n\n<p class=\"has-text-align-center\"><strong><strong>M\u00e1s de LA T Y LA M:<\/strong><\/strong><\/p>\n\n\n\n<p class=\"has-text-align-left\">La T y La M, originarios de Florencio Varela. Desde su nacimiento en plena pandemia en 2021, La T y La M han trascendido con su m\u00fasica. Acumulan alrededor de 600 millones de streams en tiendas digitales y sus videos en YouTube son una tendencia constante. Con m\u00e1s de 4.8 millones de oyentes mensuales en Spotify y sumando m\u00e1s de 1.7 MM seguidores en Instagram, y 745,000 suscriptores en YouTube. La m\u00fasica les ha permitido colaborar con reconocidos artistas como <strong>Ke Personajes, Nahuel The Coach, Duki, Ecko, Luck Ra, Rusherking, Sael, Alan Gomez, Malandro de Am\u00e9rica, Roze Oficial, Bersuit, The La Planta, Marcela Morelo <\/strong>y el renombrado <strong>Bizarrap.<\/strong><\/p>\n\n\n\n<p>Antes de este proyecto, Tob\u00edas se dedicaba a compartir sus canciones en YouTube. En agosto de 2020, Mat\u00edas lo descubri\u00f3 y decidi\u00f3 invitarlo a su estudio de grabaci\u00f3n \u00abTute Records\u00bb. Juntos crearon un enganchado, recibiendo elogios y generando una relaci\u00f3n que los llev\u00f3 a formar La T y La M.<br><br>El repertorio de La T y La M incluye \u00e9xitos como el \u00abMessirve Mix 1, 2, 3, 4, 5, 6\u00bb, \u00abNo Soy Un 10\u00bb, \u00abSi estas en otra\u00bb, Adem\u00e1s, sus \u00faltimas producciones, como \u00abMessirve 7\u00bb con tres canciones en listas globales y, por supuesto, \u00abPa La Selecci\u00f3n\u00bb. Este \u00faltimo se ha posicionado en el puesto n\u00famero 1 de los rankings globales en plataformas digitales y YouTube, alcanzando el tercer lugar en el Top 100 de Billboard Argentina. Consolidan su posici\u00f3n en la escena musical nacional e internacional.<\/p>\n\n\n\n<p>Desde el Gran Rex, donde arrasaron con localidades agotadas en dos noches inolvidables, hasta los escenarios de Paraguay, Uruguay, Per\u00fa y Bolivia, donde fueron aclamados por multitudes apasionadas, Tob\u00edas Medrano y Mat\u00edas Rapen han demostrado que su m\u00fasica se ha ganado el coraz\u00f3n del p\u00fablico internacional. Bajo la direcci\u00f3n creativa de <strong>Zelaya Producciones<\/strong>, La T y La M realiz\u00f3 una noche hist\u00f3rica en el Luna Park donde fueron reunidas 6.000 personas. Pero su m\u00fasica no se queda en Argentina. En el 2024, llevar\u00e1n su ritmo contagioso a giras internacionales.<br><br>El \u00faltimo hito de <strong>La T y La M <\/strong>ha sido el lanzamiento de \u00abAmor de Vago\u00bb junto a Malandro de Am\u00e9rica, un single que ya supera los <strong>17 millones de reproducciones en Spotify <\/strong>y se ha posicionado en el puesto #1 del Top 50 en Argentina en dicha plataforma. Este \u00e9xito confirma que su m\u00fasica sigue resonando en el coraz\u00f3n del p\u00fablico y que <strong>La T y La M <\/strong>est\u00e1n en la cima de la cumbia moderna, representando el latido de un pa\u00eds que celebra sus victorias y sue\u00f1a a\u00fan m\u00e1s alto.<\/p>\n","protected":false},"excerpt":{"rendered":"","protected":false},"author":5,"featured_media":13284,"comment_status":"open","ping_status":"open","sticky":false,"template":"","format":"standard","meta":{"om_disable_all_campaigns":false,"_uf_show_specific_survey":0,"_uf_disable_surveys":false,"footnotes":""},"categories":[4],"tags":[],"class_list":["post-13281","post","type-post","status-publish","format-standard","has-post-thumbnail","hentry","category-musica"],"_links":{"self":[{"href":"https:\/\/entrenotasyacordes.com\/index.php?rest_route=\/wp\/v2\/posts\/13281","targetHints":{"allow":["GET"]}}],"collection":[{"href":"https:\/\/entrenotasyacordes.com\/index.php?rest_route=\/wp\/v2\/posts"}],"about":[{"href":"https:\/\/entrenotasyacordes.com\/index.php?rest_route=\/wp\/v2\/types\/post"}],"author":[{"embeddable":true,"href":"https:\/\/entrenotasyacordes.com\/index.php?rest_route=\/wp\/v2\/users\/5"}],"replies":[{"embeddable":true,"href":"https:\/\/entrenotasyacordes.com\/index.php?rest_route=%2Fwp%2Fv2%2Fcomments&post=13281"}],"version-history":[{"count":1,"href":"https:\/\/entrenotasyacordes.com\/index.php?rest_route=\/wp\/v2\/posts\/13281\/revisions"}],"predecessor-version":[{"id":13285,"href":"https:\/\/entrenotasyacordes.com\/index.php?rest_route=\/wp\/v2\/posts\/13281\/revisions\/13285"}],"wp:featuredmedia":[{"embeddable":true,"href":"https:\/\/entrenotasyacordes.com\/index.php?rest_route=\/wp\/v2\/media\/13284"}],"wp:attachment":[{"href":"https:\/\/entrenotasyacordes.com\/index.php?rest_route=%2Fwp%2Fv2%2Fmedia&parent=13281"}],"wp:term":[{"taxonomy":"category","embeddable":true,"href":"https:\/\/entrenotasyacordes.com\/index.php?rest_route=%2Fwp%2Fv2%2Fcategories&post=13281"},{"taxonomy":"post_tag","embeddable":true,"href":"https:\/\/entrenotasyacordes.com\/index.php?rest_route=%2Fwp%2Fv2%2Ftags&post=13281"}],"curies":[{"name":"wp","href":"https:\/\/api.w.org\/{rel}","templated":true}]}}