{"id":13286,"date":"2024-12-19T22:14:02","date_gmt":"2024-12-19T22:14:02","guid":{"rendered":"https:\/\/entrenotasyacordes.com\/?p=13286"},"modified":"2024-12-19T22:14:04","modified_gmt":"2024-12-19T22:14:04","slug":"gordo-presenta-no-hay-verano-sin-gordo-la-fusion-perfecta-entre-el-underground-y-la-cultura-latina","status":"publish","type":"post","link":"https:\/\/entrenotasyacordes.com\/?p=13286","title":{"rendered":"GORDO PRESENTA \u201cNO HAY VERANO SIN GORDO\u201d LA FUSI\u00d3N PERFECTA ENTRE EL UNDERGROUND Y LA CULTURA LATINA"},"content":{"rendered":"\n<!--more-->\n\n\n<div class=\"wp-block-image\">\n<figure class=\"aligncenter size-full is-resized\"><img loading=\"lazy\" decoding=\"async\" width=\"2560\" height=\"2560\" src=\"https:\/\/entrenotasyacordes.com\/wp-content\/uploads\/2024\/12\/6aaaaaaaaaaaaaaaa-scaled.jpg\" alt=\"\" class=\"wp-image-13287\" style=\"width:673px;height:auto\" srcset=\"https:\/\/entrenotasyacordes.com\/wp-content\/uploads\/2024\/12\/6aaaaaaaaaaaaaaaa-scaled.jpg 2560w, https:\/\/entrenotasyacordes.com\/wp-content\/uploads\/2024\/12\/6aaaaaaaaaaaaaaaa-300x300.jpg 300w, https:\/\/entrenotasyacordes.com\/wp-content\/uploads\/2024\/12\/6aaaaaaaaaaaaaaaa-1024x1024.jpg 1024w, https:\/\/entrenotasyacordes.com\/wp-content\/uploads\/2024\/12\/6aaaaaaaaaaaaaaaa-150x150.jpg 150w, https:\/\/entrenotasyacordes.com\/wp-content\/uploads\/2024\/12\/6aaaaaaaaaaaaaaaa-768x768.jpg 768w, https:\/\/entrenotasyacordes.com\/wp-content\/uploads\/2024\/12\/6aaaaaaaaaaaaaaaa-1536x1536.jpg 1536w, https:\/\/entrenotasyacordes.com\/wp-content\/uploads\/2024\/12\/6aaaaaaaaaaaaaaaa-2048x2048.jpg 2048w, https:\/\/entrenotasyacordes.com\/wp-content\/uploads\/2024\/12\/6aaaaaaaaaaaaaaaa-50x50.jpg 50w\" sizes=\"auto, (max-width: 2560px) 100vw, 2560px\" \/><\/figure>\n<\/div>\n\n\n<p class=\"has-text-align-center\"><strong>ESCUCH\u00c1 \u201cOlvidarte\u201d ft. EMILIA <a href=\"https:\/\/eur01.safelinks.protection.outlook.com\/?url=https%3A%2F%2Fclick.emails.sonymusicfans.com%2F%3Fqs%3D30355a177280bbbd1c4176fe43be58ffea0e2a898de506cbad3eba069bb50891d587c13c305d1a5681eda795f3244fa8c1120d3563ed9d3d&amp;data=05%7C02%7Clucila.juan%40sonymusic.com%7C9260389f432342355d8e08dd1b986126%7Cf0aff3b791a54aaeaf71c63e1dda2049%7C0%7C0%7C638697063509329092%7CUnknown%7CTWFpbGZsb3d8eyJFbXB0eU1hcGkiOnRydWUsIlYiOiIwLjAuMDAwMCIsIlAiOiJXaW4zMiIsIkFOIjoiTWFpbCIsIldUIjoyfQ%3D%3D%7C0%7C%7C%7C&amp;sdata=A85NB4F6lmgJVDYQgKfCeooHyueqNjfo1rdQJp1TQUw%3D&amp;reserved=0\">AQU\u00cd<\/a><\/strong><br><strong>+Incluye colaboraciones junto a Eladio Carrion, Bad Gyal y Emilia entre otros.<\/strong><\/p>\n\n\n\n<p>El productor musical nominado al GRAMMY, <strong>GORDO<\/strong>, contin\u00faa revolucionando la escena musical con su nuevo EP, \u00ab<strong>No Hay Verano Sin Gordo <\/strong>\u00ab. Tras el \u00e9xito global de \u00abDiamante\u00bb, donde colabor\u00f3 con grandes nombres del hip hop, el dance y la m\u00fasica latina, como Drake, T-Pain, Maluma y Feid, hoy ampl\u00eda sus horizontes y une fuerzas con artistas de 5 pa\u00edses diferentes, creando un sonido \u00fanico que fusiona sus ra\u00edces latinas con los ritmos m\u00e1s actuales de la m\u00fasica electr\u00f3nica. \u201cNo Hay Verano Sin Gordo\u201d, se encuentra disponible hoy en todas las plataformas digitales.<br>\u00a0<br>Este nuevo proyecto representa un hito en la carrera de Gordo, al colaborar con una cartelera estelar de artistas latinos como Eladio Carri\u00f3n, Bad Gyal, Emilia y Sfera Ebbasta, el productor ha creado un sonido globalmente influenciado. \u201cNo Hay Verano Sin Gordo\u201d es un crisol de culturas, donde la energ\u00eda del house underground se fusiona con los ritmos latinos m\u00e1s aut\u00e9nticos, dando como resultado un EP que trasciende fronteras. Como el DJ #1 hispano del mundo, Gordo sigue construyendo puentes entre la m\u00fasica house y la cultura latina.<\/p>\n\n\n\n<p>Gordo ha dejado su huella en los escenarios m\u00e1s importantes del mundo, incluyendo Coachella, Brooklyn Mirage, Mute Beach en Buenos Aires, Pacha Ibiza, y Tomorrowland hasta los rincones m\u00e1s remotos de Am\u00e9rica Latina. Con su gira de sold-outs por Sudam\u00e9rica, por m\u00e1s de 25 ciudades de 15 pa\u00edses con sus ic\u00f3nicos eventos TARAKA, ha construido una comunidad global que vibra al ritmo de su m\u00fasica. Cada presentaci\u00f3n es una experiencia \u00fanica, donde Gordo conecta con su p\u00fablico de manera profunda y aut\u00e9ntica.<br>\u00a0<br>Tras el \u00e9xito de &#8216;Diamante&#8217;, un \u00e1lbum que celebra su viaje personal, Gordo vuelve a sorprendernos hoy con &#8216;No Hay Verano Sin Gordo&#8217;. Su versatilidad musical, queda clara en colaboraciones con artistas tan diversos como Maluma, Feid, El Alfa, Nicky Nicole y Adriatique, el cual lo ha posicionado como una figura global en la escena electr\u00f3nica. El DJ, productor y artista desde que irrumpi\u00f3 en la industria, ha acumulado una serie de logros impresionantes, incluyendo una nominaci\u00f3n al Grammy, encabezado la lista\u00a0 de Hot 100 Producers de Billboard, y el aclamado puesto #1 como DJ hispano del mundo por DJ MAG.<\/p>\n\n\n\n<p>M\u00e1s que un simple EP, &#8216;No Hay Verano Sin Gordo&#8217; es un viaje cultural. A trav\u00e9s de videos musicales que exploran las ra\u00edces de cada artista. En este EP de 6 temas, Gordo nos invita a conectar con nuestras propias identidades y a celebrar la diversidad. Una clara\u00a0 muestra de c\u00f3mo la m\u00fasica puede unir a las personas y crear un sentido de comunidad global.<\/p>\n\n\n<div class=\"wp-block-image\">\n<figure class=\"aligncenter size-full is-resized\"><img loading=\"lazy\" decoding=\"async\" width=\"434\" height=\"434\" src=\"https:\/\/entrenotasyacordes.com\/wp-content\/uploads\/2024\/12\/6aaaaaaaaaaaaaaaaa-1.png\" alt=\"\" class=\"wp-image-13289\" style=\"width:655px;height:auto\" srcset=\"https:\/\/entrenotasyacordes.com\/wp-content\/uploads\/2024\/12\/6aaaaaaaaaaaaaaaaa-1.png 434w, https:\/\/entrenotasyacordes.com\/wp-content\/uploads\/2024\/12\/6aaaaaaaaaaaaaaaaa-1-300x300.png 300w, https:\/\/entrenotasyacordes.com\/wp-content\/uploads\/2024\/12\/6aaaaaaaaaaaaaaaaa-1-150x150.png 150w, https:\/\/entrenotasyacordes.com\/wp-content\/uploads\/2024\/12\/6aaaaaaaaaaaaaaaaa-1-50x50.png 50w\" sizes=\"auto, (max-width: 434px) 100vw, 434px\" \/><\/figure>\n<\/div>\n\n\n<p class=\"has-text-align-center\"><strong>\u201cNo Hay Verano Sin Gordo\u201d Tracklist:<\/strong><br>1.GORDO x Draxx &#8211; NO NO NO (feat. Sfera Ebbasta)<br>2.GORDO &#8211; Wet (feat. Bad Gyal)<br>3.GORDO x Malifoo &#8211; Mexe Mexe (feat. MC GW)<br>4.GORDO &#8211; Manijas<br>5.GORDO &#8211; Olvidarte (feat. Emilia)<br>6.GORDO x Junkie Kid &#8211; Outside (feat. Eladio Carrion)<\/p>\n\n\n\n<p class=\"has-text-align-center\"><strong>SOBRE GORDO:<\/strong><\/p>\n\n\n\n<p class=\"has-text-align-left\">Diamante Blackmon, mundialmente celebrado bajo su alias de DJ\/Productor GORDO, se reinvent\u00f3 durante la pandemia, adoptando un estilo de vida m\u00e1s saludable y una visi\u00f3n art\u00edstica renovada reflejada en su m\u00fasica. Sus lanzamientos, como \u00abEl M\u00e1s Ching\u00f3n\u00bb con El Alfa, \u00abCafecito\u00bb con Nicki Nicole y Sech, y \u00abNENE\u00bb con Fuerza Regida, junto con numerosos conciertos con entradas agotadas en Am\u00e9rica Latina, marcan el regreso de Gordo a sus ra\u00edces hispanas. M\u00e1s all\u00e1 de la m\u00fasica, el DJ y productor nicarag\u00fcense-estadounidense se dedica a retribuir a la comunidad que le dio tanto mientras crec\u00eda, habiendo construido escuelas en Nicaragua y Guatemala.<br><br>Desde el lanzamiento de GORDO, ha recibido una nominaci\u00f3n al Grammy, ha encabezado la lista de los 100 productores m\u00e1s populares de Billboard, ha sido coronado como el DJ hispano #1 en el mundo por DJ Mag y ha producido para artistas como Bad Bunny, Sexyy Red, Nicki Minaj y Drake. Contribuy\u00f3 a seis canciones en el \u00e1lbum de Drake \u00abHonestly, Nevermind\u00bb y dos en \u00abFor All The Dogs\u00bb, incluyendo \u00abRich Baby Daddy\u00bb. En el verano de 2024, Drake apareci\u00f3 en dos lanzamientos emblem\u00e1ticos \u00abSideways\u00bb y \u00abHealing\u00bb en el \u00e1lbum debut de GORDO, \u00abDIAMANTE\u00bb.<\/p>\n\n\n\n<p>El \u00e1lbum debut de GORDO, \u00abDIAMANTE\u00bb, es la culminaci\u00f3n de m\u00e1s de cuatro a\u00f1os de colaboraci\u00f3n y producci\u00f3n, con artistas como T-Pain, Leon Bridges, Maluma, Rampa y muchos m\u00e1s, mostrando su capacidad para fusionar varios g\u00e9neros en un sonido cohesivo e innovador. En un corto per\u00edodo de tiempo, GORDO ha actuado en los escenarios m\u00e1s importantes del mundo, desde Burning Man hasta Tomorrowland B\u00e9lgica, Coachella, MUTE Argentina y Pacha Ibiza. Lider\u00f3 la gira de DJ m\u00e1s grande de Am\u00e9rica del Sur y foment\u00f3 una comunidad dedicada con sus eventos \u00abTARAKA\u00bb, recorriendo 25 ciudades latinoamericanas en 15 pa\u00edses diferentes.<\/p>\n","protected":false},"excerpt":{"rendered":"","protected":false},"author":5,"featured_media":13288,"comment_status":"open","ping_status":"open","sticky":false,"template":"","format":"standard","meta":{"om_disable_all_campaigns":false,"_uf_show_specific_survey":0,"_uf_disable_surveys":false,"footnotes":""},"categories":[4],"tags":[],"class_list":["post-13286","post","type-post","status-publish","format-standard","has-post-thumbnail","hentry","category-musica"],"_links":{"self":[{"href":"https:\/\/entrenotasyacordes.com\/index.php?rest_route=\/wp\/v2\/posts\/13286","targetHints":{"allow":["GET"]}}],"collection":[{"href":"https:\/\/entrenotasyacordes.com\/index.php?rest_route=\/wp\/v2\/posts"}],"about":[{"href":"https:\/\/entrenotasyacordes.com\/index.php?rest_route=\/wp\/v2\/types\/post"}],"author":[{"embeddable":true,"href":"https:\/\/entrenotasyacordes.com\/index.php?rest_route=\/wp\/v2\/users\/5"}],"replies":[{"embeddable":true,"href":"https:\/\/entrenotasyacordes.com\/index.php?rest_route=%2Fwp%2Fv2%2Fcomments&post=13286"}],"version-history":[{"count":1,"href":"https:\/\/entrenotasyacordes.com\/index.php?rest_route=\/wp\/v2\/posts\/13286\/revisions"}],"predecessor-version":[{"id":13290,"href":"https:\/\/entrenotasyacordes.com\/index.php?rest_route=\/wp\/v2\/posts\/13286\/revisions\/13290"}],"wp:featuredmedia":[{"embeddable":true,"href":"https:\/\/entrenotasyacordes.com\/index.php?rest_route=\/wp\/v2\/media\/13288"}],"wp:attachment":[{"href":"https:\/\/entrenotasyacordes.com\/index.php?rest_route=%2Fwp%2Fv2%2Fmedia&parent=13286"}],"wp:term":[{"taxonomy":"category","embeddable":true,"href":"https:\/\/entrenotasyacordes.com\/index.php?rest_route=%2Fwp%2Fv2%2Fcategories&post=13286"},{"taxonomy":"post_tag","embeddable":true,"href":"https:\/\/entrenotasyacordes.com\/index.php?rest_route=%2Fwp%2Fv2%2Ftags&post=13286"}],"curies":[{"name":"wp","href":"https:\/\/api.w.org\/{rel}","templated":true}]}}