{"id":13291,"date":"2024-12-19T22:20:08","date_gmt":"2024-12-19T22:20:08","guid":{"rendered":"https:\/\/entrenotasyacordes.com\/?p=13291"},"modified":"2024-12-19T22:20:09","modified_gmt":"2024-12-19T22:20:09","slug":"no-te-va-gustarno-era-cierto-en-vivo-en-argentina","status":"publish","type":"post","link":"https:\/\/entrenotasyacordes.com\/?p=13291","title":{"rendered":"NO TE VA GUSTAR:\u00bbNO ERA CIERTO\u00bb EN VIVO, EN ARGENTINA."},"content":{"rendered":"\n<!--more-->\n\n\n\n<figure class=\"wp-block-embed is-type-video is-provider-youtube wp-block-embed-youtube wp-embed-aspect-16-9 wp-has-aspect-ratio\"><div class=\"wp-block-embed__wrapper\">\n<div class=\"epyt-video-wrapper\"><iframe loading=\"lazy\"  id=\"_ytid_66094\"  width=\"640\" height=\"360\"  data-origwidth=\"640\" data-origheight=\"360\" src=\"https:\/\/www.youtube.com\/embed\/4SdwPQeFcoY?enablejsapi=1&#038;autoplay=0&#038;cc_load_policy=0&#038;cc_lang_pref=&#038;iv_load_policy=1&#038;loop=0&#038;rel=1&#038;fs=1&#038;playsinline=0&#038;autohide=2&#038;theme=dark&#038;color=white&#038;controls=1&#038;\" class=\"__youtube_prefs__  epyt-is-override  no-lazyload\" data-vol=\"50\"  title=\"YouTube player\"  allow=\"fullscreen; accelerometer; autoplay; clipboard-write; encrypted-media; gyroscope; picture-in-picture; web-share\" referrerpolicy=\"strict-origin-when-cross-origin\" allowfullscreen data-no-lazy=\"1\" data-skipgform_ajax_framebjll=\"\"><\/iframe><\/div>\n<\/div><\/figure>\n\n\n\n<p><strong>No Te Va Gustar<\/strong>&nbsp;estrena &nbsp;el primer sencillo adelanto de su nuevo disco en vivo titulado \u00ab<strong>C\u00f3mo Me Gusta Verte Rei\u00edr<\/strong>\u00ab, filmado y grabado en el show de los 30 A\u00f1os que la banda dio el 17 de abril de 2024 en el Estadio V\u00e9lez Sarsfield.<\/p>\n\n\n\n<p>La banda cierra el a\u00f1o de la misma manera que cierra todos sus conciertos, con \u00ab<strong>NO ERA CIERTO<\/strong>\u00ab. Uno de los himnos indiscutidos de NTVG originario de su primer \u00e1lbum de estudio de 1999 \u00abSolo De Noche\u00bb. Esta versi\u00f3n en vivo efusiva, rockera y muy en\u00e9rgica refleja a la perfecci\u00f3n lo que se vivi\u00f3 en el final de ese masivo concierto en Buenos Aires.\u00a0<\/p>\n\n\n\n<figure class=\"wp-block-embed is-type-rich is-provider-spotify wp-block-embed-spotify wp-embed-aspect-21-9 wp-has-aspect-ratio\"><div class=\"wp-block-embed__wrapper\">\n<iframe title=\"Spotify Embed: Desde Ac\u00e1 Qu\u00e9 Cerca Queda El Cielo\" style=\"border-radius: 12px\" width=\"100%\" height=\"352\" frameborder=\"0\" allowfullscreen allow=\"autoplay; clipboard-write; encrypted-media; fullscreen; picture-in-picture\" loading=\"lazy\" src=\"https:\/\/open.spotify.com\/embed\/album\/1TdbuaXgohlVFb7hwjtXEu?si=p-5UV9eGTkiFlLTZdaLBTg&#038;utm_source=oembed\"><\/iframe>\n<\/div><\/figure>\n\n\n\n<p>Adem\u00e1s, se estrena en conjunto el video oficial, dirigido por Fernando Portela, filmado en vivo en el show con un despliegue impresionante de c\u00e1maras y drones donde se muestra lo que se vivi\u00f3 en ese momento del show.<\/p>\n\n\n\n<p>Tanto para los m\u00fasicos como para los fans, debido a su letra y a lo que genera musicalmente, la canci\u00f3n representa comunidad, uni\u00f3n, el estar \u00aben casa\u00bb y el saber que tenes seres queridos que te apoyan, as\u00ed es como se siente el final de cada show de No Te Va Gustar gracias a No Era Cierto: el momento cumbre de celebraci\u00f3n colectiva.<\/p>\n\n\n\n<p><strong>No Te Va Gustar<\/strong>&nbsp;acaba de realizar su \u00faltimo show del 2024 en la Rambla de Montevideo frente a una multitud de 30.000 personas y viene de 4 shows sold out en el Movistar Arena de Buenos Aires. La Gira Internacional 30 A\u00f1os cerr\u00f3 el a\u00f1o con casi 70 shows en 15 pa\u00edses y continuar\u00e1 en el 2025.<\/p>\n\n\n\n<p>La banda lanz\u00f3 en octubre \u00abDesde Ac\u00e1 Qu\u00e9 Cerca Queda El Cielo\u00bb, un disco y pel\u00edcula en vivo grabado y filmado en Bogot\u00e1 y ahora sorprende con un segundo \u00e1lbum en vivo en Argentina. Este nuevo lanzamiento es la continuaci\u00f3n del de Bogot\u00e1, ya que es parte de la misma gira y del mismo show y est\u00e1n pensados como la parte 1 y 2 de un mismo concierto.\u00a0<\/p>\n\n\n<div class=\"wp-block-image\">\n<figure class=\"aligncenter size-full is-resized\"><img loading=\"lazy\" decoding=\"async\" width=\"2043\" height=\"1362\" src=\"https:\/\/entrenotasyacordes.com\/wp-content\/uploads\/2024\/12\/6aaaaaaaaaaaaaaaaaa.jpg\" alt=\"\" class=\"wp-image-13292\" style=\"width:673px;height:auto\" srcset=\"https:\/\/entrenotasyacordes.com\/wp-content\/uploads\/2024\/12\/6aaaaaaaaaaaaaaaaaa.jpg 2043w, https:\/\/entrenotasyacordes.com\/wp-content\/uploads\/2024\/12\/6aaaaaaaaaaaaaaaaaa-300x200.jpg 300w, https:\/\/entrenotasyacordes.com\/wp-content\/uploads\/2024\/12\/6aaaaaaaaaaaaaaaaaa-1024x683.jpg 1024w, https:\/\/entrenotasyacordes.com\/wp-content\/uploads\/2024\/12\/6aaaaaaaaaaaaaaaaaa-768x512.jpg 768w, https:\/\/entrenotasyacordes.com\/wp-content\/uploads\/2024\/12\/6aaaaaaaaaaaaaaaaaa-1536x1024.jpg 1536w\" sizes=\"auto, (max-width: 2043px) 100vw, 2043px\" \/><\/figure>\n<\/div>","protected":false},"excerpt":{"rendered":"","protected":false},"author":5,"featured_media":13292,"comment_status":"open","ping_status":"open","sticky":false,"template":"","format":"standard","meta":{"om_disable_all_campaigns":false,"_uf_show_specific_survey":0,"_uf_disable_surveys":false,"footnotes":""},"categories":[4],"tags":[],"class_list":["post-13291","post","type-post","status-publish","format-standard","has-post-thumbnail","hentry","category-musica"],"_links":{"self":[{"href":"https:\/\/entrenotasyacordes.com\/index.php?rest_route=\/wp\/v2\/posts\/13291","targetHints":{"allow":["GET"]}}],"collection":[{"href":"https:\/\/entrenotasyacordes.com\/index.php?rest_route=\/wp\/v2\/posts"}],"about":[{"href":"https:\/\/entrenotasyacordes.com\/index.php?rest_route=\/wp\/v2\/types\/post"}],"author":[{"embeddable":true,"href":"https:\/\/entrenotasyacordes.com\/index.php?rest_route=\/wp\/v2\/users\/5"}],"replies":[{"embeddable":true,"href":"https:\/\/entrenotasyacordes.com\/index.php?rest_route=%2Fwp%2Fv2%2Fcomments&post=13291"}],"version-history":[{"count":1,"href":"https:\/\/entrenotasyacordes.com\/index.php?rest_route=\/wp\/v2\/posts\/13291\/revisions"}],"predecessor-version":[{"id":13293,"href":"https:\/\/entrenotasyacordes.com\/index.php?rest_route=\/wp\/v2\/posts\/13291\/revisions\/13293"}],"wp:featuredmedia":[{"embeddable":true,"href":"https:\/\/entrenotasyacordes.com\/index.php?rest_route=\/wp\/v2\/media\/13292"}],"wp:attachment":[{"href":"https:\/\/entrenotasyacordes.com\/index.php?rest_route=%2Fwp%2Fv2%2Fmedia&parent=13291"}],"wp:term":[{"taxonomy":"category","embeddable":true,"href":"https:\/\/entrenotasyacordes.com\/index.php?rest_route=%2Fwp%2Fv2%2Fcategories&post=13291"},{"taxonomy":"post_tag","embeddable":true,"href":"https:\/\/entrenotasyacordes.com\/index.php?rest_route=%2Fwp%2Fv2%2Ftags&post=13291"}],"curies":[{"name":"wp","href":"https:\/\/api.w.org\/{rel}","templated":true}]}}