{"id":13294,"date":"2024-12-19T22:44:17","date_gmt":"2024-12-19T22:44:17","guid":{"rendered":"https:\/\/entrenotasyacordes.com\/?p=13294"},"modified":"2024-12-19T22:44:19","modified_gmt":"2024-12-19T22:44:19","slug":"lali-vuelve-a-velez","status":"publish","type":"post","link":"https:\/\/entrenotasyacordes.com\/?p=13294","title":{"rendered":"LALI VUELVE A V\u00c9LEZ"},"content":{"rendered":"\n<!--more-->\n\n\n\n<p class=\"has-text-align-center\"><strong>LA IC\u00d3NICA ESTRELLA<br>ARGENTINA ANUNCIA SU<br>PR\u00d3XIMO ESTADIO Y<br>LA LOCURA ES TOTAL.<\/strong><\/p>\n\n\n<div class=\"wp-block-image\">\n<figure class=\"aligncenter size-full is-resized\"><img loading=\"lazy\" decoding=\"async\" width=\"420\" height=\"524\" src=\"https:\/\/entrenotasyacordes.com\/wp-content\/uploads\/2024\/12\/6aaaaaaaaaaaaaaaaaaa.jpg\" alt=\"\" class=\"wp-image-13295\" style=\"width:599px;height:auto\" srcset=\"https:\/\/entrenotasyacordes.com\/wp-content\/uploads\/2024\/12\/6aaaaaaaaaaaaaaaaaaa.jpg 420w, https:\/\/entrenotasyacordes.com\/wp-content\/uploads\/2024\/12\/6aaaaaaaaaaaaaaaaaaa-240x300.jpg 240w\" sizes=\"auto, (max-width: 420px) 100vw, 420px\" \/><\/figure>\n<\/div>\n\n\n<p class=\"has-text-align-center\"><strong>30 DE ABRIL | ESTADIO V\u00c9LEZ<\/strong><br><br><strong>PREVENTA DE ENTRADAS A PARTIR DEL VIERNES 20\/12 A LAS 10 HS<\/strong><br><em>\u00a0GALICIA Y GALICIA M\u00c1S VISA: 20% DE DESCUENTO<br>Y 6 CUOTAS SIN INTER\u00c9S<\/em><br><br><strong>VENTA GENERAL HABILITADA LUEGO DE AGOTARSE LA PREVENTA<\/strong><br><strong>A TRAV\u00c9S DE <\/strong><a href=\"https:\/\/eur01.safelinks.protection.outlook.com\/?url=https%3A%2F%2Fclick.emails.sonymusicfans.com%2F%3Fqs%3Dc809941fe0f1a7ae9f2580f982f3d76e87c647f4d5b3ae346b598ed37ecc59794555274bb5523f31756bf48003b5f3be094e70033aa7b2bb&amp;data=05%7C02%7Clucila.juan%40sonymusic.com%7Cf878a81fdede4ce7445908dd1f89f7f8%7Cf0aff3b791a54aaeaf71c63e1dda2049%7C0%7C0%7C638701399648942944%7CUnknown%7CTWFpbGZsb3d8eyJFbXB0eU1hcGkiOnRydWUsIlYiOiIwLjAuMDAwMCIsIlAiOiJXaW4zMiIsIkFOIjoiTWFpbCIsIldUIjoyfQ%3D%3D%7C0%7C%7C%7C&amp;sdata=vHWoj9zbCCjfDfC4W1gsCqze6mk78ZdRGXuahOjF2EM%3D&amp;reserved=0\"><strong>ENIGMATICKETS.COM<\/strong><\/a><br><br><strong>LUEGO DE REVOLUCIONAR LA ESCENA CON SUS RECIENTES Y EXITOSOS LANZAMIENTOS <\/strong><a href=\"https:\/\/eur01.safelinks.protection.outlook.com\/?url=https%3A%2F%2Fclick.emails.sonymusicfans.com%2F%3Fqs%3Dc809941fe0f1a7ae333f8a4e21e21bd813f7f1c88f3a2f641e1571bf2a21b6b03133d692e5d4918a4ef7603a2d244b5574487e808bca171f&amp;data=05%7C02%7Clucila.juan%40sonymusic.com%7Cf878a81fdede4ce7445908dd1f89f7f8%7Cf0aff3b791a54aaeaf71c63e1dda2049%7C0%7C0%7C638701399649108209%7CUnknown%7CTWFpbGZsb3d8eyJFbXB0eU1hcGkiOnRydWUsIlYiOiIwLjAuMDAwMCIsIlAiOiJXaW4zMiIsIkFOIjoiTWFpbCIsIldUIjoyfQ%3D%3D%7C0%7C%7C%7C&amp;sdata=i0x%2BoEB78F4kXWqhevbphWon%2F5fCWgRVoDo3jPc03lY%3D&amp;reserved=0\"><strong>\u201cFAN\u00c1TICO\u201d <\/strong><\/a><strong>Y <\/strong><a href=\"https:\/\/eur01.safelinks.protection.outlook.com\/?url=https%3A%2F%2Fclick.emails.sonymusicfans.com%2F%3Fqs%3Dc809941fe0f1a7ae21e8d9e3ee799b68cb08f4a0c296760d37bb43c5f575d9858c04be5d2052d31e760234773ca2ea874d378d03305f1d8a&amp;data=05%7C02%7Clucila.juan%40sonymusic.com%7Cf878a81fdede4ce7445908dd1f89f7f8%7Cf0aff3b791a54aaeaf71c63e1dda2049%7C0%7C0%7C638701399649126575%7CUnknown%7CTWFpbGZsb3d8eyJFbXB0eU1hcGkiOnRydWUsIlYiOiIwLjAuMDAwMCIsIlAiOiJXaW4zMiIsIkFOIjoiTWFpbCIsIldUIjoyfQ%3D%3D%7C0%7C%7C%7C&amp;sdata=0lwQ9jajwmlY8sgcniPvmn6c4CaKfruNZ0ScBXxRtQ0%3D&amp;reserved=0\"><strong>\u201cNO ME IMPORTA\u201d<\/strong><\/a><strong>, LA REINA DEL POP ANUNCI\u00d3 SU SHOW EN V\u00c9LEZ PARA EL 2025. CON NUEVO MATERIAL, LALI YA PREPARA UNA FIESTA ARROLLADORA PARA TODO SU FANDOM.<\/strong><\/p>\n\n\n\n<p class=\"has-text-align-left\">Cada noticia de <strong>LALI <\/strong>es un terremoto inmediato: La consagrada artista argentina impacta de lleno en el p\u00fablico y se ha convertido en la voz de una generaci\u00f3n, transmitiendo con su m\u00fasica las vivencias y emociones de millones de personas.<br><br>Este 2024 <strong>LALI <\/strong>sigui\u00f3 trabajando intensamente en nuevos proyectos que ya comenzaron a ver la luz y se volvieron inmediatamente en \u00e9xitos, arrasando en plataformas y marcando tendencia a nivel internacional. Su marca art\u00edstica integral, no s\u00f3lo compositiva y musical, sino perform\u00e1tica y conceptual es hoy una de las propuestas m\u00e1s contundentes de la escena.<br><br>El pr\u00f3ximo a\u00f1o la reina indiscutida vuelve a <strong>V\u00e9lez<\/strong>, para reunir a sus fans en un show hist\u00f3rico el <strong>30 de abril,<\/strong> y desplegar una fiesta como s\u00f3lo ella puede hacerlo, haciendo brillar el cielo de Buenos Aires.<\/p>\n\n\n\n<p><strong>La preventa de entradas ser\u00e1 a partir del viernes 20 de diciembre a las 10hs con 20% de descuento y 6 cuotas sin inter\u00e9s con <em>Galicia<\/em> y <em>Galicia M\u00e1s<\/em> Visa. La venta general quedar\u00e1 habilitada luego de agotarse la Preventa a trav\u00e9s de <\/strong><a href=\"https:\/\/eur01.safelinks.protection.outlook.com\/?url=https%3A%2F%2Fclick.emails.sonymusicfans.com%2F%3Fqs%3Dc809941fe0f1a7aefc6ccfd31546b7e24aa1dcaa63735600d7f233b718f0aaae93222a4f4dded375c1d001ad2ae1740a1340d6dfc99f0a64&amp;data=05%7C02%7Clucila.juan%40sonymusic.com%7Cf878a81fdede4ce7445908dd1f89f7f8%7Cf0aff3b791a54aaeaf71c63e1dda2049%7C0%7C0%7C638701399649141063%7CUnknown%7CTWFpbGZsb3d8eyJFbXB0eU1hcGkiOnRydWUsIlYiOiIwLjAuMDAwMCIsIlAiOiJXaW4zMiIsIkFOIjoiTWFpbCIsIldUIjoyfQ%3D%3D%7C0%7C%7C%7C&amp;sdata=Oht2OPkbnAUmCcaWBzViv61ei%2FKYNPZrPYHkuIu3sJo%3D&amp;reserved=0\"><strong>www.enigmatickets.com<\/strong><\/a><\/p>\n","protected":false},"excerpt":{"rendered":"","protected":false},"author":5,"featured_media":13295,"comment_status":"open","ping_status":"open","sticky":false,"template":"","format":"standard","meta":{"om_disable_all_campaigns":false,"_uf_show_specific_survey":0,"_uf_disable_surveys":false,"footnotes":""},"categories":[36],"tags":[],"class_list":["post-13294","post","type-post","status-publish","format-standard","has-post-thumbnail","hentry","category-conciertos"],"_links":{"self":[{"href":"https:\/\/entrenotasyacordes.com\/index.php?rest_route=\/wp\/v2\/posts\/13294","targetHints":{"allow":["GET"]}}],"collection":[{"href":"https:\/\/entrenotasyacordes.com\/index.php?rest_route=\/wp\/v2\/posts"}],"about":[{"href":"https:\/\/entrenotasyacordes.com\/index.php?rest_route=\/wp\/v2\/types\/post"}],"author":[{"embeddable":true,"href":"https:\/\/entrenotasyacordes.com\/index.php?rest_route=\/wp\/v2\/users\/5"}],"replies":[{"embeddable":true,"href":"https:\/\/entrenotasyacordes.com\/index.php?rest_route=%2Fwp%2Fv2%2Fcomments&post=13294"}],"version-history":[{"count":1,"href":"https:\/\/entrenotasyacordes.com\/index.php?rest_route=\/wp\/v2\/posts\/13294\/revisions"}],"predecessor-version":[{"id":13296,"href":"https:\/\/entrenotasyacordes.com\/index.php?rest_route=\/wp\/v2\/posts\/13294\/revisions\/13296"}],"wp:featuredmedia":[{"embeddable":true,"href":"https:\/\/entrenotasyacordes.com\/index.php?rest_route=\/wp\/v2\/media\/13295"}],"wp:attachment":[{"href":"https:\/\/entrenotasyacordes.com\/index.php?rest_route=%2Fwp%2Fv2%2Fmedia&parent=13294"}],"wp:term":[{"taxonomy":"category","embeddable":true,"href":"https:\/\/entrenotasyacordes.com\/index.php?rest_route=%2Fwp%2Fv2%2Fcategories&post=13294"},{"taxonomy":"post_tag","embeddable":true,"href":"https:\/\/entrenotasyacordes.com\/index.php?rest_route=%2Fwp%2Fv2%2Ftags&post=13294"}],"curies":[{"name":"wp","href":"https:\/\/api.w.org\/{rel}","templated":true}]}}