{"id":13320,"date":"2025-01-09T13:53:09","date_gmt":"2025-01-09T13:53:09","guid":{"rendered":"https:\/\/entrenotasyacordes.com\/?p=13320"},"modified":"2025-01-09T13:53:10","modified_gmt":"2025-01-09T13:53:10","slug":"la-cita-del-hard-rock-se-duplica-the-cult-confirma-una-segunda-fecha-en-argentina","status":"publish","type":"post","link":"https:\/\/entrenotasyacordes.com\/?p=13320","title":{"rendered":"LA CITA DEL HARD ROCK SE DUPLICA: THE CULT CONFIRMA UNA SEGUNDA FECHA EN ARGENTINA"},"content":{"rendered":"\n<!--more-->\n\n\n\n<p class=\"has-text-align-center\"><strong>1 DE MARZO &#8211; ESTADIO OBRAS\u00a0\u00a1AGOTADO!<\/strong><br><strong>2 DE MARZO &#8211; ESTADIO OBRAS\u00a0\u00a1NUEVA FECHA!<\/strong><\/p>\n\n\n\n<p class=\"has-text-align-center\">En el marco de su gira mundial \u201c8525\u201d que celebra cuatro d\u00e9cadas de trayectoria, The Cult vuelve a marcar un hito en la escena del rock pesado. Tras agotar entradas para su show del 1 de marzo, la banda brit\u00e1nica anuncia un segundo recital en el Estadio Obras, el 2 de marzo de 2025, para que nadie se quede afuera de esta celebraci\u00f3n \u00fanica.<\/p>\n\n\n\n<p class=\"has-text-align-center\"><strong>VENTA GENERAL: JUEVES 19 DE DICIEMBRE A LAS 13:00 HRS<\/strong><br><strong>ENTRADAS DISPONIBLES \u00daNICAMENTE POR\u00a0<a href=\"https:\/\/instagramc.tr.pemsv30.net\/c\/eyJhIjoiaW5zdGFncmFtYyIsIm0iOiJtYWlsX2NtNHZmYnVkcjhvMXEwODkxYmpudzBpangiLCJsIjoibGlua19lNjgyZjRjZmU1MTRkNzU5YzY4OWVmYmQzM2U2MDJiMzIzN2U3YTBiX2VkNzBjMyIsImkiOltdLCJ1IjoiaHR0cDovL0FMTEFDQ0VTUy5DT00uQVI_dXRtX3NvdXJjZT1wZXJmaXQmdXRtX21lZGl1bT1lbWFpbCZ1dG1fY2FtcGFpZ249VEhFJTIwQ1VMVCUyMCU3QyUyMFNFR1VORE8lMjBTSE9XIiwiYyI6IiIsImgiOiIyNGE0MjUifQ\" target=\"_blank\" rel=\"noreferrer noopener\">ALL ACCESS<\/a><\/strong><\/p>\n\n\n<div class=\"wp-block-image\">\n<figure class=\"aligncenter size-full is-resized\"><img loading=\"lazy\" decoding=\"async\" width=\"1080\" height=\"1080\" src=\"https:\/\/entrenotasyacordes.com\/wp-content\/uploads\/2025\/01\/7a.jpg\" alt=\"\" class=\"wp-image-13321\" style=\"width:599px;height:auto\" srcset=\"https:\/\/entrenotasyacordes.com\/wp-content\/uploads\/2025\/01\/7a.jpg 1080w, https:\/\/entrenotasyacordes.com\/wp-content\/uploads\/2025\/01\/7a-300x300.jpg 300w, https:\/\/entrenotasyacordes.com\/wp-content\/uploads\/2025\/01\/7a-1024x1024.jpg 1024w, https:\/\/entrenotasyacordes.com\/wp-content\/uploads\/2025\/01\/7a-150x150.jpg 150w, https:\/\/entrenotasyacordes.com\/wp-content\/uploads\/2025\/01\/7a-768x768.jpg 768w, https:\/\/entrenotasyacordes.com\/wp-content\/uploads\/2025\/01\/7a-50x50.jpg 50w\" sizes=\"auto, (max-width: 1080px) 100vw, 1080px\" \/><\/figure>\n<\/div>\n\n\n<p class=\"has-text-align-left\">The Cult, una de las bandas m\u00e1s emblem\u00e1ticas del rock global, regresa a Sudam\u00e9rica con un espect\u00e1culo imperdible que recorre sus 40 a\u00f1os de carrera. Luego de un primer show anunciado en el Estadio Obras, que marc\u00f3 un regreso triunfal tras su \u00faltima visita en 2017, la demanda del p\u00fablico argentino los llevar\u00e1 a repetir la experiencia la noche del 2 de marzo.<\/p>\n\n\n\n<p><strong>Ian Astbury<\/strong>&nbsp;y&nbsp;<strong>Billy Duffy,<\/strong>&nbsp;las fuerzas creativas detr\u00e1s de The Cult, desplegar\u00e1n toda su potencia musical con un repertorio que abarca \u00e9xitos ic\u00f3nicos como \u201c<strong>She Sells Sanctuary<\/strong>\u201d, \u201c<strong>Fire Woman<\/strong>\u201d y \u201c<strong>Rain<\/strong>\u201d, adem\u00e1s de cortes de su m\u00e1s reciente \u00e1lbum,&nbsp;<em>Under The Midnight Sun<\/em>&nbsp;(2022). Una propuesta que no s\u00f3lo revive cl\u00e1sicos de sus 11 discos de estudio, sino que tambi\u00e9n reafirma su vigencia en la escena contempor\u00e1nea.<\/p>\n\n\n\n<p>Las entradas para esta nueva fecha estar\u00e1n disponibles en la venta general que comenzar\u00e1 el jueves 19 de diciembre a las 13:00 horas, a trav\u00e9s de&nbsp;<a target=\"_blank\" href=\"https:\/\/instagramc.tr.pemsv30.net\/c\/eyJhIjoiaW5zdGFncmFtYyIsIm0iOiJtYWlsX2NtNHZmYnVkcjhvMXEwODkxYmpudzBpangiLCJsIjoibGlua19lNjgyZjRjZmU1MTRkNzU5YzY4OWVmYmQzM2U2MDJiMzIzN2U3YTBiXzBlN2I2YyIsImkiOltdLCJ1IjoiaHR0cDovL0FMTEFDQ0VTUy5DT00uQVI_dXRtX3NvdXJjZT1wZXJmaXQmdXRtX21lZGl1bT1lbWFpbCZ1dG1fY2FtcGFpZ249VEhFJTIwQ1VMVCUyMCU3QyUyMFNFR1VORE8lMjBTSE9XIiwiYyI6IiIsImgiOiJhZmY1NDYifQ\" rel=\"noreferrer noopener\">All Access<\/a>.<\/p>\n\n\n\n<p>Esta segunda oportunidad de disfrutar de The Cult en vivo consolida el 2025 como un a\u00f1o clave para los fan\u00e1ticos del rock en Argentina. Obras vuelve a ser el epicentro donde se cruzan la energ\u00eda, el talento y la historia de una de las bandas que definieron el hard rock a nivel mundial.<\/p>\n","protected":false},"excerpt":{"rendered":"","protected":false},"author":5,"featured_media":13321,"comment_status":"open","ping_status":"open","sticky":false,"template":"","format":"standard","meta":{"om_disable_all_campaigns":false,"_uf_show_specific_survey":0,"_uf_disable_surveys":false,"footnotes":""},"categories":[36],"tags":[],"class_list":["post-13320","post","type-post","status-publish","format-standard","has-post-thumbnail","hentry","category-conciertos"],"_links":{"self":[{"href":"https:\/\/entrenotasyacordes.com\/index.php?rest_route=\/wp\/v2\/posts\/13320","targetHints":{"allow":["GET"]}}],"collection":[{"href":"https:\/\/entrenotasyacordes.com\/index.php?rest_route=\/wp\/v2\/posts"}],"about":[{"href":"https:\/\/entrenotasyacordes.com\/index.php?rest_route=\/wp\/v2\/types\/post"}],"author":[{"embeddable":true,"href":"https:\/\/entrenotasyacordes.com\/index.php?rest_route=\/wp\/v2\/users\/5"}],"replies":[{"embeddable":true,"href":"https:\/\/entrenotasyacordes.com\/index.php?rest_route=%2Fwp%2Fv2%2Fcomments&post=13320"}],"version-history":[{"count":1,"href":"https:\/\/entrenotasyacordes.com\/index.php?rest_route=\/wp\/v2\/posts\/13320\/revisions"}],"predecessor-version":[{"id":13322,"href":"https:\/\/entrenotasyacordes.com\/index.php?rest_route=\/wp\/v2\/posts\/13320\/revisions\/13322"}],"wp:featuredmedia":[{"embeddable":true,"href":"https:\/\/entrenotasyacordes.com\/index.php?rest_route=\/wp\/v2\/media\/13321"}],"wp:attachment":[{"href":"https:\/\/entrenotasyacordes.com\/index.php?rest_route=%2Fwp%2Fv2%2Fmedia&parent=13320"}],"wp:term":[{"taxonomy":"category","embeddable":true,"href":"https:\/\/entrenotasyacordes.com\/index.php?rest_route=%2Fwp%2Fv2%2Fcategories&post=13320"},{"taxonomy":"post_tag","embeddable":true,"href":"https:\/\/entrenotasyacordes.com\/index.php?rest_route=%2Fwp%2Fv2%2Ftags&post=13320"}],"curies":[{"name":"wp","href":"https:\/\/api.w.org\/{rel}","templated":true}]}}