{"id":13323,"date":"2025-01-09T13:56:39","date_gmt":"2025-01-09T13:56:39","guid":{"rendered":"https:\/\/entrenotasyacordes.com\/?p=13323"},"modified":"2025-01-09T13:56:40","modified_gmt":"2025-01-09T13:56:40","slug":"arbol-anuncia-su-primer-show-en-caba-del-2025-en-el-complejo-art-media","status":"publish","type":"post","link":"https:\/\/entrenotasyacordes.com\/?p=13323","title":{"rendered":"\u00c1RBOL anuncia su primer show en CABA del 2025 en el Complejo Art Media"},"content":{"rendered":"\n<!--more-->\n\n\n\n<p class=\"has-text-align-center\">Luego de un 2024 con una gira que los llev\u00f3 por muchos escenarios de\u00a0 ciudades de Argentina, Uruguay y Europa, la banda anuncia la salida a la venta de su primer show en CABA del 2025.\u00a0<\/p>\n\n\n\n<p class=\"has-text-align-center\"><strong>S\u00e1bado 10 de mayo- 21 hs<br>COMPLEJO C ART MEDIA (Corrientes 6271)<br>Entradas a la venta en:\u00a0<a href=\"https:\/\/delivery.hipermailer.com.ar\/do\/trkln.php?index=1024083402AZD&amp;id=ristywusepuwustwt&amp;url=aHR0cHM6Ly93d3cucGFzc2xpbmUuY29tL2V2ZW50b3MvYXJib2w%3D\">www.passline.com\u00a0<\/a><\/strong><\/p>\n\n\n<div class=\"wp-block-image\">\n<figure class=\"aligncenter size-full is-resized\"><img loading=\"lazy\" decoding=\"async\" width=\"1024\" height=\"576\" src=\"https:\/\/entrenotasyacordes.com\/wp-content\/uploads\/2025\/01\/7b.jpg\" alt=\"\" class=\"wp-image-13324\" style=\"width:599px;height:auto\" srcset=\"https:\/\/entrenotasyacordes.com\/wp-content\/uploads\/2025\/01\/7b.jpg 1024w, https:\/\/entrenotasyacordes.com\/wp-content\/uploads\/2025\/01\/7b-300x169.jpg 300w, https:\/\/entrenotasyacordes.com\/wp-content\/uploads\/2025\/01\/7b-768x432.jpg 768w\" sizes=\"auto, (max-width: 1024px) 100vw, 1024px\" \/><\/figure>\n<\/div>\n\n\n<p class=\"has-text-align-left\"><strong>\u00c1rbol&nbsp;<\/strong>anuncia su&nbsp;<strong>primer show en CABA para el 2025<\/strong>. El pr\u00f3ximo 10 de mayo, a las 21 horas, la banda formada por Pablo Romero, Sebasti\u00e1n Bianchini, Hern\u00e1n Bruckner y Mart\u00edn Mill\u00e1n llegar\u00e1 por primera vez al&nbsp;<strong>Complejo C Art Media<\/strong>&nbsp;(Av. Corrientes 6271)&nbsp; para reencontrarse con el p\u00fablico porte\u00f1o con un show totalmente renovado. Esa noche, no s\u00f3lo ser\u00e1 una gran oportunidad para escuchar, bailar, cantar y poguear los cl\u00e1sicos de siempre, como \u201cTrenes camiones y tractores\u201d, \u201cpeque\u00f1os sue\u00f1os\u201d, \u201cLa nena monstruo\u201d, \u201cEl fantasma\u201d, hits indiscutibles que supieron nutrir la discograf\u00eda de \u00c1rbol en \u00e9stos casi 30 a\u00f1os de m\u00fasica. Adem\u00e1s, la banda&nbsp;<strong>anticipar\u00e1 los temas de lo que ser\u00e1 su pr\u00f3ximo \u00e1lbum<\/strong>, que ver\u00e1 la luz a mediados de a\u00f1o. Las entradas se pueden adquirir por sistema en&nbsp;<a href=\"https:\/\/delivery.hipermailer.com.ar\/do\/trkln.php?index=1024083402AZD&amp;id=ristywusepuwustwt&amp;url=aHR0cHM6Ly93d3cucGFzc2xpbmUuY29tL2V2ZW50b3MvYXJib2w%3D\">www.passline.com<\/a>.<\/p>\n\n\n\n<p class=\"has-text-align-left\">Antes de este show, la banda realizar\u00e1 una gira de verano, con shows en Mar del Plata, Necochea y Tandil. Adem\u00e1s, el 31 de enero se presentar\u00e1 en Paraguay. Durante el 2024, \u00c1rbol realiz\u00f3 una exitosa gira, repleta de shows, con la que\u00a0 recorrieron las principales ciudades de Argentina, Uruguay, Europa y un 2025 que comienza con shows en la costa Argentina y Paraguay.\u00a0<\/p>\n\n\n\n<p class=\"has-text-align-center\"><strong>SOBRE \u00c1RBOL:<\/strong><\/p>\n\n\n\n<p>\u00c1rbol es una banda de rock alternativo formada a finales de 1994 en Haedo, zona oeste del Gran Buenos Aires.<\/p>\n\n\n\n<p>En\u00a0<strong>1996\u00a0<\/strong>registran en forma independiente su primera producci\u00f3n discogr\u00e1fica, \u00abJard\u00edn Fren\u00e9tico\u00bb. Este material fue presentado en la exposici\u00f3n multimedia Rock Nacional 30 A\u00f1os, en \u00abBuenos Aires No Duerme\u00bb y como invitados en shows de Los Caballeros de la Quema y Bersuit Vergarabat.<\/p>\n\n\n\n<p>A trav\u00e9s del grupo mexicano&nbsp;<strong>Caf\u00e9 Tacuba<\/strong>&nbsp;llega una copia de este disco a&nbsp;<strong>Gustavo Santaolalla<\/strong>, quien los convoca para firmar contrato con el sello Surco, all\u00ed editaron el primer disco.&nbsp;Junto a&nbsp;<strong>Attaque 77<\/strong>&nbsp;realizaron, en el a\u00f1o&nbsp;<strong>2000<\/strong>, una extensa gira por la Costa Atl\u00e1ntica y otra por una docena de ciudades en el interior del pa\u00eds. Luego encararon un tour por Estados Unidos y M\u00e9xico.&nbsp;<\/p>\n\n\n\n<p>A fines de&nbsp;<strong>2001&nbsp;<\/strong>lanzaron \u00abChapusong\u2018s\u00bb, el nuevo disco, en el cual siguieron experimentando con diversos ritmos.&nbsp;En el&nbsp;<strong>2004<\/strong>, bajo la producci\u00f3n de \u00c1rbol y de Gustavo Santaolalla, lanzan al mercado su disco \u201cGuau!\u201d. Este \u00e1lbum contiene doce canciones, entre ellas una versi\u00f3n vocal del cl\u00e1sico de Los Redondos \u00abJi Ji Ji\u00bb. Entre sus nuevas composiciones se destacan, \u00abPeque\u00f1os Sue\u00f1os\u00bb y \u00abEl Fantasma\u00bb.&nbsp;<\/p>\n\n\n\n<p>En&nbsp;<strong>2006&nbsp;<\/strong>\u00c1rbol edita su primer DVD, titulado \u00abMiau!\u00bb, con im\u00e1genes exclusivas extra\u00eddas de los shows que dieron el 8 y 9 de julio de 2005 en el Estadio Obras de Buenos Aires.&nbsp;En&nbsp;<strong>2007&nbsp;<\/strong>edita el cuarto disco titulado \u00abHormigas\u00bb.&nbsp;En octubre de 2009 sale a la venta \u00abNo Me Etiquetes\u00bb, nuevo \u00e1lbum, cuyo primer corte se titula \u00abEl S\u00e1bado En Ramos\u00bb.&nbsp;&nbsp;En 2017 lanzan el sencillo \u00abTiembla el Piso\u00bb, con el sello PopArt.&nbsp;En 2018 presentan el tema \u00abLa Vida Es Todo Lo Que Vos Quieras\u00bb.&nbsp;<\/p>\n\n\n\n<p>En&nbsp;<strong>2020<\/strong>, la banda presenta una reversi\u00f3n de su cl\u00e1sico tema \u00abEl Fantasma\u00bb, canci\u00f3n del disco \u00abGuau\u00bb. El primero de mayo de reversionan \u00abPrejuicios\u00bb, con la colaboraci\u00f3n del artista mexicano Lng Sht.&nbsp;En agosto del mismo a\u00f1o hacen una emotiva reversi\u00f3n de \u201cPeque\u00f1os Sue\u00f1os\u201d junto a Natalie P\u00e9rez. Ese a\u00f1o \u00c1rbol publica el single \u00abAzul\u00bb junto a Nunca Rodrigo.&nbsp;<\/p>\n\n\n\n<p>En\u00a0<strong>2022\u00a0<\/strong>la banda saca un nuevo disco \u201cHongo\u201d y publica el tema \u00abGoodbye adi\u00f3s\u00bb y \u201cEscapar\u201d como sus primeros singles.<\/p>\n\n\n\n<p>Durante\u00a0<strong>2024\u00a0<\/strong>realizaron una gira por Mallorca, Madrid, Valencia y Barcelona, realizaron conciertos en Uruguay, Paraguay y por las\u00a0 principales ciudades de Argentina. En septiembre lanzaron la reversi\u00f3n del cl\u00e1sico \u201cYa lo Sabemos Ft Sebasti\u00e1n Teysera\u201d cantante de La Vela Puerca. Para\u00a0<strong>2025\u00a0<\/strong>ya tienen anunciada la gira de Verano, por las ciudades de Tandil, Necochea, Mar del Plata y Paraguay.<\/p>\n\n\n\n<p>\u00c1rbol son: Pablo Romero (Voz y guitarra) Sebasti\u00e1n Bianchini (bajo, stick y voz) Hern\u00e1n Bruckner (guitarra, teclado, mel\u00f3dica, charango y voz) Mart\u00edn Mill\u00e1n (Bater\u00eda, xilof\u00f3n y voz).<\/p>\n","protected":false},"excerpt":{"rendered":"","protected":false},"author":5,"featured_media":13324,"comment_status":"open","ping_status":"open","sticky":false,"template":"","format":"standard","meta":{"om_disable_all_campaigns":false,"_uf_show_specific_survey":0,"_uf_disable_surveys":false,"footnotes":""},"categories":[36],"tags":[],"class_list":["post-13323","post","type-post","status-publish","format-standard","has-post-thumbnail","hentry","category-conciertos"],"_links":{"self":[{"href":"https:\/\/entrenotasyacordes.com\/index.php?rest_route=\/wp\/v2\/posts\/13323","targetHints":{"allow":["GET"]}}],"collection":[{"href":"https:\/\/entrenotasyacordes.com\/index.php?rest_route=\/wp\/v2\/posts"}],"about":[{"href":"https:\/\/entrenotasyacordes.com\/index.php?rest_route=\/wp\/v2\/types\/post"}],"author":[{"embeddable":true,"href":"https:\/\/entrenotasyacordes.com\/index.php?rest_route=\/wp\/v2\/users\/5"}],"replies":[{"embeddable":true,"href":"https:\/\/entrenotasyacordes.com\/index.php?rest_route=%2Fwp%2Fv2%2Fcomments&post=13323"}],"version-history":[{"count":1,"href":"https:\/\/entrenotasyacordes.com\/index.php?rest_route=\/wp\/v2\/posts\/13323\/revisions"}],"predecessor-version":[{"id":13325,"href":"https:\/\/entrenotasyacordes.com\/index.php?rest_route=\/wp\/v2\/posts\/13323\/revisions\/13325"}],"wp:featuredmedia":[{"embeddable":true,"href":"https:\/\/entrenotasyacordes.com\/index.php?rest_route=\/wp\/v2\/media\/13324"}],"wp:attachment":[{"href":"https:\/\/entrenotasyacordes.com\/index.php?rest_route=%2Fwp%2Fv2%2Fmedia&parent=13323"}],"wp:term":[{"taxonomy":"category","embeddable":true,"href":"https:\/\/entrenotasyacordes.com\/index.php?rest_route=%2Fwp%2Fv2%2Fcategories&post=13323"},{"taxonomy":"post_tag","embeddable":true,"href":"https:\/\/entrenotasyacordes.com\/index.php?rest_route=%2Fwp%2Fv2%2Ftags&post=13323"}],"curies":[{"name":"wp","href":"https:\/\/api.w.org\/{rel}","templated":true}]}}