{"id":13326,"date":"2025-01-09T14:00:54","date_gmt":"2025-01-09T14:00:54","guid":{"rendered":"https:\/\/entrenotasyacordes.com\/?p=13326"},"modified":"2025-01-09T14:00:55","modified_gmt":"2025-01-09T14:00:55","slug":"el-puma-rodriguez-y-los-palmeras-anuncian-su-show-juntos-en-el-movistar-arena","status":"publish","type":"post","link":"https:\/\/entrenotasyacordes.com\/?p=13326","title":{"rendered":"EL PUMA RODR\u00cdGUEZ y LOS PALMERAS ANUNCIAN SU SHOW JUNTOS EN EL MOVISTAR ARENA"},"content":{"rendered":"\n<!--more-->\n\n\n\n<p class=\"has-text-align-center\"><strong>Entradas a la venta por la web del Movistar Arena, haciendo clic\u00a0<a href=\"https:\/\/mkprensa.mailrelay-iv.es\/c\/39wdrp\/fnfnfdps\/33vy8ka4ewg\">ac\u00e1<\/a><\/strong><\/p>\n\n\n<div class=\"wp-block-image\">\n<figure class=\"aligncenter size-full is-resized\"><img loading=\"lazy\" decoding=\"async\" width=\"1080\" height=\"1080\" src=\"https:\/\/entrenotasyacordes.com\/wp-content\/uploads\/2025\/01\/7c.jpg\" alt=\"\" class=\"wp-image-13327\" style=\"width:599px;height:auto\" srcset=\"https:\/\/entrenotasyacordes.com\/wp-content\/uploads\/2025\/01\/7c.jpg 1080w, https:\/\/entrenotasyacordes.com\/wp-content\/uploads\/2025\/01\/7c-300x300.jpg 300w, https:\/\/entrenotasyacordes.com\/wp-content\/uploads\/2025\/01\/7c-1024x1024.jpg 1024w, https:\/\/entrenotasyacordes.com\/wp-content\/uploads\/2025\/01\/7c-150x150.jpg 150w, https:\/\/entrenotasyacordes.com\/wp-content\/uploads\/2025\/01\/7c-768x768.jpg 768w, https:\/\/entrenotasyacordes.com\/wp-content\/uploads\/2025\/01\/7c-50x50.jpg 50w\" sizes=\"auto, (max-width: 1080px) 100vw, 1080px\" \/><\/figure>\n<\/div>\n\n\n<p class=\"has-text-align-left\">El ic\u00f3nico cantante&nbsp;<strong>Jos\u00e9 Luis Rodr\u00edguez,&nbsp;<\/strong><strong><em>El Puma<\/em><\/strong><strong>,<\/strong>&nbsp;y el popular grupo santafesino&nbsp;<strong>Los Palmeras<\/strong>&nbsp;se unir\u00e1n por primera vez en un escenario, presentando&nbsp;<strong>\u00abUna noche de oro\u00bb<\/strong>, un espect\u00e1culo musical \u00fanico e inolvidable. Este esperado evento se llevar\u00e1 a cabo el&nbsp;<strong>1 de junio de 2025 en el Movistar Arena<\/strong>, con entradas disponibles a partir del&nbsp;<strong>19 de diciembre a las xx:00 hs.<\/strong><\/p>\n\n\n\n<p class=\"has-text-align-left\"><strong>M\u00e1s sobre Los Palmeras<\/strong><\/p>\n\n\n\n<p><strong>Los Palmeras,<\/strong>&nbsp;la emblem\u00e1tica banda de cumbia oriunda de Santa Fe, Argentina, comenz\u00f3 su carrera a fines de 1972, y hoy celebran 52 a\u00f1os de trayectoria ininterrumpida en la m\u00fasica. Con&nbsp;<strong>52 discos<\/strong>&nbsp;y&nbsp;<strong>39 singles<\/strong>&nbsp;en colaboraci\u00f3n con los artistas m\u00e1s destacados de diversos g\u00e9neros, la banda ha cosechado m\u00faltiples premios, incluidos&nbsp;<strong>9 Premios Carlos Gardel<\/strong>, el&nbsp;<strong>Konex de platino<\/strong>&nbsp;y&nbsp;<strong>2 premios Clave de Sol<\/strong>.<\/p>\n\n\n\n<p class=\"has-text-align-left\">En 2017, Los Palmeras grabaron junto a la Orquesta Sinf\u00f3nica de Santa Fe y, en 2019, fueron parte de la Final de la\u00a0<strong>Copa Conmebol Sudamericana<\/strong>\u00a0en Asunci\u00f3n, Paraguay. La banda ha realizado exitosas giras por Estados Unidos, Espa\u00f1a, Brasil, Uruguay, Paraguay y Chile, consolid\u00e1ndose como uno de los grupos m\u00e1s convocantes de Argentina. Su presencia en escenarios ic\u00f3nicos como el\u00a0<strong>Teatro Col\u00f3n<\/strong>\u00a0y el\u00a0<strong>Movistar Arena<\/strong>\u00a0de Buenos Aires, as\u00ed como en diversos pa\u00edses, ratifica su estatus de leyenda. Reconocidos por su profesionalismo y rigurosidad, Los Palmeras siguen siendo un pilar fundamental de la m\u00fasica popular argentina.<\/p>\n\n\n\n<p class=\"has-text-align-left\"><strong>M\u00e1s sobre Jos\u00e9 Luis Rodr\u00edguez \u00abEl Puma\u00bb<\/strong><\/p>\n\n\n\n<p><strong>Jos\u00e9 Luis Rodr\u00edguez<\/strong>, conocido mundialmente como&nbsp;<strong>El Puma<\/strong>, es un referente indiscutido de la m\u00fasica latina. Desde sus inicios en bandas locales, su talento lo llev\u00f3 a formar parte de la orquesta&nbsp;<strong>Billo&#8217;s Caracas Boys<\/strong>, lo que marc\u00f3 el inicio de su exitosa carrera como solista.<\/p>\n\n\n\n<p>Con \u00e9xitos inolvidables como \u00abVoy a perder la cabeza por tu amor\u00bb y \u00abDue\u00f1o de nada\u00bb, El Puma ha conquistado escenarios de todo el mundo. Su participaci\u00f3n en festivales de renombre como&nbsp;<strong>Vi\u00f1a del Mar<\/strong>&nbsp;y&nbsp;<strong>San Remo<\/strong>&nbsp;ha dejado una huella imborrable en la historia de la m\u00fasica latina.<\/p>\n\n\n\n<p class=\"has-text-align-left\">Gracias a su inconfundible voz, su carisma y su versatilidad interpretativa,&nbsp;<strong>El Puma<\/strong>&nbsp;contin\u00faa siendo un \u00edcono de la m\u00fasica rom\u00e1ntica. Su capacidad para conectar con el p\u00fablico lo ha mantenido vigente a lo largo de los a\u00f1os, consolid\u00e1ndose como una de las figuras m\u00e1s queridas del panorama musical.<\/p>\n","protected":false},"excerpt":{"rendered":"","protected":false},"author":5,"featured_media":13327,"comment_status":"open","ping_status":"open","sticky":false,"template":"","format":"standard","meta":{"om_disable_all_campaigns":false,"_uf_show_specific_survey":0,"_uf_disable_surveys":false,"footnotes":""},"categories":[36],"tags":[],"class_list":["post-13326","post","type-post","status-publish","format-standard","has-post-thumbnail","hentry","category-conciertos"],"_links":{"self":[{"href":"https:\/\/entrenotasyacordes.com\/index.php?rest_route=\/wp\/v2\/posts\/13326","targetHints":{"allow":["GET"]}}],"collection":[{"href":"https:\/\/entrenotasyacordes.com\/index.php?rest_route=\/wp\/v2\/posts"}],"about":[{"href":"https:\/\/entrenotasyacordes.com\/index.php?rest_route=\/wp\/v2\/types\/post"}],"author":[{"embeddable":true,"href":"https:\/\/entrenotasyacordes.com\/index.php?rest_route=\/wp\/v2\/users\/5"}],"replies":[{"embeddable":true,"href":"https:\/\/entrenotasyacordes.com\/index.php?rest_route=%2Fwp%2Fv2%2Fcomments&post=13326"}],"version-history":[{"count":1,"href":"https:\/\/entrenotasyacordes.com\/index.php?rest_route=\/wp\/v2\/posts\/13326\/revisions"}],"predecessor-version":[{"id":13328,"href":"https:\/\/entrenotasyacordes.com\/index.php?rest_route=\/wp\/v2\/posts\/13326\/revisions\/13328"}],"wp:featuredmedia":[{"embeddable":true,"href":"https:\/\/entrenotasyacordes.com\/index.php?rest_route=\/wp\/v2\/media\/13327"}],"wp:attachment":[{"href":"https:\/\/entrenotasyacordes.com\/index.php?rest_route=%2Fwp%2Fv2%2Fmedia&parent=13326"}],"wp:term":[{"taxonomy":"category","embeddable":true,"href":"https:\/\/entrenotasyacordes.com\/index.php?rest_route=%2Fwp%2Fv2%2Fcategories&post=13326"},{"taxonomy":"post_tag","embeddable":true,"href":"https:\/\/entrenotasyacordes.com\/index.php?rest_route=%2Fwp%2Fv2%2Ftags&post=13326"}],"curies":[{"name":"wp","href":"https:\/\/api.w.org\/{rel}","templated":true}]}}