{"id":13329,"date":"2025-01-09T14:06:05","date_gmt":"2025-01-09T14:06:05","guid":{"rendered":"https:\/\/entrenotasyacordes.com\/?p=13329"},"modified":"2025-01-09T14:06:06","modified_gmt":"2025-01-09T14:06:06","slug":"pascu-y-rodri-llegan-a-argentina-con-su-nuevo-tour-mundial","status":"publish","type":"post","link":"https:\/\/entrenotasyacordes.com\/?p=13329","title":{"rendered":"PASCU Y RODRI LLEGAN A ARGENTINA CON SU NUEVO TOUR\u00a0 MUNDIAL\u00a0"},"content":{"rendered":"\n<!--more-->\n\n\n\n<p class=\"has-text-align-center\"><strong>DESTRIPANDO LA HISTORIA<\/strong><br><strong>\u201cEL AMANECER DE LOS DIOSES\u201d<\/strong><\/p>\n\n\n\n<p class=\"has-text-align-center\"><strong>EL FEN\u00d3MENO DE YOUTUBE DESTRIPANDO LA HISTORIA LLEGA EL 3<\/strong><br><strong>DE MAYO DEL 2025 \u00a0EN EL CLUB MUSEUM<\/strong><\/p>\n\n\n<div class=\"wp-block-image\">\n<figure class=\"aligncenter size-full\"><img loading=\"lazy\" decoding=\"async\" width=\"731\" height=\"505\" src=\"https:\/\/entrenotasyacordes.com\/wp-content\/uploads\/2025\/01\/7dd.jpg\" alt=\"\" class=\"wp-image-13330\" srcset=\"https:\/\/entrenotasyacordes.com\/wp-content\/uploads\/2025\/01\/7dd.jpg 731w, https:\/\/entrenotasyacordes.com\/wp-content\/uploads\/2025\/01\/7dd-300x207.jpg 300w\" sizes=\"auto, (max-width: 731px) 100vw, 731px\" \/><\/figure>\n<\/div>\n\n\n<p><strong>\u00a1Gran noticia! Este 2025, Pascu y Rodri, los genios detr\u00e1s del fen\u00f3meno\u00a0 Destripando la Historia, llegar\u00e1n a Argentina con su nuevo y esperado Tour\u00a0 Mundial:\u00a0<\/strong>\u00a1El Amanecer de los Dioses!. El 3 de mayo en el Club Museum, prep\u00e1rate\u00a0 para una experiencia \u00e9pica que mezcla mitolog\u00eda, humor y m\u00fasica como nunca\u00a0 antes.<\/p>\n\n\n<div class=\"wp-block-image\">\n<figure class=\"aligncenter size-full is-resized\"><img loading=\"lazy\" decoding=\"async\" width=\"841\" height=\"409\" src=\"https:\/\/entrenotasyacordes.com\/wp-content\/uploads\/2025\/01\/7ddd.jpg\" alt=\"\" class=\"wp-image-13331\" style=\"width:705px;height:auto\" srcset=\"https:\/\/entrenotasyacordes.com\/wp-content\/uploads\/2025\/01\/7ddd.jpg 841w, https:\/\/entrenotasyacordes.com\/wp-content\/uploads\/2025\/01\/7ddd-300x146.jpg 300w, https:\/\/entrenotasyacordes.com\/wp-content\/uploads\/2025\/01\/7ddd-768x373.jpg 768w\" sizes=\"auto, (max-width: 841px) 100vw, 841px\" \/><\/figure>\n<\/div>\n\n\n<p class=\"has-text-align-left\">Tras el \u00e9xito arrollador de su anterior \u00ab<strong>Loki Tour\u00bb<\/strong>, con recintos llenos y fans pidiendo m\u00e1s, ahora presentan un espect\u00e1culo que eleva su creatividad al m\u00e1ximo.\u00a0<strong>\u00abEl Amanecer de los Dioses\u00bb<\/strong>\u00a0promete una fusi\u00f3n inolvidable de sus famosas parodias con una puesta en escena visual y musical que enamorar\u00e1 tanto a sus seguidores m\u00e1s fieles como a los nuevos.<\/p>\n\n\n\n<p>Con m\u00e1s de\u00a0<strong>600 mil oyentes mensuales en plataformas digitales y \u00e9xitos como \u201cHades\u201d, que acumula m\u00e1s de 67 millones de reproducciones en YouTube<\/strong>, Pascu y Rodri se han convertido en los reyes de las parodias mitol\u00f3gicas en espa\u00f1ol. Su \u00e9xito ha trascendido la pantalla, con libros, juegos de mesa y espect\u00e1culos en vivo que combinan educaci\u00f3n y entretenimiento de forma \u00fanica.<\/p>\n\n\n<div class=\"wp-block-image\">\n<figure class=\"aligncenter size-full is-resized\"><img loading=\"lazy\" decoding=\"async\" width=\"1600\" height=\"1600\" src=\"https:\/\/entrenotasyacordes.com\/wp-content\/uploads\/2025\/01\/7d.jpg\" alt=\"\" class=\"wp-image-13332\" style=\"width:503px;height:auto\" srcset=\"https:\/\/entrenotasyacordes.com\/wp-content\/uploads\/2025\/01\/7d.jpg 1600w, https:\/\/entrenotasyacordes.com\/wp-content\/uploads\/2025\/01\/7d-300x300.jpg 300w, https:\/\/entrenotasyacordes.com\/wp-content\/uploads\/2025\/01\/7d-1024x1024.jpg 1024w, https:\/\/entrenotasyacordes.com\/wp-content\/uploads\/2025\/01\/7d-150x150.jpg 150w, https:\/\/entrenotasyacordes.com\/wp-content\/uploads\/2025\/01\/7d-768x768.jpg 768w, https:\/\/entrenotasyacordes.com\/wp-content\/uploads\/2025\/01\/7d-1536x1536.jpg 1536w, https:\/\/entrenotasyacordes.com\/wp-content\/uploads\/2025\/01\/7d-50x50.jpg 50w\" sizes=\"auto, (max-width: 1600px) 100vw, 1600px\" \/><\/figure>\n<\/div>\n\n\n<p class=\"has-text-align-center\">Este tour promete hacerte cantar, re\u00edr y vivir la magia de los dioses como nunca.<br><strong>\u00a1No te pierdas este evento \u00fanico!<\/strong><\/p>\n","protected":false},"excerpt":{"rendered":"","protected":false},"author":5,"featured_media":13332,"comment_status":"open","ping_status":"open","sticky":false,"template":"","format":"standard","meta":{"om_disable_all_campaigns":false,"_uf_show_specific_survey":0,"_uf_disable_surveys":false,"footnotes":""},"categories":[36],"tags":[],"class_list":["post-13329","post","type-post","status-publish","format-standard","has-post-thumbnail","hentry","category-conciertos"],"_links":{"self":[{"href":"https:\/\/entrenotasyacordes.com\/index.php?rest_route=\/wp\/v2\/posts\/13329","targetHints":{"allow":["GET"]}}],"collection":[{"href":"https:\/\/entrenotasyacordes.com\/index.php?rest_route=\/wp\/v2\/posts"}],"about":[{"href":"https:\/\/entrenotasyacordes.com\/index.php?rest_route=\/wp\/v2\/types\/post"}],"author":[{"embeddable":true,"href":"https:\/\/entrenotasyacordes.com\/index.php?rest_route=\/wp\/v2\/users\/5"}],"replies":[{"embeddable":true,"href":"https:\/\/entrenotasyacordes.com\/index.php?rest_route=%2Fwp%2Fv2%2Fcomments&post=13329"}],"version-history":[{"count":1,"href":"https:\/\/entrenotasyacordes.com\/index.php?rest_route=\/wp\/v2\/posts\/13329\/revisions"}],"predecessor-version":[{"id":13333,"href":"https:\/\/entrenotasyacordes.com\/index.php?rest_route=\/wp\/v2\/posts\/13329\/revisions\/13333"}],"wp:featuredmedia":[{"embeddable":true,"href":"https:\/\/entrenotasyacordes.com\/index.php?rest_route=\/wp\/v2\/media\/13332"}],"wp:attachment":[{"href":"https:\/\/entrenotasyacordes.com\/index.php?rest_route=%2Fwp%2Fv2%2Fmedia&parent=13329"}],"wp:term":[{"taxonomy":"category","embeddable":true,"href":"https:\/\/entrenotasyacordes.com\/index.php?rest_route=%2Fwp%2Fv2%2Fcategories&post=13329"},{"taxonomy":"post_tag","embeddable":true,"href":"https:\/\/entrenotasyacordes.com\/index.php?rest_route=%2Fwp%2Fv2%2Ftags&post=13329"}],"curies":[{"name":"wp","href":"https:\/\/api.w.org\/{rel}","templated":true}]}}