{"id":13334,"date":"2025-01-09T14:16:34","date_gmt":"2025-01-09T14:16:34","guid":{"rendered":"https:\/\/entrenotasyacordes.com\/?p=13334"},"modified":"2025-01-09T14:16:35","modified_gmt":"2025-01-09T14:16:35","slug":"picus-llega-por-primera-vez-al-movistar-arena-23-de-mayo-entradas-a-la-venta-a-partir-del-viernes-10-de-enero","status":"publish","type":"post","link":"https:\/\/entrenotasyacordes.com\/?p=13334","title":{"rendered":"\u00a1PICUS llega por primera vez al MOVISTAR ARENA! 23 de mayo- Entradas a la venta a partir del VIERNES 10 DE ENERO"},"content":{"rendered":"\n<!--more-->\n\n\n\n<p class=\"has-text-align-center\"><strong>Luego de un Gran Rex agotado en su gira \u00abEvolution Tour\u00bb, el tr\u00edo de hermanos mexicanos conformado por\u00a0Luigi, Tony y Picu, vuelve al pa\u00eds para desembarcar por\u00a0primera vez en el\u00a0Movistar Arena.<\/strong><\/p>\n\n\n\n<p class=\"has-text-align-center\"><strong>ENTRADAS A LA VENTA A PARTIR DEL VIERNES 10 DE ENERO<\/strong> <strong><a href=\"https:\/\/delivery.hipermailer.com.ar\/do\/trkln.php?index=1024083402AZD&amp;id=wotuseqoosepurwsree&amp;url=aHR0cHM6Ly93d3cubW92aXN0YXJhcmVuYS5jb20uYXIvc2hvdy9kMmViMWMyMy00OTNmLTRkOGUtOWExMi04NGUyMmY4ZmM0ZjM%3D\">AQU\u00cd<\/a><\/strong><\/p>\n\n\n<div class=\"wp-block-image\">\n<figure class=\"aligncenter size-full\"><img loading=\"lazy\" decoding=\"async\" width=\"1080\" height=\"1080\" src=\"https:\/\/entrenotasyacordes.com\/wp-content\/uploads\/2025\/01\/7e.png\" alt=\"\" class=\"wp-image-13335\" srcset=\"https:\/\/entrenotasyacordes.com\/wp-content\/uploads\/2025\/01\/7e.png 1080w, https:\/\/entrenotasyacordes.com\/wp-content\/uploads\/2025\/01\/7e-300x300.png 300w, https:\/\/entrenotasyacordes.com\/wp-content\/uploads\/2025\/01\/7e-1024x1024.png 1024w, https:\/\/entrenotasyacordes.com\/wp-content\/uploads\/2025\/01\/7e-150x150.png 150w, https:\/\/entrenotasyacordes.com\/wp-content\/uploads\/2025\/01\/7e-768x768.png 768w, https:\/\/entrenotasyacordes.com\/wp-content\/uploads\/2025\/01\/7e-50x50.png 50w\" sizes=\"auto, (max-width: 1080px) 100vw, 1080px\" \/><\/figure>\n<\/div>\n\n\n<p><strong>El 2024 de PICUS fue&nbsp;indescriptible<\/strong>. As\u00ed podr\u00eda definirse el a\u00f1o de la banda formada por los hermanos Luigi, Tony y Picu, quienes se han consolidado como los artistas juveniles m\u00e1s importantes del continente gracias a su talento \u00fanico, su carisma arrollador y su inquebrantable pasi\u00f3n por la m\u00fasica.<\/p>\n\n\n\n<p>Despu\u00e9s de un exitoso paso por diversas plazas de&nbsp;<strong>M\u00e9xico<\/strong>, donde su \u2018Evolution Tour\u2019 arras\u00f3 con<strong>&nbsp;66,397 personas&nbsp;<\/strong>y llen\u00f3 a reventar el Auditorio Nacional de la Ciudad de M\u00e9xico en tres funciones,&nbsp;<strong>PICUS&nbsp;<\/strong>tambi\u00e9n conquist\u00f3&nbsp;<strong>Sudam\u00e9rica&nbsp;<\/strong>con un paso triunfal por&nbsp;<strong>Chile, Per\u00fa y Argentina<\/strong>. En Buenos Aires, la banda logr\u00f3 un lleno absoluto en el emblem\u00e1tico&nbsp;<strong>Teatro Gran Rex<\/strong>, reafirmando su poder de convocatoria en la regi\u00f3n.<\/p>\n\n\n\n<p>Ahora,&nbsp;<strong>PICUS&nbsp;<\/strong>regresa con m\u00e1s fuerza que nunca, alist\u00e1ndose para su esperado&nbsp;<strong><em>Tour Dreams 2025<\/em><\/strong>, que promete ser una de las giras m\u00e1s impactantes del pr\u00f3ximo a\u00f1o. En el marco de este tour, la banda se presentar\u00e1 en el&nbsp;<strong>Movistar Arena de Buenos Aires<\/strong>&nbsp;en 2025, donde los fan\u00e1ticos argentinos vivir\u00e1n una experiencia inolvidable con un show lleno de energ\u00eda, hits, y sorpresas.<\/p>\n\n\n\n<p>Adem\u00e1s,&nbsp;<strong>PICUS&nbsp;<\/strong>contin\u00faa recibiendo reconocimientos que celebran su ascendente carrera, destac\u00e1ndose con premios en los<strong>&nbsp;Nickelodeon Kids&#8217; Choice Awards M\u00e9xico 2024<\/strong>&nbsp;en las categor\u00edas<strong>&nbsp;\u00abMejor Artista M\u00e9xico\u00bb y \u00abMejor Colaboraci\u00f3n\u00bb.<\/strong>&nbsp;Tambi\u00e9n se posicionaron en el<strong>&nbsp;Top 10 Artistas 2024 de TikTok<\/strong>, reafirmando su popularidad y su lugar como una de las bandas m\u00e1s queridas por el p\u00fablico juvenil.<\/p>\n\n\n\n<p><strong>\u00a1No te pierdas el show de PICUS en el Movistar Arena y acomp\u00e1\u00f1alos en esta nueva etapa de su carrera, donde seguir\u00e1n demostrando por qu\u00e9 son la sensaci\u00f3n del pop urbano en Am\u00e9rica Latina!<\/strong><\/p>\n\n\n<div class=\"wp-block-image\">\n<figure class=\"aligncenter size-full is-resized\"><img loading=\"lazy\" decoding=\"async\" width=\"660\" height=\"990\" src=\"https:\/\/entrenotasyacordes.com\/wp-content\/uploads\/2025\/01\/7ee.jpg\" alt=\"\" class=\"wp-image-13336\" style=\"width:503px;height:auto\" srcset=\"https:\/\/entrenotasyacordes.com\/wp-content\/uploads\/2025\/01\/7ee.jpg 660w, https:\/\/entrenotasyacordes.com\/wp-content\/uploads\/2025\/01\/7ee-200x300.jpg 200w\" sizes=\"auto, (max-width: 660px) 100vw, 660px\" \/><\/figure>\n<\/div>\n\n\n<p class=\"has-text-align-center\"><\/p>\n","protected":false},"excerpt":{"rendered":"","protected":false},"author":5,"featured_media":13335,"comment_status":"open","ping_status":"open","sticky":false,"template":"","format":"standard","meta":{"om_disable_all_campaigns":false,"_uf_show_specific_survey":0,"_uf_disable_surveys":false,"footnotes":""},"categories":[36],"tags":[],"class_list":["post-13334","post","type-post","status-publish","format-standard","has-post-thumbnail","hentry","category-conciertos"],"_links":{"self":[{"href":"https:\/\/entrenotasyacordes.com\/index.php?rest_route=\/wp\/v2\/posts\/13334","targetHints":{"allow":["GET"]}}],"collection":[{"href":"https:\/\/entrenotasyacordes.com\/index.php?rest_route=\/wp\/v2\/posts"}],"about":[{"href":"https:\/\/entrenotasyacordes.com\/index.php?rest_route=\/wp\/v2\/types\/post"}],"author":[{"embeddable":true,"href":"https:\/\/entrenotasyacordes.com\/index.php?rest_route=\/wp\/v2\/users\/5"}],"replies":[{"embeddable":true,"href":"https:\/\/entrenotasyacordes.com\/index.php?rest_route=%2Fwp%2Fv2%2Fcomments&post=13334"}],"version-history":[{"count":1,"href":"https:\/\/entrenotasyacordes.com\/index.php?rest_route=\/wp\/v2\/posts\/13334\/revisions"}],"predecessor-version":[{"id":13337,"href":"https:\/\/entrenotasyacordes.com\/index.php?rest_route=\/wp\/v2\/posts\/13334\/revisions\/13337"}],"wp:featuredmedia":[{"embeddable":true,"href":"https:\/\/entrenotasyacordes.com\/index.php?rest_route=\/wp\/v2\/media\/13335"}],"wp:attachment":[{"href":"https:\/\/entrenotasyacordes.com\/index.php?rest_route=%2Fwp%2Fv2%2Fmedia&parent=13334"}],"wp:term":[{"taxonomy":"category","embeddable":true,"href":"https:\/\/entrenotasyacordes.com\/index.php?rest_route=%2Fwp%2Fv2%2Fcategories&post=13334"},{"taxonomy":"post_tag","embeddable":true,"href":"https:\/\/entrenotasyacordes.com\/index.php?rest_route=%2Fwp%2Fv2%2Ftags&post=13334"}],"curies":[{"name":"wp","href":"https:\/\/api.w.org\/{rel}","templated":true}]}}