{"id":13338,"date":"2025-01-09T14:20:24","date_gmt":"2025-01-09T14:20:24","guid":{"rendered":"https:\/\/entrenotasyacordes.com\/?p=13338"},"modified":"2025-01-09T14:20:25","modified_gmt":"2025-01-09T14:20:25","slug":"emilia-deslumbro-en-su-primer-show-del-ano-en-uruguay","status":"publish","type":"post","link":"https:\/\/entrenotasyacordes.com\/?p=13338","title":{"rendered":"EMILIA DESLUMBR\u00d3 EN SU PRIMER SHOW DEL A\u00d1O EN URUGUAY"},"content":{"rendered":"\n<!--more-->\n\n\n\n<p><strong>COMENZ\u00d3 EL TOUR 2025: EMILIA DESLUMBR\u00d3 EN SU PRIMER SHOW DEL A\u00d1O EN URUGUAY<\/strong><\/p>\n\n\n\n<p class=\"has-text-align-left\"><strong>EMILIA contin\u00faa su gira, donde batir\u00e1 el r\u00e9cord como la artista femenina internacional con m\u00e1s Movistar Arena de Madrid agotados con sus tres presentaciones en junio.<\/strong><\/p>\n\n\n\n<p class=\"has-text-align-left\">La pr\u00f3xima parada del tour 2025 ser\u00e1 un sold out para m\u00e1s de 30.000 personas el 25 de enero en el Estadio Mundialista de Mar del Plata.<\/p>\n\n\n<div class=\"wp-block-image\">\n<figure class=\"aligncenter size-full\"><img loading=\"lazy\" decoding=\"async\" width=\"1096\" height=\"724\" src=\"https:\/\/entrenotasyacordes.com\/wp-content\/uploads\/2025\/01\/7f.jpeg\" alt=\"\" class=\"wp-image-13339\" srcset=\"https:\/\/entrenotasyacordes.com\/wp-content\/uploads\/2025\/01\/7f.jpeg 1096w, https:\/\/entrenotasyacordes.com\/wp-content\/uploads\/2025\/01\/7f-300x198.jpeg 300w, https:\/\/entrenotasyacordes.com\/wp-content\/uploads\/2025\/01\/7f-1024x676.jpeg 1024w, https:\/\/entrenotasyacordes.com\/wp-content\/uploads\/2025\/01\/7f-768x507.jpeg 768w\" sizes=\"auto, (max-width: 1096px) 100vw, 1096px\" \/><\/figure>\n<\/div>\n\n\n<p><strong>Emilia<\/strong>, la popstar argentina, sigue conquistando escenarios y corazones en cada presentaci\u00f3n. Su reciente show en Uruguay dej\u00f3 una huella imborrable, consolidando su posici\u00f3n como una de las figuras m\u00e1s destacadas del pop latino actual. En su paso por el pa\u00eds, la entrerriana ofreci\u00f3 una noche m\u00e1gica, llena de energ\u00eda, talento y momentos \u00fanicos que conectaron profundamente con su p\u00fablico.<\/p>\n\n\n\n<p>El setlist estuvo compuesto por una selecci\u00f3n de \u00e9xitos que reflejan su trayectoria y versatilidad como int\u00e9rprete. Canciones como \u00ab<strong><a target=\"_blank\" href=\"https:\/\/instagramc.tr.pemsv30.net\/c\/eyJhIjoiaW5zdGFncmFtYyIsIm0iOiJtYWlsX2NtNWxkdDhtMG93N2gwODkxZDZ2ZHI1c3YiLCJsIjoibGlua18wNDMxMjMzOWJkYjkyYzI1NDZhMWUzNjE1ODU4MTBkYjQ3Njg4YWFiXzYyOGI0MSIsImkiOltdLCJ1IjoiaHR0cHM6Ly93d3cueW91dHViZS5jb20vd2F0Y2g_dj0wYmdXVUQ4bGFrVSZ1dG1fc291cmNlPXBlcmZpdCZ1dG1fbWVkaXVtPWVtYWlsJnV0bV9jYW1wYWlnbj1FTUlMSUElMjAlN0MlMjBQT1NUJTIwU0hPVyUyMFVSVUdVQVkiLCJjIjoiIiwiaCI6IjZjYjQzYyJ9\" rel=\"noreferrer noopener\">Jagger<\/a><\/strong>\u00ab, \u00ab<strong><a target=\"_blank\" href=\"https:\/\/instagramc.tr.pemsv30.net\/c\/eyJhIjoiaW5zdGFncmFtYyIsIm0iOiJtYWlsX2NtNWxkdDhtMG93N2gwODkxZDZ2ZHI1c3YiLCJsIjoibGlua183OGMyNmVmMmJlYzE2ODBiN2RjOGMxNTBhODQ4MTI2ZjBhMzAyMGJmXzMzMzI4MSIsImkiOltdLCJ1IjoiaHR0cHM6Ly93d3cueW91dHViZS5jb20vd2F0Y2g_dj1kUGpBX2xCZG9VMCZ1dG1fc291cmNlPXBlcmZpdCZ1dG1fbWVkaXVtPWVtYWlsJnV0bV9jYW1wYWlnbj1FTUlMSUElMjAlN0MlMjBQT1NUJTIwU0hPVyUyMFVSVUdVQVkiLCJjIjoiIiwiaCI6ImNjMmYyYyJ9\" rel=\"noreferrer noopener\">Intoxicao<\/a><\/strong>\u00bb y \u00ab<strong><a target=\"_blank\" href=\"https:\/\/instagramc.tr.pemsv30.net\/c\/eyJhIjoiaW5zdGFncmFtYyIsIm0iOiJtYWlsX2NtNWxkdDhtMG93N2gwODkxZDZ2ZHI1c3YiLCJsIjoibGlua18xODZhYWNlNTZiNjNlYjY1ZTMyNGMyNDE3YjI2ODZhYzFmMzZlMzUxXzlkM2FhMyIsImkiOltdLCJ1IjoiaHR0cHM6Ly93d3cueW91dHViZS5jb20vd2F0Y2g_dj0wMHVQZ24tOE52ZyZ1dG1fc291cmNlPXBlcmZpdCZ1dG1fbWVkaXVtPWVtYWlsJnV0bV9jYW1wYWlnbj1FTUlMSUElMjAlN0MlMjBQT1NUJTIwU0hPVyUyMFVSVUdVQVkiLCJjIjoiIiwiaCI6ImZiN2RhYyJ9\" rel=\"noreferrer noopener\">Como Si No Importara<\/a><\/strong>\u00bb hicieron vibrar al p\u00fablico desde los primeros acordes. La noche tambi\u00e9n incluy\u00f3 momentos emotivos con baladas como \u00ab<strong><a target=\"_blank\" href=\"https:\/\/instagramc.tr.pemsv30.net\/c\/eyJhIjoiaW5zdGFncmFtYyIsIm0iOiJtYWlsX2NtNWxkdDhtMG93N2gwODkxZDZ2ZHI1c3YiLCJsIjoibGlua19hYjNhYjI1Njg5OTZlOTU0ZDVlYTA0NzY2ZWNiMTgxZTBkZmI4YzMxX2NlMmU0OSIsImkiOltdLCJ1IjoiaHR0cHM6Ly93d3cueW91dHViZS5jb20vd2F0Y2g_dj1UVC00QXlhUGRscyZ1dG1fc291cmNlPXBlcmZpdCZ1dG1fbWVkaXVtPWVtYWlsJnV0bV9jYW1wYWlnbj1FTUlMSUElMjAlN0MlMjBQT1NUJTIwU0hPVyUyMFVSVUdVQVkiLCJjIjoiIiwiaCI6ImQxNmMwYiJ9\" rel=\"noreferrer noopener\">Uno los Dos<\/a><\/strong>\u00bb y \u00ab<strong><a target=\"_blank\" href=\"https:\/\/instagramc.tr.pemsv30.net\/c\/eyJhIjoiaW5zdGFncmFtYyIsIm0iOiJtYWlsX2NtNWxkdDhtMG93N2gwODkxZDZ2ZHI1c3YiLCJsIjoibGlua184NTAxMjUyZDI2YmMwN2ZmNTQyYmE3YTdiNjNhZmFmOGY0OWVkNDYwX2I0NTJmNCIsImkiOltdLCJ1IjoiaHR0cHM6Ly93d3cueW91dHViZS5jb20vd2F0Y2g_dj1EeVU1ektzaTI4USZ1dG1fc291cmNlPXBlcmZpdCZ1dG1fbWVkaXVtPWVtYWlsJnV0bV9jYW1wYWlnbj1FTUlMSUElMjAlN0MlMjBQT1NUJTIwU0hPVyUyMFVSVUdVQVkiLCJjIjoiIiwiaCI6ImYzYjk1NCJ9\" rel=\"noreferrer noopener\">A 1000 KM<\/a><\/strong>\u00ab, que resaltaron la capacidad de Emilia para transmitir emociones con su voz y presencia en el escenario.<\/p>\n\n\n<div class=\"wp-block-image\">\n<figure class=\"aligncenter size-full is-resized\"><img loading=\"lazy\" decoding=\"async\" width=\"1067\" height=\"703\" src=\"https:\/\/entrenotasyacordes.com\/wp-content\/uploads\/2025\/01\/7ff.jpeg\" alt=\"\" class=\"wp-image-13340\" style=\"width:705px;height:auto\" srcset=\"https:\/\/entrenotasyacordes.com\/wp-content\/uploads\/2025\/01\/7ff.jpeg 1067w, https:\/\/entrenotasyacordes.com\/wp-content\/uploads\/2025\/01\/7ff-300x198.jpeg 300w, https:\/\/entrenotasyacordes.com\/wp-content\/uploads\/2025\/01\/7ff-1024x675.jpeg 1024w, https:\/\/entrenotasyacordes.com\/wp-content\/uploads\/2025\/01\/7ff-768x506.jpeg 768w\" sizes=\"auto, (max-width: 1067px) 100vw, 1067px\" \/><\/figure>\n<\/div>\n\n\n<p class=\"has-text-align-left\">No faltaron los himnos bailables como \u00ab<a target=\"_blank\" href=\"https:\/\/instagramc.tr.pemsv30.net\/c\/eyJhIjoiaW5zdGFncmFtYyIsIm0iOiJtYWlsX2NtNWxkdDhtMG93N2gwODkxZDZ2ZHI1c3YiLCJsIjoibGlua18wOTcwN2MzYzc3OTA1MTgyYWM3NDBkOWEyOTg3MmMzOTE4OTYzYzNkXzU1ZjZkZCIsImkiOltdLCJ1IjoiaHR0cHM6Ly93d3cueW91dHViZS5jb20vd2F0Y2g_dj1pZ2lIcWxaUTRFRSZ1dG1fc291cmNlPXBlcmZpdCZ1dG1fbWVkaXVtPWVtYWlsJnV0bV9jYW1wYWlnbj1FTUlMSUElMjAlN0MlMjBQT1NUJTIwU0hPVyUyMFVSVUdVQVkiLCJjIjoiIiwiaCI6ImE3ZjMzOCJ9\" rel=\"noreferrer noopener\">GTA<\/a>\u00bb y \u00ab<a target=\"_blank\" href=\"https:\/\/instagramc.tr.pemsv30.net\/c\/eyJhIjoiaW5zdGFncmFtYyIsIm0iOiJtYWlsX2NtNWxkdDhtMG93N2gwODkxZDZ2ZHI1c3YiLCJsIjoibGlua185NjU4MGVkYTQxNDljMTZmMjM5OWJmNzNhZTZmMWZhN2I3ZWZkMzQwX2MwMmY0ZSIsImkiOltdLCJ1IjoiaHR0cHM6Ly93d3cueW91dHViZS5jb20vd2F0Y2g_dj1mTHpVMjFsdEg0VSZ1dG1fc291cmNlPXBlcmZpdCZ1dG1fbWVkaXVtPWVtYWlsJnV0bV9jYW1wYWlnbj1FTUlMSUElMjAlN0MlMjBQT1NUJTIwU0hPVyUyMFVSVUdVQVkiLCJjIjoiIiwiaCI6ImU2MDA4OSJ9\" rel=\"noreferrer noopener\">No Se Ve<\/a>\u00ab, que encendieron la pista con un dance break que dej\u00f3 sin aliento a los fan\u00e1ticos. Adem\u00e1s, temas como \u00ab<a target=\"_blank\" href=\"https:\/\/instagramc.tr.pemsv30.net\/c\/eyJhIjoiaW5zdGFncmFtYyIsIm0iOiJtYWlsX2NtNWxkdDhtMG93N2gwODkxZDZ2ZHI1c3YiLCJsIjoibGlua19mMTQwN2JmYjE3NzM3NGExNjJiODcyNGM1Y2NiZDBkNzlmNWQ5OWE0XzFiZmI4NyIsImkiOltdLCJ1IjoiaHR0cHM6Ly9tLnlvdXR1YmUuY29tL3dhdGNoP3Y9QXNkZ05JWG1MOWMmdD0wcyZ1dG1fc291cmNlPXBlcmZpdCZ1dG1fbWVkaXVtPWVtYWlsJnV0bV9jYW1wYWlnbj1FTUlMSUElMjAlN0MlMjBQT1NUJTIwU0hPVyUyMFVSVUdVQVkiLCJjIjoiIiwiaCI6IjUxYmYxNSJ9\" rel=\"noreferrer noopener\">Salgo a Bailar<\/a>\u00ab, junto a&nbsp;<a target=\"_blank\" href=\"https:\/\/instagramc.tr.pemsv30.net\/c\/eyJhIjoiaW5zdGFncmFtYyIsIm0iOiJtYWlsX2NtNWxkdDhtMG93N2gwODkxZDZ2ZHI1c3YiLCJsIjoibGlua183Y2RkMjY2YTZkZTFiNmEwZWMyMDI4ZmU5MmViMmRmNzc3ZWY0YzNmXzVhMzc5YiIsImkiOltdLCJ1IjoiaHR0cHM6Ly93d3cuaW5zdGFncmFtLmNvbS9mbWsvP2hsPWVzJnV0bV9zb3VyY2U9cGVyZml0JnV0bV9tZWRpdW09ZW1haWwmdXRtX2NhbXBhaWduPUVNSUxJQSUyMCU3QyUyMFBPU1QlMjBTSE9XJTIwVVJVR1VBWSIsImMiOiIiLCJoIjoiZmRjYjYwIn0\" rel=\"noreferrer noopener\"><strong>FMK<\/strong><\/a>, y \u00ab<a target=\"_blank\" href=\"https:\/\/instagramc.tr.pemsv30.net\/c\/eyJhIjoiaW5zdGFncmFtYyIsIm0iOiJtYWlsX2NtNWxkdDhtMG93N2gwODkxZDZ2ZHI1c3YiLCJsIjoibGlua183NTAxMGRkOTY1MWYwM2MwYmQwMmU1OTJmOTVkNjMyOTBhZjhmZDgxXzEyZTM2YiIsImkiOltdLCJ1IjoiaHR0cHM6Ly93d3cueW91dHViZS5jb20vd2F0Y2g_dj1lQlNRdWdfeHR3YyZ1dG1fc291cmNlPXBlcmZpdCZ1dG1fbWVkaXVtPWVtYWlsJnV0bV9jYW1wYWlnbj1FTUlMSUElMjAlN0MlMjBQT1NUJTIwU0hPVyUyMFVSVUdVQVkiLCJjIjoiIiwiaCI6IjcwMjg0MiJ9\" rel=\"noreferrer noopener\">Los del Espacio<\/a>\u00bb a\u00f1adieron un toque especial al show, reafirmando su habilidad para colaborar y crear \u00e9xitos memorables junto a otros artistas destacados. El show en Uruguay fue la oportunidad para que&nbsp;<strong>Emilia&nbsp;<\/strong>presentara por primera vez el nuevo hit \u201c<a target=\"_blank\" href=\"https:\/\/instagramc.tr.pemsv30.net\/c\/eyJhIjoiaW5zdGFncmFtYyIsIm0iOiJtYWlsX2NtNWxkdDhtMG93N2gwODkxZDZ2ZHI1c3YiLCJsIjoibGlua184NmY3MjMxYWQ2OThkMDM1MzBhMjQ2YTg1MDdlOTUxMTAyMWZkZDg3XzI1Yjk2MyIsImkiOltdLCJ1IjoiaHR0cHM6Ly93d3cueW91dHViZS5jb20vd2F0Y2g_dj1kUk5yYUE1S0JmRSZ1dG1fc291cmNlPXBlcmZpdCZ1dG1fbWVkaXVtPWVtYWlsJnV0bV9jYW1wYWlnbj1FTUlMSUElMjAlN0MlMjBQT1NUJTIwU0hPVyUyMFVSVUdVQVkiLCJjIjoiIiwiaCI6IjM5YTY5MSJ9\" rel=\"noreferrer noopener\">Olvidarte<\/a>\u201d, en colaboraci\u00f3n con el reconocido DJ y productor&nbsp;<a target=\"_blank\" href=\"https:\/\/instagramc.tr.pemsv30.net\/c\/eyJhIjoiaW5zdGFncmFtYyIsIm0iOiJtYWlsX2NtNWxkdDhtMG93N2gwODkxZDZ2ZHI1c3YiLCJsIjoibGlua19iMjAxNWNiZjA0MTEzZTVlODMwZTYxMDI5MTA5ODYyZjdiYzFhYmY3XzIxZTEzMiIsImkiOltdLCJ1IjoiaHR0cHM6Ly93d3cuaW5zdGFncmFtLmNvbS9nb3Jkb3N6bi8_dXRtX3NvdXJjZT1wZXJmaXQmdXRtX21lZGl1bT1lbWFpbCZ1dG1fY2FtcGFpZ249RU1JTElBJTIwJTdDJTIwUE9TVCUyMFNIT1clMjBVUlVHVUFZIiwiYyI6IiIsImgiOiJhM2JhMzMifQ\" rel=\"noreferrer noopener\"><strong>GORDO<\/strong><\/a>, haciendo bailar a todos los presentes.<\/p>\n\n\n\n<p class=\"has-text-align-left\">Con una puesta en escena vibrante, coreograf\u00edas impactantes y una conexi\u00f3n genuina con el p\u00fablico, el espect\u00e1culo fue un despliegue de talento y profesionalismo. La energ\u00eda de&nbsp;<strong>Emilia&nbsp;<\/strong>y su carisma innato lograron que cada canci\u00f3n fuera celebrada como un momento \u00fanico.<\/p>\n\n\n<div class=\"wp-block-image\">\n<figure class=\"aligncenter size-full is-resized\"><img loading=\"lazy\" decoding=\"async\" width=\"607\" height=\"761\" src=\"https:\/\/entrenotasyacordes.com\/wp-content\/uploads\/2025\/01\/7fff.jpeg\" alt=\"\" class=\"wp-image-13341\" style=\"width:503px;height:auto\" srcset=\"https:\/\/entrenotasyacordes.com\/wp-content\/uploads\/2025\/01\/7fff.jpeg 607w, https:\/\/entrenotasyacordes.com\/wp-content\/uploads\/2025\/01\/7fff-239x300.jpeg 239w\" sizes=\"auto, (max-width: 607px) 100vw, 607px\" \/><\/figure>\n<\/div>\n\n\n<p>El \u00e9xito de&nbsp;<strong>Emilia&nbsp;<\/strong>no se limita a Uruguay. Su pr\u00f3xima presentaci\u00f3n en Mar del Plata ya tiene el cartel de \u00absold out\u00bb, confirmando su enorme convocatoria en Argentina y el crecimiento exponencial de su carrera. Este logro no solo marca otro hito en su gira, sino que tambi\u00e9n reafirma la fidelidad y el apoyo de sus fan\u00e1ticos, quienes la siguen en cada etapa de su camino art\u00edstico.<\/p>\n\n\n\n<p>Mientras avanza con una agenda repleta de compromisos, nuevos proyectos y presentaciones, incluyendo el r\u00e9cord de la artista femenina internacional con m\u00e1s Movistar Arena de Madrid con tres presentaciones para junio,&nbsp;<strong>Emilia&nbsp;<\/strong>sigue llevando su m\u00fasica a cada rinc\u00f3n del mundo, dejando claro que su talento y dedicaci\u00f3n no tienen fronteras.<\/p>\n","protected":false},"excerpt":{"rendered":"","protected":false},"author":5,"featured_media":13339,"comment_status":"open","ping_status":"open","sticky":false,"template":"","format":"standard","meta":{"om_disable_all_campaigns":false,"_uf_show_specific_survey":0,"_uf_disable_surveys":false,"footnotes":""},"categories":[34],"tags":[],"class_list":["post-13338","post","type-post","status-publish","format-standard","has-post-thumbnail","hentry","category-ultimas-noticias"],"_links":{"self":[{"href":"https:\/\/entrenotasyacordes.com\/index.php?rest_route=\/wp\/v2\/posts\/13338","targetHints":{"allow":["GET"]}}],"collection":[{"href":"https:\/\/entrenotasyacordes.com\/index.php?rest_route=\/wp\/v2\/posts"}],"about":[{"href":"https:\/\/entrenotasyacordes.com\/index.php?rest_route=\/wp\/v2\/types\/post"}],"author":[{"embeddable":true,"href":"https:\/\/entrenotasyacordes.com\/index.php?rest_route=\/wp\/v2\/users\/5"}],"replies":[{"embeddable":true,"href":"https:\/\/entrenotasyacordes.com\/index.php?rest_route=%2Fwp%2Fv2%2Fcomments&post=13338"}],"version-history":[{"count":1,"href":"https:\/\/entrenotasyacordes.com\/index.php?rest_route=\/wp\/v2\/posts\/13338\/revisions"}],"predecessor-version":[{"id":13342,"href":"https:\/\/entrenotasyacordes.com\/index.php?rest_route=\/wp\/v2\/posts\/13338\/revisions\/13342"}],"wp:featuredmedia":[{"embeddable":true,"href":"https:\/\/entrenotasyacordes.com\/index.php?rest_route=\/wp\/v2\/media\/13339"}],"wp:attachment":[{"href":"https:\/\/entrenotasyacordes.com\/index.php?rest_route=%2Fwp%2Fv2%2Fmedia&parent=13338"}],"wp:term":[{"taxonomy":"category","embeddable":true,"href":"https:\/\/entrenotasyacordes.com\/index.php?rest_route=%2Fwp%2Fv2%2Fcategories&post=13338"},{"taxonomy":"post_tag","embeddable":true,"href":"https:\/\/entrenotasyacordes.com\/index.php?rest_route=%2Fwp%2Fv2%2Ftags&post=13338"}],"curies":[{"name":"wp","href":"https:\/\/api.w.org\/{rel}","templated":true}]}}