{"id":13343,"date":"2025-01-09T14:23:52","date_gmt":"2025-01-09T14:23:52","guid":{"rendered":"https:\/\/entrenotasyacordes.com\/?p=13343"},"modified":"2025-01-09T14:23:54","modified_gmt":"2025-01-09T14:23:54","slug":"vuelve-leyendas-de-mexico-el-festival-de-musica-mexicana-mas-importante-en-argentina","status":"publish","type":"post","link":"https:\/\/entrenotasyacordes.com\/?p=13343","title":{"rendered":"\u00a1VUELVE LEYENDAS DE M\u00c9XICO! EL FESTIVAL DE M\u00daSICA MEXICANA M\u00c1S IMPORTANTE EN ARGENTINA"},"content":{"rendered":"\n<!--more-->\n\n\n\n<p class=\"has-text-align-center\"><strong>22 FEBRERO EN EL ESTADIO DE TECN\u00d3POLIS<\/strong><\/p>\n\n\n\n<p class=\"has-text-align-center\"><strong>Y YA TIENE NUEVO LINE UP<\/strong><\/p>\n\n\n<div class=\"wp-block-image\">\n<figure class=\"aligncenter size-full is-resized\"><img loading=\"lazy\" decoding=\"async\" width=\"1080\" height=\"1080\" src=\"https:\/\/entrenotasyacordes.com\/wp-content\/uploads\/2025\/01\/7g.jpeg\" alt=\"\" class=\"wp-image-13344\" style=\"width:599px;height:auto\" srcset=\"https:\/\/entrenotasyacordes.com\/wp-content\/uploads\/2025\/01\/7g.jpeg 1080w, https:\/\/entrenotasyacordes.com\/wp-content\/uploads\/2025\/01\/7g-300x300.jpeg 300w, https:\/\/entrenotasyacordes.com\/wp-content\/uploads\/2025\/01\/7g-1024x1024.jpeg 1024w, https:\/\/entrenotasyacordes.com\/wp-content\/uploads\/2025\/01\/7g-150x150.jpeg 150w, https:\/\/entrenotasyacordes.com\/wp-content\/uploads\/2025\/01\/7g-768x768.jpeg 768w, https:\/\/entrenotasyacordes.com\/wp-content\/uploads\/2025\/01\/7g-50x50.jpeg 50w\" sizes=\"auto, (max-width: 1080px) 100vw, 1080px\" \/><\/figure>\n<\/div>\n\n\n<p class=\"has-text-align-left\">Tras el \u00e9xito rotundo de su primera edici\u00f3n, \u00abLeyendas de M\u00e9xico\u00bb regresa con una noche inolvidable llena de m\u00fasica, baile y emociones. Este festival, que celebra lo mejor de la m\u00fasica mexicana,\u00a0<strong>se llevar\u00e1 a cabo el 22 de febrero en el Estadio Tecn\u00f3polis.<\/strong><\/p>\n\n\n\n<p class=\"has-text-align-left\"><strong>\u00abLeyendas de M\u00e9xico\u00bb\u00a0<\/strong>se consolida como el evento imprescindible del calendario musical latinoamericano, reuniendo a los artistas m\u00e1s ic\u00f3nicos de la cumbia y otros g\u00e9neros populares. Es la oportunidad perfecta para que los fan\u00e1ticos de la m\u00fasica mexicana se conecten con sus \u00eddolos y vivan una experiencia incomparable.<\/p>\n\n\n\n<p class=\"has-text-align-left\">Esta edici\u00f3n promete un espect\u00e1culo inolvidable con presentaciones de:\u00a0<strong>\u00c1ngeles de Charly- Guardianes del Amor- Mandingo &#8211; Paco Barr\u00f3n\u00a0 y sus Norte\u00f1os Clan &#8211; Javier Mora ( Legendaria voz del grupo \u00abEl Tiempo\u00bb)<\/strong><\/p>\n\n\n\n<p class=\"has-text-align-left\"><em><strong>No te pierdas esta noche m\u00e1gica que promete ser una verdadera fiesta de la m\u00fasica latina.<\/strong><\/em><\/p>\n","protected":false},"excerpt":{"rendered":"","protected":false},"author":5,"featured_media":13344,"comment_status":"open","ping_status":"open","sticky":false,"template":"","format":"standard","meta":{"om_disable_all_campaigns":false,"_uf_show_specific_survey":0,"_uf_disable_surveys":false,"footnotes":""},"categories":[36],"tags":[],"class_list":["post-13343","post","type-post","status-publish","format-standard","has-post-thumbnail","hentry","category-conciertos"],"_links":{"self":[{"href":"https:\/\/entrenotasyacordes.com\/index.php?rest_route=\/wp\/v2\/posts\/13343","targetHints":{"allow":["GET"]}}],"collection":[{"href":"https:\/\/entrenotasyacordes.com\/index.php?rest_route=\/wp\/v2\/posts"}],"about":[{"href":"https:\/\/entrenotasyacordes.com\/index.php?rest_route=\/wp\/v2\/types\/post"}],"author":[{"embeddable":true,"href":"https:\/\/entrenotasyacordes.com\/index.php?rest_route=\/wp\/v2\/users\/5"}],"replies":[{"embeddable":true,"href":"https:\/\/entrenotasyacordes.com\/index.php?rest_route=%2Fwp%2Fv2%2Fcomments&post=13343"}],"version-history":[{"count":1,"href":"https:\/\/entrenotasyacordes.com\/index.php?rest_route=\/wp\/v2\/posts\/13343\/revisions"}],"predecessor-version":[{"id":13345,"href":"https:\/\/entrenotasyacordes.com\/index.php?rest_route=\/wp\/v2\/posts\/13343\/revisions\/13345"}],"wp:featuredmedia":[{"embeddable":true,"href":"https:\/\/entrenotasyacordes.com\/index.php?rest_route=\/wp\/v2\/media\/13344"}],"wp:attachment":[{"href":"https:\/\/entrenotasyacordes.com\/index.php?rest_route=%2Fwp%2Fv2%2Fmedia&parent=13343"}],"wp:term":[{"taxonomy":"category","embeddable":true,"href":"https:\/\/entrenotasyacordes.com\/index.php?rest_route=%2Fwp%2Fv2%2Fcategories&post=13343"},{"taxonomy":"post_tag","embeddable":true,"href":"https:\/\/entrenotasyacordes.com\/index.php?rest_route=%2Fwp%2Fv2%2Ftags&post=13343"}],"curies":[{"name":"wp","href":"https:\/\/api.w.org\/{rel}","templated":true}]}}