{"id":13346,"date":"2025-01-09T14:29:50","date_gmt":"2025-01-09T14:29:50","guid":{"rendered":"https:\/\/entrenotasyacordes.com\/?p=13346"},"modified":"2025-01-09T14:29:51","modified_gmt":"2025-01-09T14:29:51","slug":"estelares-anuncia-un-nuevo-show-en-la-plata","status":"publish","type":"post","link":"https:\/\/entrenotasyacordes.com\/?p=13346","title":{"rendered":"Estelares anuncia un nuevo show en La Plata"},"content":{"rendered":"\n<!--more-->\n\n\n<div class=\"wp-block-image\">\n<figure class=\"aligncenter size-full is-resized\"><img loading=\"lazy\" decoding=\"async\" width=\"1080\" height=\"1080\" src=\"https:\/\/entrenotasyacordes.com\/wp-content\/uploads\/2025\/01\/7h-1.jpg\" alt=\"\" class=\"wp-image-13348\" style=\"width:599px;height:auto\" srcset=\"https:\/\/entrenotasyacordes.com\/wp-content\/uploads\/2025\/01\/7h-1.jpg 1080w, https:\/\/entrenotasyacordes.com\/wp-content\/uploads\/2025\/01\/7h-1-300x300.jpg 300w, https:\/\/entrenotasyacordes.com\/wp-content\/uploads\/2025\/01\/7h-1-1024x1024.jpg 1024w, https:\/\/entrenotasyacordes.com\/wp-content\/uploads\/2025\/01\/7h-1-150x150.jpg 150w, https:\/\/entrenotasyacordes.com\/wp-content\/uploads\/2025\/01\/7h-1-768x768.jpg 768w, https:\/\/entrenotasyacordes.com\/wp-content\/uploads\/2025\/01\/7h-1-50x50.jpg 50w\" sizes=\"auto, (max-width: 1080px) 100vw, 1080px\" \/><\/figure>\n<\/div>\n\n\n<p class=\"has-text-align-left\">Luego de celebrar sus 30 a\u00f1os, con localidades agotadas, en el Teatro Gran Rex en el mes de diciembre, Estelares comenz\u00f3 a grabar su nuevo disco y en el marco de nuevo tour que los tendr\u00e1 girando por todo el pa\u00eds anuncian un nuevo show en su ciudad, el Teatro \u00d3pera La Plata recibe nuevamente a Estelares el viernes 25 de abril. Las entradas se encuentran a la venta por sistema\u00a0<a href=\"https:\/\/livepass.com.ar\/events\/estelares-en-el-teatro-opera-lp-25-04?utm_source=perfit&amp;utm_medium=email\" target=\"_blank\" rel=\"noreferrer noopener\">Livepass<\/a>\u00a0y boleter\u00eda del teatro.<\/p>\n\n\n<div class=\"wp-block-image\">\n<figure class=\"aligncenter size-full is-resized\"><img loading=\"lazy\" decoding=\"async\" width=\"2560\" height=\"1709\" src=\"https:\/\/entrenotasyacordes.com\/wp-content\/uploads\/2025\/01\/7hh-scaled.jpg\" alt=\"\" class=\"wp-image-13349\" style=\"width:599px;height:auto\" srcset=\"https:\/\/entrenotasyacordes.com\/wp-content\/uploads\/2025\/01\/7hh-scaled.jpg 2560w, https:\/\/entrenotasyacordes.com\/wp-content\/uploads\/2025\/01\/7hh-300x200.jpg 300w, https:\/\/entrenotasyacordes.com\/wp-content\/uploads\/2025\/01\/7hh-1024x683.jpg 1024w, https:\/\/entrenotasyacordes.com\/wp-content\/uploads\/2025\/01\/7hh-768x513.jpg 768w, https:\/\/entrenotasyacordes.com\/wp-content\/uploads\/2025\/01\/7hh-1536x1025.jpg 1536w, https:\/\/entrenotasyacordes.com\/wp-content\/uploads\/2025\/01\/7hh-2048x1367.jpg 2048w\" sizes=\"auto, (max-width: 2560px) 100vw, 2560px\" \/><figcaption class=\"wp-element-caption\">PH Erica Voguet<\/figcaption><\/figure>\n<\/div>\n\n\n<p>Formados en la ciudad de La Plata en 1994, se encuentra integrada por Manuel Moretti en voz, Pali Silveira en bajo y Victor Bertamoni en guitarra, acompa\u00f1ados de excelentes m\u00fasicos tanto en escena como en sus&nbsp;\u00e1lbumes, hasta el d\u00eda de la fecha cuenta con 9 discos al d\u00eda de la fecha. A lo largo de su carrera han sido nominados a los premios MTV y recibido m\u00faltiples&nbsp;nominaciones a los Premios Gardel y ganaron en 2017 a mejor \u00e1lbum pop \u00a8Las&nbsp;antenas\u00a8.<\/p>\n\n\n\n<p>&nbsp;Estelares, muestra show a show su majestuosa usina musical.<\/p>\n\n\n\n<figure class=\"wp-block-embed is-type-video is-provider-youtube wp-block-embed-youtube wp-embed-aspect-16-9 wp-has-aspect-ratio\"><div class=\"wp-block-embed__wrapper\">\n<div class=\"epyt-video-wrapper\"><iframe loading=\"lazy\"  id=\"_ytid_12172\"  width=\"640\" height=\"360\"  data-origwidth=\"640\" data-origheight=\"360\" src=\"https:\/\/www.youtube.com\/embed\/RzD0sUKg4xg?enablejsapi=1&#038;autoplay=0&#038;cc_load_policy=0&#038;cc_lang_pref=&#038;iv_load_policy=1&#038;loop=0&#038;rel=1&#038;fs=1&#038;playsinline=0&#038;autohide=2&#038;theme=dark&#038;color=white&#038;controls=1&#038;\" class=\"__youtube_prefs__  epyt-is-override  no-lazyload\" data-vol=\"50\"  title=\"YouTube player\"  allow=\"fullscreen; accelerometer; autoplay; clipboard-write; encrypted-media; gyroscope; picture-in-picture; web-share\" referrerpolicy=\"strict-origin-when-cross-origin\" allowfullscreen data-no-lazy=\"1\" data-skipgform_ajax_framebjll=\"\"><\/iframe><\/div>\n<\/div><\/figure>\n\n\n\n<p>Estelares, present\u00f3 su nuevo single y video titulado \u201cElla\u201d que seg\u00fan el propio Manuel Moretti \u201ces una canci\u00f3n que apareci\u00f3 casi sin esfuerzo.<\/p>\n\n\n\n<p>Una melod\u00eda con mucho aire sobre un ritmo cuasi reggae , cosa no habitual en nuestras composiciones. Es la historia de una Femme Fatale oprobiosamente bella. Tan d\u00edscola como salvaje. Inaprensible y algo cruel\u201d.<\/p>\n\n\n\n<p>Grabada en Romaphonic por Eduardo Pereyra y Mart\u00edn Pomares.<br>Mezclada en Big Foot Estudio por Mart\u00edn Pomares.<br>Masterizado en Mamma&#8217;s House por Eduardo Pereyra.<br>Productor art\u00edstico: Germ\u00e1n Wiedemer<\/p>\n\n\n\n<p>El videoclip fue protagonizado por Ded\u00e9 Romano y el mism\u00edsimo Manuel Moretti quien tambi\u00e9n aport\u00f3 la idea. Cuenta con la participaci\u00f3n especial de V\u00edctor Bertamoni y Pablo Silvera y fue producido por FUTURISTICO. Director: Gonza L\u00f3pez<\/p>\n","protected":false},"excerpt":{"rendered":"","protected":false},"author":5,"featured_media":13347,"comment_status":"open","ping_status":"open","sticky":false,"template":"","format":"standard","meta":{"om_disable_all_campaigns":false,"_uf_show_specific_survey":0,"_uf_disable_surveys":false,"footnotes":""},"categories":[36],"tags":[],"class_list":["post-13346","post","type-post","status-publish","format-standard","has-post-thumbnail","hentry","category-conciertos"],"_links":{"self":[{"href":"https:\/\/entrenotasyacordes.com\/index.php?rest_route=\/wp\/v2\/posts\/13346","targetHints":{"allow":["GET"]}}],"collection":[{"href":"https:\/\/entrenotasyacordes.com\/index.php?rest_route=\/wp\/v2\/posts"}],"about":[{"href":"https:\/\/entrenotasyacordes.com\/index.php?rest_route=\/wp\/v2\/types\/post"}],"author":[{"embeddable":true,"href":"https:\/\/entrenotasyacordes.com\/index.php?rest_route=\/wp\/v2\/users\/5"}],"replies":[{"embeddable":true,"href":"https:\/\/entrenotasyacordes.com\/index.php?rest_route=%2Fwp%2Fv2%2Fcomments&post=13346"}],"version-history":[{"count":1,"href":"https:\/\/entrenotasyacordes.com\/index.php?rest_route=\/wp\/v2\/posts\/13346\/revisions"}],"predecessor-version":[{"id":13350,"href":"https:\/\/entrenotasyacordes.com\/index.php?rest_route=\/wp\/v2\/posts\/13346\/revisions\/13350"}],"wp:featuredmedia":[{"embeddable":true,"href":"https:\/\/entrenotasyacordes.com\/index.php?rest_route=\/wp\/v2\/media\/13347"}],"wp:attachment":[{"href":"https:\/\/entrenotasyacordes.com\/index.php?rest_route=%2Fwp%2Fv2%2Fmedia&parent=13346"}],"wp:term":[{"taxonomy":"category","embeddable":true,"href":"https:\/\/entrenotasyacordes.com\/index.php?rest_route=%2Fwp%2Fv2%2Fcategories&post=13346"},{"taxonomy":"post_tag","embeddable":true,"href":"https:\/\/entrenotasyacordes.com\/index.php?rest_route=%2Fwp%2Fv2%2Ftags&post=13346"}],"curies":[{"name":"wp","href":"https:\/\/api.w.org\/{rel}","templated":true}]}}