{"id":13351,"date":"2025-01-12T00:28:14","date_gmt":"2025-01-12T00:28:14","guid":{"rendered":"https:\/\/entrenotasyacordes.com\/?p=13351"},"modified":"2025-01-12T00:28:16","modified_gmt":"2025-01-12T00:28:16","slug":"festival-buena-vibra-presenta-su-line-up","status":"publish","type":"post","link":"https:\/\/entrenotasyacordes.com\/?p=13351","title":{"rendered":"FESTIVAL BUENA VIBRA PRESENTA SU LINE-UP"},"content":{"rendered":"\n<!--more-->\n\n\n\n<p class=\"has-text-align-center\"><strong>REGRESA&nbsp;<\/strong><strong>ILLYA KURYAKI &amp; THE VALDERRAMAS<\/strong><strong>POR UNA NOCHE.<\/strong><\/p>\n\n\n\n<p class=\"has-text-align-center\"><strong>S\u00e1bado 22 de febrero<\/strong><br><strong>Ciudad Universitaria<\/strong><\/p>\n\n\n<div class=\"wp-block-image\">\n<figure class=\"aligncenter size-full is-resized\"><img loading=\"lazy\" decoding=\"async\" width=\"2560\" height=\"2560\" src=\"https:\/\/entrenotasyacordes.com\/wp-content\/uploads\/2025\/01\/8a-scaled.jpg\" alt=\"\" class=\"wp-image-13352\" style=\"width:599px;height:auto\" srcset=\"https:\/\/entrenotasyacordes.com\/wp-content\/uploads\/2025\/01\/8a-scaled.jpg 2560w, https:\/\/entrenotasyacordes.com\/wp-content\/uploads\/2025\/01\/8a-300x300.jpg 300w, https:\/\/entrenotasyacordes.com\/wp-content\/uploads\/2025\/01\/8a-1024x1024.jpg 1024w, https:\/\/entrenotasyacordes.com\/wp-content\/uploads\/2025\/01\/8a-150x150.jpg 150w, https:\/\/entrenotasyacordes.com\/wp-content\/uploads\/2025\/01\/8a-768x768.jpg 768w, https:\/\/entrenotasyacordes.com\/wp-content\/uploads\/2025\/01\/8a-1536x1536.jpg 1536w, https:\/\/entrenotasyacordes.com\/wp-content\/uploads\/2025\/01\/8a-2048x2048.jpg 2048w, https:\/\/entrenotasyacordes.com\/wp-content\/uploads\/2025\/01\/8a-50x50.jpg 50w\" sizes=\"auto, (max-width: 2560px) 100vw, 2560px\" \/><\/figure>\n<\/div>\n\n\n<p>Este a\u00f1o el festival Buena Vibra tiene el orgullo de presentar la vuelta de ILLYA KURYAKI &amp; THE VALDERRAMAS.<\/p>\n\n\n\n<p>La historica banda liderada por Dante Spinetta y Emmanuel Horvilleur , vuelve a los escenarios por una noche luego de 7 a\u00f1os para birindar un show como sus fans venian esperando. Dar\u00e1n un \u00fanico show dentro del marco del festival que ya se convirti\u00f3 en un cl\u00e1sico del verano en Buenos Aires, El Festival Buena Vibra. La cita sera el 22 de febrero en Ciudad Universitaria de la UBA.<\/p>\n\n\n\n<p>Con un line-up que combina artistas consagrados y talentos emergentes, escenarios impactantes y una atm\u00f3sfera \u00fanica. No se trata solo de conciertos; es una comunidad que sigue creciendo, evolucionando y manteniendo viva esa esencia indie que la caracteriza. Este a\u00f1o viene cargado de momentos inolvidables y la buena energ\u00eda de siempre.<\/p>\n\n\n<div class=\"wp-block-image\">\n<figure class=\"aligncenter size-full is-resized\"><img loading=\"lazy\" decoding=\"async\" width=\"982\" height=\"638\" src=\"https:\/\/entrenotasyacordes.com\/wp-content\/uploads\/2025\/01\/8aa.png\" alt=\"\" class=\"wp-image-13353\" style=\"width:599px;height:auto\" srcset=\"https:\/\/entrenotasyacordes.com\/wp-content\/uploads\/2025\/01\/8aa.png 982w, https:\/\/entrenotasyacordes.com\/wp-content\/uploads\/2025\/01\/8aa-300x195.png 300w, https:\/\/entrenotasyacordes.com\/wp-content\/uploads\/2025\/01\/8aa-768x499.png 768w\" sizes=\"auto, (max-width: 982px) 100vw, 982px\" \/><\/figure>\n<\/div>\n\n\n<p>El campo de deportes de la UBA, ubicado en Ciudad Universitaria, ser\u00e1 nuevamente la sede del Festival Buena Vibra 2025, reafirmando su lugar como epicentro de la cultura juvenil en Argentina. Este a\u00f1o, el Buena Vibra contin\u00faa evolucionando como un espacio de encuentro para las nuevas generaciones, reafirmando su propuesta multidisciplinaria que trasciende lo musical e incluyendo a las artes gr\u00e1ficas, la fotograf\u00eda, el dise\u00f1o, la moda y el compromiso de siempre&nbsp; con el cuidado del medio ambiente.<\/p>\n\n\n\n<p>En esta edici\u00f3n, el festival refuerza su apuesta por lo vanguardista y disruptivo, convocando a una generiaci\u00f3n joven \u00e1vida de experiencias art\u00edsticas que dialoguen con su tiempo y visi\u00f3n de futuro. Qu\u00e9 mejor lugar que el campo de deportes de la FADU para dar vida a esta celebraci\u00f3n, en un entorno que simboliza creatividad, innovaci\u00f3n y energ\u00eda colectiva.<\/p>\n\n\n\n<p>Con una trayectoria consolidada y renovadas propuestas, el Buena Vibra 2025 promete ser una experiencia inolvidable, marcando un nuevo cap\u00edtulo en la historia de los festivales culturales en Buenos Aires.<\/p>\n\n\n\n<p><strong>Evento para mayores de 18 a\u00f1os.<\/strong><\/p>\n\n\n\n<p><strong>ENTRADAS A LA VENTA DESDE EL MARTES 7 DE ENERO A LAS 18:00HS SOLO POR\u00a0\u00a0<a href=\"https:\/\/mariapeluffo.tr.pemsv11.net\/c\/eyJhIjoibWFyaWFwZWx1ZmZvIiwibSI6Im1haWxfY201bXlsajRvb2l2NzA4NjNwN2xucjNjMyIsImwiOiJsaW5rXzQxMjk1ZjgyZjkzZjY4MjBlM2U4YjE0YjFiYTc3MGUzOGYwODdjOWFfYTI1Nzc3IiwiaSI6W10sInUiOiJodHRwczovL2JpdC5seS9mZXN0aXZhbGJ1ZW5hdmlicmE_dXRtX3NvdXJjZT1wZXJmaXQmdXRtX21lZGl1bT1lbWFpbCZ1dG1fY2FtcGFpZ249RkVTVElWQUwlMjBCVUVOQSUyMFZJQlJBIiwiYyI6IiIsImgiOiI0OTE4ZDkifQ\" target=\"_blank\" rel=\"noreferrer noopener\">ENIGMA TICKETS<\/a>.<\/strong><br><strong>6 cuotas sin inter\u00e9s para clientes Visa del Banco Galicia.<\/strong><\/p>\n\n\n\n<p><\/p>\n","protected":false},"excerpt":{"rendered":"","protected":false},"author":5,"featured_media":13352,"comment_status":"open","ping_status":"open","sticky":false,"template":"","format":"standard","meta":{"om_disable_all_campaigns":false,"_uf_show_specific_survey":0,"_uf_disable_surveys":false,"footnotes":""},"categories":[36],"tags":[],"class_list":["post-13351","post","type-post","status-publish","format-standard","has-post-thumbnail","hentry","category-conciertos"],"_links":{"self":[{"href":"https:\/\/entrenotasyacordes.com\/index.php?rest_route=\/wp\/v2\/posts\/13351","targetHints":{"allow":["GET"]}}],"collection":[{"href":"https:\/\/entrenotasyacordes.com\/index.php?rest_route=\/wp\/v2\/posts"}],"about":[{"href":"https:\/\/entrenotasyacordes.com\/index.php?rest_route=\/wp\/v2\/types\/post"}],"author":[{"embeddable":true,"href":"https:\/\/entrenotasyacordes.com\/index.php?rest_route=\/wp\/v2\/users\/5"}],"replies":[{"embeddable":true,"href":"https:\/\/entrenotasyacordes.com\/index.php?rest_route=%2Fwp%2Fv2%2Fcomments&post=13351"}],"version-history":[{"count":1,"href":"https:\/\/entrenotasyacordes.com\/index.php?rest_route=\/wp\/v2\/posts\/13351\/revisions"}],"predecessor-version":[{"id":13354,"href":"https:\/\/entrenotasyacordes.com\/index.php?rest_route=\/wp\/v2\/posts\/13351\/revisions\/13354"}],"wp:featuredmedia":[{"embeddable":true,"href":"https:\/\/entrenotasyacordes.com\/index.php?rest_route=\/wp\/v2\/media\/13352"}],"wp:attachment":[{"href":"https:\/\/entrenotasyacordes.com\/index.php?rest_route=%2Fwp%2Fv2%2Fmedia&parent=13351"}],"wp:term":[{"taxonomy":"category","embeddable":true,"href":"https:\/\/entrenotasyacordes.com\/index.php?rest_route=%2Fwp%2Fv2%2Fcategories&post=13351"},{"taxonomy":"post_tag","embeddable":true,"href":"https:\/\/entrenotasyacordes.com\/index.php?rest_route=%2Fwp%2Fv2%2Ftags&post=13351"}],"curies":[{"name":"wp","href":"https:\/\/api.w.org\/{rel}","templated":true}]}}