{"id":13355,"date":"2025-01-12T00:32:56","date_gmt":"2025-01-12T00:32:56","guid":{"rendered":"https:\/\/entrenotasyacordes.com\/?p=13355"},"modified":"2025-01-12T00:32:57","modified_gmt":"2025-01-12T00:32:57","slug":"ruben-rada-una-de-las-figuras-mas-emblematicas-de-la-musica-uruguaya-se-presenta-en-la-ciudad-de-la-plata","status":"publish","type":"post","link":"https:\/\/entrenotasyacordes.com\/?p=13355","title":{"rendered":"Rub\u00e9n Rada, una de las figuras m\u00e1s emblem\u00e1ticas de la m\u00fasica uruguaya, se presenta en la ciudad de La Plata"},"content":{"rendered":"\n<!--more-->\n\n\n<div class=\"wp-block-image\">\n<figure class=\"aligncenter size-full is-resized\"><img loading=\"lazy\" decoding=\"async\" width=\"2250\" height=\"2250\" src=\"https:\/\/entrenotasyacordes.com\/wp-content\/uploads\/2025\/01\/8b.jpg\" alt=\"\" class=\"wp-image-13356\" style=\"width:599px;height:auto\" srcset=\"https:\/\/entrenotasyacordes.com\/wp-content\/uploads\/2025\/01\/8b.jpg 2250w, https:\/\/entrenotasyacordes.com\/wp-content\/uploads\/2025\/01\/8b-300x300.jpg 300w, https:\/\/entrenotasyacordes.com\/wp-content\/uploads\/2025\/01\/8b-1024x1024.jpg 1024w, https:\/\/entrenotasyacordes.com\/wp-content\/uploads\/2025\/01\/8b-150x150.jpg 150w, https:\/\/entrenotasyacordes.com\/wp-content\/uploads\/2025\/01\/8b-768x768.jpg 768w, https:\/\/entrenotasyacordes.com\/wp-content\/uploads\/2025\/01\/8b-1536x1536.jpg 1536w, https:\/\/entrenotasyacordes.com\/wp-content\/uploads\/2025\/01\/8b-2048x2048.jpg 2048w, https:\/\/entrenotasyacordes.com\/wp-content\/uploads\/2025\/01\/8b-50x50.jpg 50w\" sizes=\"auto, (max-width: 2250px) 100vw, 2250px\" \/><\/figure>\n<\/div>\n\n\n<p class=\"has-text-align-left\">El ic\u00f3nico artista,&nbsp;<strong>Rub\u00e9n Rada<\/strong>, llega ciudad de La Plata en el mes de febrero<\/p>\n\n\n\n<p>El&nbsp;<strong>Teatro \u00d3pera La Plata&nbsp;<\/strong>recibe a este gran artista multidisciplinario el&nbsp;<strong>domingo 16 de febrero<\/strong>&nbsp;&#8211; 20hs.<\/p>\n\n\n\n<p class=\"has-text-align-left\">&nbsp;Las entradas se encuentran a la venta por sistema&nbsp;<a href=\"https:\/\/livepass.com.ar\/events\/ruben-rada-en-el-teatro-opera-lp?utm_source=perfit&amp;utm_medium=email\" rel=\"noreferrer noopener\" target=\"_blank\">Livepass<\/a>&nbsp;y boleter\u00eda del teatro.<\/p>\n\n\n<div class=\"wp-block-image\">\n<figure class=\"aligncenter size-full is-resized\"><img loading=\"lazy\" decoding=\"async\" width=\"2560\" height=\"2039\" src=\"https:\/\/entrenotasyacordes.com\/wp-content\/uploads\/2025\/01\/8bb-scaled.jpg\" alt=\"\" class=\"wp-image-13357\" style=\"width:599px;height:auto\" srcset=\"https:\/\/entrenotasyacordes.com\/wp-content\/uploads\/2025\/01\/8bb-scaled.jpg 2560w, https:\/\/entrenotasyacordes.com\/wp-content\/uploads\/2025\/01\/8bb-300x239.jpg 300w, https:\/\/entrenotasyacordes.com\/wp-content\/uploads\/2025\/01\/8bb-1024x815.jpg 1024w, https:\/\/entrenotasyacordes.com\/wp-content\/uploads\/2025\/01\/8bb-768x612.jpg 768w, https:\/\/entrenotasyacordes.com\/wp-content\/uploads\/2025\/01\/8bb-1536x1223.jpg 1536w, https:\/\/entrenotasyacordes.com\/wp-content\/uploads\/2025\/01\/8bb-2048x1631.jpg 2048w\" sizes=\"auto, (max-width: 2560px) 100vw, 2560px\" \/><\/figure>\n<\/div>\n\n\n<p>Ruben Rada (voz y percusi\u00f3n): Es cantante, compositor, percusionista y actor. Es considerado una de las figuras m\u00e1s populares y emblem\u00e1ticas de la m\u00fasica uruguaya, y en 2011 recibi\u00f3 el Latin Grammy a la Excelencia Musical. Recibi\u00f3 varios premios Graffiti \u2014entre ellos, el de trayectoria\u2014 y Gardel a ambas orillas del R\u00edo de la Plata. Adem\u00e1s, fue premiado con el Honorary Degree of Master of Latin Music de la Berklee School y galardonado en el Mini Festival \u201cLife Lines\u201d en Haus Der Kulturen Der Welt (Casa de las Culturas del Mundo).<\/p>\n\n\n\n<p>A lo largo de su carrera, ha compartido escenario y grabado con artistas como Eduardo Mateo, No Te Va Gustar, Jorge Drexler, Mercedes Sosa, Luis Alberto Spinetta, Charly Garc\u00eda, Fito P\u00e1ez, Le\u00f3n Gieco, Ciro y Los Persas, Patricia Sosa, Valeria Lynch, Diego Torres, Gustavo Santaolalla, Milton Nascimiento, Airto Moreira, Daniela Mercury, Flora Purim, Tim Maia, UB40, B.B. King, Sting, Joan Manuel Serrat, Herb Albert, Ketama, Jon Anderson, Pablo Milan\u00e9s y Joss Stone.<\/p>\n\n\n\n<p>Ruben Rada inici\u00f3 su carrera a los 10 a\u00f1os como integrante de la comparsa Morenada y comenz\u00f3 a cantar con Los Hot Blowers. En 1965 cre\u00f3 El Kinto, el grupo que inclu\u00eda a Eduardo Mateo en su formaci\u00f3n y que fund\u00f3 el candombe- beat, el g\u00e9nero que un\u00eda la influencia beatle con el ritmo del candombe. A pesar de su breve actividad, El Kinto influy\u00f3 a varias generaciones de m\u00fasicos y consagr\u00f3 su leyenda gracias a la publicaci\u00f3n de Circa 1968 (1977), un \u00e1lbum que recopila 14 grabaciones hist\u00f3ricas.<\/p>\n\n\n\n<p>Tras publicar Rada, su debut solista de 1969 que inclu\u00eda el \u00e9xito \u201cLas manzanas\u201d, en 1970 form\u00f3 Totem. Con un abordaje musical que tom\u00f3 la posta de El Kinto, el grupo acentu\u00f3 la faceta m\u00e1s rockera del candombe-beat para explotar la potencia y el swing de sus m\u00fasicos de la mano de una serie de letras de cr\u00edtica social. Junto al grupo edit\u00f3 dos discos \u2014Totem, 1971; y Descarga, 1972\u2014,&nbsp; y que terminaron de consolidar a la figura de Rada en la escena local.<\/p>\n\n\n\n<p>Luego de la edici\u00f3n de Radeces (1975), su segundo disco solista&nbsp; y de la publicaci\u00f3n de Ruben Rada y Conjunto S.O.S. (1976), un explosivo \u00e1lbum que acarici\u00f3 el jazz fusi\u00f3n, el siguiente gran proyecto de Rada fue su inclusi\u00f3n en el tr\u00edo OPA. Establecido en Estados Unidos y formado por Hugo y Osvaldo Fattoruso y Ringo Thielmann, el grupo invit\u00f3 a Ruben a las sesiones de grabaci\u00f3n de Magic Time (1977), el segundo y \u00faltimo disco del grupo.<\/p>\n\n\n\n<p>En 1978, Rada se radic\u00f3 en Buenos Aires y form\u00f3 La Banda, un grupo que le permiti\u00f3 ganarse el reconocimiento de sus colegas argentinos y del p\u00fablico. Rada permaneci\u00f3 en Argentina hasta 1991 y all\u00ed grab\u00f3 13 discos, entre los que destacan En familia (1982), Adar Nebur (1984), La Yapla Mata (1985) y Terapia de murga (1991).<\/p>\n\n\n\n<p>Entre 1991 y 1995 vivi\u00f3 en M\u00e9xico, donde se dedic\u00f3 a componer y arreglar canciones para artistas como Manuel Mijares, Eugenia Le\u00f3n, Stephanie Salas y Tania Libertad. En 1994 comparti\u00f3 el escenario del Palacio de los Deportes de la Ciudad de M\u00e9xico con Sting y UB40.<\/p>\n\n\n\n<p>Antes de radicarse definitivamente en Uruguay en 1995, Rada viaj\u00f3 a Estados Unidos para grabar los dos vol\u00famenes de Montevideo, un proyecto discogr\u00e1fico producido junto a Hugo Fattoruso y Neil Weiss que llev\u00f3 al repertorio de Rada a nuevos horizontes y generaciones. Ya en Montevideo, cerr\u00f3 la d\u00e9cada de los noventa con los \u00e1lbumes Miscel\u00e1nea negra (1997) y Black (1998), los cuales recibieron el galard\u00f3n de disco de platino. En el a\u00f1o 2000 le lleg\u00f3 el turno a Qui\u00e9n va a cantar, el trabajo m\u00e1s exitoso de su carrera. A los 57 a\u00f1os, Rada volvi\u00f3 a llevar su m\u00fasica a las radios del R\u00edo de la Plata de la mano de \u00e9xitos inoxidables como \u201cCha Cha, Muchacha\u201d, \u201cMuriendo de plena\u201d, \u201cMi pa\u00eds\u201d, \u201cNo me queda m\u00e1s tiempo\u201d y \u201cQui\u00e9n va a cantar\u201d.<\/p>\n\n\n\n<p>Tras girar por todo Uruguay y Argentina para presentar Qui\u00e9n va a cantar, en 2002 renov\u00f3 su \u00e9xito gracias a Alegre caballero.<\/p>\n\n\n\n<p>En 2003, se propuso un cambio estil\u00edstico y grab\u00f3 Rubenr\u00e1, su primer disco para ni\u00f1os. Adem\u00e1s de ofrecer exitosos espect\u00e1culos, su proyecto ideado para el p\u00fablico infantil incluy\u00f3 otros cuatro \u00e1lbumes: Rada para ni\u00f1os en vivo (2005), Rakata \u2013 Rada para ni\u00f1os (2006), La escuela de Rada (2011) y Canciones Cortas 15 a\u00f1os (2014).<\/p>\n\n\n\n<p>Como si se tratara de una extensi\u00f3n del abordaje l\u00fadico de sus discos para ni\u00f1os, en 2006 edit\u00f3 Richie Silver, que public\u00f3 bajo el seud\u00f3nimo que sol\u00eda utilizar en sus \u00e9pocas junto a The Hot Blowers. Tras ese proyecto, Rada explor\u00f3 m\u00e1s que nunca su inter\u00e9s por presentar una nueva personalidad musical en cada trabajo. En Varsovia (2007) se uni\u00f3 a Javier Malosetti para acercar su repertorio al jazz, en Bailongo (2008) present\u00f3 una revitalizaci\u00f3n del candombe, y con Fan, pa\u2019 los amigos (2009) ofreci\u00f3 una serie de c\u00e1lidas versiones de 16 cl\u00e1sicos del repertorio rioplatense.<br>En 2011 lanz\u00f3 el proyecto Confidence, un octeto instrumental que recuperaba la esencia del Conjunto S.O.S y que inclu\u00eda a Gustavo Montemurro, Osvaldo Fattoruso y Mat\u00edas Rada en su formaci\u00f3n. En 2017, a cuatro a\u00f1os de la muerte de Osvaldo, Rada lanzar\u00eda Confidence 2: la pel\u00edcula, una continuaci\u00f3n del proyecto que une jazz, rock, candombe y funk.<\/p>\n\n\n\n<p>En 2015, Rada cgrab\u00f3 un disco de tangos. Tango, milonga y candombe incluye versiones de himnos como \u201cAnclao en Par\u00eds\u201d, \u201cTomo y obligo\u201d y \u201cCaf\u00e9 la Humedad\u201d y tuvo un gran recibimiento. Con este proyecto, gir\u00f3 por Uruguay con un espect\u00e1culo que al a\u00f1o siguiente quedar\u00eda registrado en Tango, milonga y candombe en vivo.<\/p>\n\n\n\n<p>En junio de 2019 ofreci\u00f3 uno de los shows m\u00e1s importantes de su carrera. Rada, un artista que acostumbra a mirar siempre hacia adelante, se anim\u00f3 a revisitar el repertorio de El Kinto, Totem y Opa en un espect\u00e1culo que titul\u00f3 \u201cParte de la historia\u201d. Su debut se celebr\u00f3 en el Teatro Sol\u00eds con entradas agotadas y el show fue filmado y luego publicado como CD por Montevideo Music Group. Rada repiti\u00f3 su espect\u00e1culo \u2014con el mismo \u00e9xito\u2014 en el Auditorio Nacional del Sodre, el festival Medio y Medio y en el Teatro \u00d3pera de Buenos Aires.<\/p>\n\n\n\n<p>Tras su mirada introspectiva, en 2020 el m\u00fasico volvi\u00f3 a concentrarse en el presente y particip\u00f3 del remix de \u201cRangos II\u201d, del trapero uruguayo Peke\u00f1o 77, que acerc\u00f3 su m\u00fasica a una nueva generaci\u00f3n. Adem\u00e1s, public\u00f3 Negro rock, un disco donde celebr\u00f3 sus ra\u00edces y hasta record\u00f3 su encuentro con Mick Jagger en la casa del \u201cLobo\u201d N\u00fa\u00f1ez. En 2021, sald\u00f3 otra de sus deudas musicales: publicar un disco enteramente en portugu\u00e9s. As Noites Do R\u00edo \/ Aerol\u00edneas candombe, que dedic\u00f3 a su madre \u2014nacida en Santana Do Livramento\u2014 fue compuesto junto al brasile\u00f1o Ronaldo Bastos e incluye la participaci\u00f3n de Carlinhos Brown, Tamy y Silva. Ese a\u00f1o, gir\u00f3 por Espa\u00f1a y Jap\u00f3n con una serie de shows hist\u00f3ricos para la expansi\u00f3n del candombe en el mundo.<\/p>\n\n\n\n<p>En 2023 lanza el disco Candombe con una ayudita de mis amigos, que incluye la colaboraci\u00f3n de artistas como Fito P\u00e1ez, Fernando Cabrera, Pablo Milan\u00e9s, Coti, Julia Zenko, Sebasti\u00e1n Teysera y Adriana Varela. En agosto de ese a\u00f1o festeja sus 80 a\u00f1os con cuatro conciertos agotados en el Auditorio Nacional del Sodre. Este mismo show lo lleva a Punta del Este, a San Jos\u00e9 y en mayo de 2024 al estadio Luna Park de Buenos Aires.<\/p>\n\n\n\n<p>En 2024 se estren\u00f3 el documental Rada, la pel\u00edcula, dirigido por Luis Ara y producido por Luis Ara, Ignacio Jaunsolo, Sylvia Chebi, Patricia Jodara y Mat\u00edas Rada. Fue presentado en Montevideo, Buenos Aires y en algunos festivales de cine.<\/p>\n","protected":false},"excerpt":{"rendered":"","protected":false},"author":5,"featured_media":13356,"comment_status":"open","ping_status":"open","sticky":false,"template":"","format":"standard","meta":{"om_disable_all_campaigns":false,"_uf_show_specific_survey":0,"_uf_disable_surveys":false,"footnotes":""},"categories":[36],"tags":[],"class_list":["post-13355","post","type-post","status-publish","format-standard","has-post-thumbnail","hentry","category-conciertos"],"_links":{"self":[{"href":"https:\/\/entrenotasyacordes.com\/index.php?rest_route=\/wp\/v2\/posts\/13355","targetHints":{"allow":["GET"]}}],"collection":[{"href":"https:\/\/entrenotasyacordes.com\/index.php?rest_route=\/wp\/v2\/posts"}],"about":[{"href":"https:\/\/entrenotasyacordes.com\/index.php?rest_route=\/wp\/v2\/types\/post"}],"author":[{"embeddable":true,"href":"https:\/\/entrenotasyacordes.com\/index.php?rest_route=\/wp\/v2\/users\/5"}],"replies":[{"embeddable":true,"href":"https:\/\/entrenotasyacordes.com\/index.php?rest_route=%2Fwp%2Fv2%2Fcomments&post=13355"}],"version-history":[{"count":1,"href":"https:\/\/entrenotasyacordes.com\/index.php?rest_route=\/wp\/v2\/posts\/13355\/revisions"}],"predecessor-version":[{"id":13358,"href":"https:\/\/entrenotasyacordes.com\/index.php?rest_route=\/wp\/v2\/posts\/13355\/revisions\/13358"}],"wp:featuredmedia":[{"embeddable":true,"href":"https:\/\/entrenotasyacordes.com\/index.php?rest_route=\/wp\/v2\/media\/13356"}],"wp:attachment":[{"href":"https:\/\/entrenotasyacordes.com\/index.php?rest_route=%2Fwp%2Fv2%2Fmedia&parent=13355"}],"wp:term":[{"taxonomy":"category","embeddable":true,"href":"https:\/\/entrenotasyacordes.com\/index.php?rest_route=%2Fwp%2Fv2%2Fcategories&post=13355"},{"taxonomy":"post_tag","embeddable":true,"href":"https:\/\/entrenotasyacordes.com\/index.php?rest_route=%2Fwp%2Fv2%2Ftags&post=13355"}],"curies":[{"name":"wp","href":"https:\/\/api.w.org\/{rel}","templated":true}]}}