{"id":13365,"date":"2025-01-12T00:57:00","date_gmt":"2025-01-12T00:57:00","guid":{"rendered":"https:\/\/entrenotasyacordes.com\/?p=13365"},"modified":"2025-01-12T00:57:01","modified_gmt":"2025-01-12T00:57:01","slug":"la-ultima-gira-de-%c2%a8the-exploited%c2%a8-llega-a-la-argentina","status":"publish","type":"post","link":"https:\/\/entrenotasyacordes.com\/?p=13365","title":{"rendered":"La \u00faltima gira de \u00a8The Exploited\u00a8 llega a la Argentina"},"content":{"rendered":"\n<!--more-->\n\n\n<div class=\"wp-block-image\">\n<figure class=\"aligncenter size-full is-resized\"><img loading=\"lazy\" decoding=\"async\" width=\"740\" height=\"500\" src=\"https:\/\/entrenotasyacordes.com\/wp-content\/uploads\/2025\/01\/8e.jpg\" alt=\"\" class=\"wp-image-13366\" style=\"width:599px;height:auto\" srcset=\"https:\/\/entrenotasyacordes.com\/wp-content\/uploads\/2025\/01\/8e.jpg 740w, https:\/\/entrenotasyacordes.com\/wp-content\/uploads\/2025\/01\/8e-300x203.jpg 300w\" sizes=\"auto, (max-width: 740px) 100vw, 740px\" \/><\/figure>\n<\/div>\n\n\n<p class=\"has-text-align-left\"><strong>The Exploited<\/strong>, una de las bandas punks m\u00e1s influyentes de todos los tiempos,&nbsp;<strong>regresa al pa\u00eds para despedirse del p\u00fablico argentino.<\/strong><\/p>\n\n\n\n<p><strong>The Final Tour<\/strong>&nbsp;arriba al pa\u00eds y desembarca en&nbsp;<strong>Groove<\/strong>&nbsp;(Av. Santa Fe 4389, Palermo) el&nbsp;<strong>s\u00e1bado 3 de mayo<\/strong>, 19hs.<\/p>\n\n\n\n<p class=\"has-text-align-left\">Entradas a la venta por sistema&nbsp;<a href=\"http:\/\/www.tuentrada.com\/?utm_source=perfit&amp;utm_medium=email\" target=\"_blank\" rel=\"noreferrer noopener\">www.tuentrada.com<\/a>&nbsp;&nbsp;y&nbsp; en &nbsp;Locuras (Moron), La Estaka (Quilmes) , Almac\u00e9n Mala Difusion (CABA)<\/p>\n\n\n<div class=\"wp-block-image\">\n<figure class=\"aligncenter size-full is-resized\"><img loading=\"lazy\" decoding=\"async\" width=\"1500\" height=\"1500\" src=\"https:\/\/entrenotasyacordes.com\/wp-content\/uploads\/2025\/01\/8ee.jpg\" alt=\"\" class=\"wp-image-13367\" style=\"width:599px;height:auto\" srcset=\"https:\/\/entrenotasyacordes.com\/wp-content\/uploads\/2025\/01\/8ee.jpg 1500w, https:\/\/entrenotasyacordes.com\/wp-content\/uploads\/2025\/01\/8ee-300x300.jpg 300w, https:\/\/entrenotasyacordes.com\/wp-content\/uploads\/2025\/01\/8ee-1024x1024.jpg 1024w, https:\/\/entrenotasyacordes.com\/wp-content\/uploads\/2025\/01\/8ee-150x150.jpg 150w, https:\/\/entrenotasyacordes.com\/wp-content\/uploads\/2025\/01\/8ee-768x768.jpg 768w, https:\/\/entrenotasyacordes.com\/wp-content\/uploads\/2025\/01\/8ee-50x50.jpg 50w\" sizes=\"auto, (max-width: 1500px) 100vw, 1500px\" \/><\/figure>\n<\/div>\n\n\n<p>Despu\u00e9s de casi 45 a\u00f1os de actividad, The Exploited dice adi\u00f3s a los escenarios y no pod\u00eda dejar afuera al p\u00fablico argentino en su \u00faltima gira, pues el v\u00ednculo se ha mantenido fuerte desde su primera visita en marzo de 1993 en Cemento.<\/p>\n\n\n\n<p>La banda escocesa es uno de los grandes emblemas mundiales del g\u00e9nero. Actualmente se encuentra integrada actualmente\u00a0 Wattie Buchan en voz, Dominic Hardy en bater\u00eda, Irish Rob en bajo y Steve Campbell en guitarra.<\/p>\n","protected":false},"excerpt":{"rendered":"","protected":false},"author":5,"featured_media":13367,"comment_status":"open","ping_status":"open","sticky":false,"template":"","format":"standard","meta":{"om_disable_all_campaigns":false,"_uf_show_specific_survey":0,"_uf_disable_surveys":false,"footnotes":""},"categories":[36],"tags":[],"class_list":["post-13365","post","type-post","status-publish","format-standard","has-post-thumbnail","hentry","category-conciertos"],"_links":{"self":[{"href":"https:\/\/entrenotasyacordes.com\/index.php?rest_route=\/wp\/v2\/posts\/13365","targetHints":{"allow":["GET"]}}],"collection":[{"href":"https:\/\/entrenotasyacordes.com\/index.php?rest_route=\/wp\/v2\/posts"}],"about":[{"href":"https:\/\/entrenotasyacordes.com\/index.php?rest_route=\/wp\/v2\/types\/post"}],"author":[{"embeddable":true,"href":"https:\/\/entrenotasyacordes.com\/index.php?rest_route=\/wp\/v2\/users\/5"}],"replies":[{"embeddable":true,"href":"https:\/\/entrenotasyacordes.com\/index.php?rest_route=%2Fwp%2Fv2%2Fcomments&post=13365"}],"version-history":[{"count":1,"href":"https:\/\/entrenotasyacordes.com\/index.php?rest_route=\/wp\/v2\/posts\/13365\/revisions"}],"predecessor-version":[{"id":13368,"href":"https:\/\/entrenotasyacordes.com\/index.php?rest_route=\/wp\/v2\/posts\/13365\/revisions\/13368"}],"wp:featuredmedia":[{"embeddable":true,"href":"https:\/\/entrenotasyacordes.com\/index.php?rest_route=\/wp\/v2\/media\/13367"}],"wp:attachment":[{"href":"https:\/\/entrenotasyacordes.com\/index.php?rest_route=%2Fwp%2Fv2%2Fmedia&parent=13365"}],"wp:term":[{"taxonomy":"category","embeddable":true,"href":"https:\/\/entrenotasyacordes.com\/index.php?rest_route=%2Fwp%2Fv2%2Fcategories&post=13365"},{"taxonomy":"post_tag","embeddable":true,"href":"https:\/\/entrenotasyacordes.com\/index.php?rest_route=%2Fwp%2Fv2%2Ftags&post=13365"}],"curies":[{"name":"wp","href":"https:\/\/api.w.org\/{rel}","templated":true}]}}