{"id":13377,"date":"2025-01-12T01:17:50","date_gmt":"2025-01-12T01:17:50","guid":{"rendered":"https:\/\/entrenotasyacordes.com\/?p=13377"},"modified":"2025-01-12T01:17:52","modified_gmt":"2025-01-12T01:17:52","slug":"santy-p-inaugura-su-2025-con-acadiosa-junto-a-nicolo","status":"publish","type":"post","link":"https:\/\/entrenotasyacordes.com\/?p=13377","title":{"rendered":"SANTY-P inaugura su 2025 con \u201cACADIOSA\u201d junto a Nicolo"},"content":{"rendered":"\n<!--more-->\n\n\n<div class=\"wp-block-image\">\n<figure class=\"aligncenter size-full is-resized\"><img loading=\"lazy\" decoding=\"async\" width=\"600\" height=\"600\" src=\"https:\/\/entrenotasyacordes.com\/wp-content\/uploads\/2025\/01\/8h.jpeg\" alt=\"\" class=\"wp-image-13380\" style=\"width:673px;height:auto\" srcset=\"https:\/\/entrenotasyacordes.com\/wp-content\/uploads\/2025\/01\/8h.jpeg 600w, https:\/\/entrenotasyacordes.com\/wp-content\/uploads\/2025\/01\/8h-300x300.jpeg 300w, https:\/\/entrenotasyacordes.com\/wp-content\/uploads\/2025\/01\/8h-150x150.jpeg 150w, https:\/\/entrenotasyacordes.com\/wp-content\/uploads\/2025\/01\/8h-50x50.jpeg 50w\" sizes=\"auto, (max-width: 600px) 100vw, 600px\" \/><\/figure>\n<\/div>\n\n\n<p><strong>Santy-P<\/strong>&nbsp;inicia el 2025 con nueva m\u00fasica, y nos acerca una nueva canci\u00f3n fiel a su estilo. En esta oportunidad, se une al artista argentino Nicolo, y juntos lanzan&nbsp;<em>\u201cAcadiosa\u201d<\/em>, la cual ya se encuentra disponible en todas las plataformas.<\/p>\n\n\n\n<p class=\"has-text-align-left\"><em>\u201cAcadiosa\u201d\u00a0<\/em>es un R&amp;B con mucho estilo, en el que los artistas le cantan a una chica, endiosandola y demostrando todo lo que har\u00edan por esa mujer.<\/p>\n\n\n\n<figure class=\"wp-block-embed is-type-video is-provider-youtube wp-block-embed-youtube wp-embed-aspect-4-3 wp-has-aspect-ratio\"><div class=\"wp-block-embed__wrapper\">\n<div class=\"epyt-video-wrapper\"><iframe loading=\"lazy\"  id=\"_ytid_10049\"  width=\"640\" height=\"360\"  data-origwidth=\"640\" data-origheight=\"360\" src=\"https:\/\/www.youtube.com\/embed\/FCjg4fv8qCw?enablejsapi=1&#038;autoplay=0&#038;cc_load_policy=0&#038;cc_lang_pref=&#038;iv_load_policy=1&#038;loop=0&#038;rel=1&#038;fs=1&#038;playsinline=0&#038;autohide=2&#038;theme=dark&#038;color=white&#038;controls=1&#038;\" class=\"__youtube_prefs__  epyt-is-override  no-lazyload\" data-vol=\"50\"  title=\"YouTube player\"  allow=\"fullscreen; accelerometer; autoplay; clipboard-write; encrypted-media; gyroscope; picture-in-picture; web-share\" referrerpolicy=\"strict-origin-when-cross-origin\" allowfullscreen data-no-lazy=\"1\" data-skipgform_ajax_framebjll=\"\"><\/iframe><\/div>\n<\/div><\/figure>\n\n\n\n<p class=\"has-text-align-left\">En un video simple, pero s\u00faper din\u00e1mico y fiel al estilo de los artistas, podemos verlos recorrer las calles de Buenos Aires.<\/p>\n\n\n\n<p>Luego de haber lanzado su primer \u00e1lbum \u201cRX\u201d y de realizar sus primeras presentaciones en vivo, Santy-P inicia el 2025 Santy-P lanzando nueva m\u00fasica y contin\u00faa escalando en la industria con miles de reproducciones en plataformas con cada una de sus canciones.&nbsp;<\/p>\n\n\n\n<p class=\"has-text-align-left\">Tom\u00e1s Nicolo, conocido como \u201cNicolo\u201d es un artista argentino nacido en Buenos Aires el 24 de septiembre de 2004. En agosto 2021 inicia su carrera musical lanzando su primer single \u201cMANTA\u201d.<\/p>\n\n\n<div class=\"wp-block-image\">\n<figure class=\"aligncenter size-full is-resized\"><img loading=\"lazy\" decoding=\"async\" width=\"600\" height=\"400\" src=\"https:\/\/entrenotasyacordes.com\/wp-content\/uploads\/2025\/01\/8hh.jpeg\" alt=\"\" class=\"wp-image-13381\" style=\"width:655px;height:auto\" srcset=\"https:\/\/entrenotasyacordes.com\/wp-content\/uploads\/2025\/01\/8hh.jpeg 600w, https:\/\/entrenotasyacordes.com\/wp-content\/uploads\/2025\/01\/8hh-300x200.jpeg 300w\" sizes=\"auto, (max-width: 600px) 100vw, 600px\" \/><\/figure>\n<\/div>\n\n\n<p class=\"has-text-align-center\"><strong>Sobre SANTY-P<\/strong><\/p>\n\n\n\n<p class=\"has-text-align-left\">Santy-P es un artista oriundo de la ciudad de Buenos Aires que comenz\u00f3 su recorrido art\u00edstico a los 17 a\u00f1os subiendo videos a TikTok y mostrando su m\u00fasica, donde r\u00e1pidamente se volvi\u00f3 viral y gan\u00f3 una gran cantidad de seguidores.<\/p>\n\n\n\n<p class=\"has-text-align-left\">Mientras trabajaba junto a su padre en una rotiser\u00eda en el barrio de Once, continu\u00f3 form\u00e1ndose, estudiando canto, y presentando m\u00fasica, entre los que se destacaron su primer single \u201cLento\u201d, y los sucesores \u201cCansado\u201d, \u201cModelo\u201d, \u201cMoon\u201d y \u201cMAM\u00c1\u201d. El joven artista ya acumula m\u00e1s de 550k de oyentes mensuales en Spotify y 138k suscriptores en Youtube y avanza hacia una carrera muy prometedora.<\/p>\n\n\n\n<p>En 2023 present\u00f3&nbsp;<a href=\"https:\/\/aafop.r.sp1-brevo.net\/mk\/cl\/f\/sh\/6rqJfgq8dISlVghnk0szPBNQ0g9\/h-I1rahmqrAZ\"><u>\u201cLento Remix\u201d<\/u><\/a>, junto a los consagrados artistas Dan Garc\u00eda (M\u00e9xico), Zeballos (Uruguay) y Shoda Monkas (Espa\u00f1a). La versi\u00f3n original de la canci\u00f3n catapult\u00f3 la carrera de Santy posicion\u00e1ndolo como uno de los artistas emergentes del \u00faltimo a\u00f1o, y ya supera las 1.5 millones de reproducciones en Spotify.<\/p>\n\n\n\n<p>En 2024 present\u00f3 su primer \u00e1lbum&nbsp;<a href=\"https:\/\/aafop.r.sp1-brevo.net\/mk\/cl\/f\/sh\/6rqJfgq8dIUQY8zxEKIXKmVLdzB\/sjzQLnaDTEJc\"><u>\u201cRX\u201d<\/u><\/a>, y brind\u00f3 un show sold out en Sala Humboldt en la que toc\u00f3 por primera vez todas las canciones del disco. La carrera de Santy se encuentra en pleno ascenso y sin pausa ni prisa. El artista argentino avanza destac\u00e1ndose con sus melod\u00edas y letras dentro de la industria.<\/p>\n","protected":false},"excerpt":{"rendered":"","protected":false},"author":5,"featured_media":13380,"comment_status":"open","ping_status":"open","sticky":false,"template":"","format":"standard","meta":{"om_disable_all_campaigns":false,"_uf_show_specific_survey":0,"_uf_disable_surveys":false,"footnotes":""},"categories":[4],"tags":[],"class_list":["post-13377","post","type-post","status-publish","format-standard","has-post-thumbnail","hentry","category-musica"],"_links":{"self":[{"href":"https:\/\/entrenotasyacordes.com\/index.php?rest_route=\/wp\/v2\/posts\/13377","targetHints":{"allow":["GET"]}}],"collection":[{"href":"https:\/\/entrenotasyacordes.com\/index.php?rest_route=\/wp\/v2\/posts"}],"about":[{"href":"https:\/\/entrenotasyacordes.com\/index.php?rest_route=\/wp\/v2\/types\/post"}],"author":[{"embeddable":true,"href":"https:\/\/entrenotasyacordes.com\/index.php?rest_route=\/wp\/v2\/users\/5"}],"replies":[{"embeddable":true,"href":"https:\/\/entrenotasyacordes.com\/index.php?rest_route=%2Fwp%2Fv2%2Fcomments&post=13377"}],"version-history":[{"count":1,"href":"https:\/\/entrenotasyacordes.com\/index.php?rest_route=\/wp\/v2\/posts\/13377\/revisions"}],"predecessor-version":[{"id":13382,"href":"https:\/\/entrenotasyacordes.com\/index.php?rest_route=\/wp\/v2\/posts\/13377\/revisions\/13382"}],"wp:featuredmedia":[{"embeddable":true,"href":"https:\/\/entrenotasyacordes.com\/index.php?rest_route=\/wp\/v2\/media\/13380"}],"wp:attachment":[{"href":"https:\/\/entrenotasyacordes.com\/index.php?rest_route=%2Fwp%2Fv2%2Fmedia&parent=13377"}],"wp:term":[{"taxonomy":"category","embeddable":true,"href":"https:\/\/entrenotasyacordes.com\/index.php?rest_route=%2Fwp%2Fv2%2Fcategories&post=13377"},{"taxonomy":"post_tag","embeddable":true,"href":"https:\/\/entrenotasyacordes.com\/index.php?rest_route=%2Fwp%2Fv2%2Ftags&post=13377"}],"curies":[{"name":"wp","href":"https:\/\/api.w.org\/{rel}","templated":true}]}}