{"id":13383,"date":"2025-01-12T01:30:05","date_gmt":"2025-01-12T01:30:05","guid":{"rendered":"https:\/\/entrenotasyacordes.com\/?p=13383"},"modified":"2025-01-12T01:30:06","modified_gmt":"2025-01-12T01:30:06","slug":"danny-ocean-lanza-su-mas-reciente-tema-titulado-imaginate-junto-a-kapo","status":"publish","type":"post","link":"https:\/\/entrenotasyacordes.com\/?p=13383","title":{"rendered":"DANNY OCEAN LANZA SU M\u00c1S RECIENTE TEMA TITULADO \u201cIMAG\u00cdNATE\u201d JUNTO A KAPO"},"content":{"rendered":"\n<!--more-->\n\n\n<div class=\"wp-block-image\">\n<figure class=\"aligncenter size-full is-resized\"><img loading=\"lazy\" decoding=\"async\" width=\"2048\" height=\"2048\" src=\"https:\/\/entrenotasyacordes.com\/wp-content\/uploads\/2025\/01\/8i.jpg\" alt=\"\" class=\"wp-image-13384\" style=\"width:673px;height:auto\" srcset=\"https:\/\/entrenotasyacordes.com\/wp-content\/uploads\/2025\/01\/8i.jpg 2048w, https:\/\/entrenotasyacordes.com\/wp-content\/uploads\/2025\/01\/8i-300x300.jpg 300w, https:\/\/entrenotasyacordes.com\/wp-content\/uploads\/2025\/01\/8i-1024x1024.jpg 1024w, https:\/\/entrenotasyacordes.com\/wp-content\/uploads\/2025\/01\/8i-150x150.jpg 150w, https:\/\/entrenotasyacordes.com\/wp-content\/uploads\/2025\/01\/8i-768x768.jpg 768w, https:\/\/entrenotasyacordes.com\/wp-content\/uploads\/2025\/01\/8i-1536x1536.jpg 1536w, https:\/\/entrenotasyacordes.com\/wp-content\/uploads\/2025\/01\/8i-50x50.jpg 50w\" sizes=\"auto, (max-width: 2048px) 100vw, 2048px\" \/><\/figure>\n<\/div>\n\n\n<p><strong>Danny Ocean<\/strong>, uno de los cantautores m\u00e1s provocativos y sinceros de la m\u00fasica latina que contin\u00faa siendo un agente de cambio musical y l\u00edder de un nuevo sonido de \u00ab<em>pop del futuro<\/em>\u00ab, acaba de lanzar su nuevo sencillo musical <strong>\u201cImag\u00ednate\u201d <\/strong>\u00a0junto al artista colombiano <strong>Kapo.<\/strong> Una serenata llena de buenas vibras para las <em>babylon girls<\/em>, donde ambos fusionan sonidos afro-pop con el esp\u00edritu del verano.<\/p>\n\n\n\n<p class=\"has-text-align-left\">Con una producci\u00f3n impecable y una qu\u00edmica musical, <strong>Danny Ocean<\/strong> y <strong>Kapo <\/strong>lograron crear una canci\u00f3n que no solo resalta las caracter\u00edsticas vocales de ambos artistas, sino que tambi\u00e9n refleja la evoluci\u00f3n de la m\u00fasica latina.Este temafue compuesto por Danny Ocean, Kapo, Abraham Olaye \u201cDaramola\u201d y Carlos Santander \u201cSantander\u201d.<\/p>\n\n\n\n<p class=\"has-text-align-left\"><strong>\u201cImag\u00ednate\u201d <\/strong>es un homenaje al amor y la conexi\u00f3n \u00fanica entre dos almas, envolviendose en una idea de estar juntos en una playa llenos de felicidad. Con versos que capturan momentos especiales, esta canci\u00f3n se convierte en la banda sonora perfecta para imaginar esos d\u00edas soleados, donde el sonido de las olas y la brisa del mar te transportan a un para\u00edso de frescura.<\/p>\n\n\n\n<p class=\"has-text-align-left\"><strong>Danny<\/strong> acaba de finalizar su exitosa gira \u201c REFLEXA TOUR\u201d\u00a0 con un memorable concierto en Miami. La gira \u00abReflexa Tour\u00bb llev\u00f3 a <strong>Danny Ocean<\/strong> por diversas ciudades de Latinoam\u00e9rica, Australia, Nueva Zelanda, Canad\u00e1 y Estados Unidos, consolid\u00e1ndose como una de las figuras m\u00e1s destacadas de la m\u00fasica latina.\u00a0\u00a0 <\/p>\n\n\n\n<figure class=\"wp-block-embed is-type-video is-provider-youtube wp-block-embed-youtube wp-embed-aspect-16-9 wp-has-aspect-ratio\"><div class=\"wp-block-embed__wrapper\">\n<div class=\"epyt-video-wrapper\"><iframe loading=\"lazy\"  id=\"_ytid_93118\"  width=\"640\" height=\"360\"  data-origwidth=\"640\" data-origheight=\"360\" src=\"https:\/\/www.youtube.com\/embed\/TVyLcqNg5lY?enablejsapi=1&#038;autoplay=0&#038;cc_load_policy=0&#038;cc_lang_pref=&#038;iv_load_policy=1&#038;loop=0&#038;rel=1&#038;fs=1&#038;playsinline=0&#038;autohide=2&#038;theme=dark&#038;color=white&#038;controls=1&#038;\" class=\"__youtube_prefs__  epyt-is-override  no-lazyload\" data-vol=\"50\"  title=\"YouTube player\"  allow=\"fullscreen; accelerometer; autoplay; clipboard-write; encrypted-media; gyroscope; picture-in-picture; web-share\" referrerpolicy=\"strict-origin-when-cross-origin\" allowfullscreen data-no-lazy=\"1\" data-skipgform_ajax_framebjll=\"\"><\/iframe><\/div>\n<\/div><\/figure>\n\n\n\n<p class=\"has-text-align-left\">\u201cImag\u00ednate\u201d est\u00e1 disponible en todas las plataformas digitales.<\/p>\n","protected":false},"excerpt":{"rendered":"","protected":false},"author":5,"featured_media":13384,"comment_status":"open","ping_status":"open","sticky":false,"template":"","format":"standard","meta":{"om_disable_all_campaigns":false,"_uf_show_specific_survey":0,"_uf_disable_surveys":false,"footnotes":""},"categories":[4],"tags":[],"class_list":["post-13383","post","type-post","status-publish","format-standard","has-post-thumbnail","hentry","category-musica"],"_links":{"self":[{"href":"https:\/\/entrenotasyacordes.com\/index.php?rest_route=\/wp\/v2\/posts\/13383","targetHints":{"allow":["GET"]}}],"collection":[{"href":"https:\/\/entrenotasyacordes.com\/index.php?rest_route=\/wp\/v2\/posts"}],"about":[{"href":"https:\/\/entrenotasyacordes.com\/index.php?rest_route=\/wp\/v2\/types\/post"}],"author":[{"embeddable":true,"href":"https:\/\/entrenotasyacordes.com\/index.php?rest_route=\/wp\/v2\/users\/5"}],"replies":[{"embeddable":true,"href":"https:\/\/entrenotasyacordes.com\/index.php?rest_route=%2Fwp%2Fv2%2Fcomments&post=13383"}],"version-history":[{"count":1,"href":"https:\/\/entrenotasyacordes.com\/index.php?rest_route=\/wp\/v2\/posts\/13383\/revisions"}],"predecessor-version":[{"id":13385,"href":"https:\/\/entrenotasyacordes.com\/index.php?rest_route=\/wp\/v2\/posts\/13383\/revisions\/13385"}],"wp:featuredmedia":[{"embeddable":true,"href":"https:\/\/entrenotasyacordes.com\/index.php?rest_route=\/wp\/v2\/media\/13384"}],"wp:attachment":[{"href":"https:\/\/entrenotasyacordes.com\/index.php?rest_route=%2Fwp%2Fv2%2Fmedia&parent=13383"}],"wp:term":[{"taxonomy":"category","embeddable":true,"href":"https:\/\/entrenotasyacordes.com\/index.php?rest_route=%2Fwp%2Fv2%2Fcategories&post=13383"},{"taxonomy":"post_tag","embeddable":true,"href":"https:\/\/entrenotasyacordes.com\/index.php?rest_route=%2Fwp%2Fv2%2Ftags&post=13383"}],"curies":[{"name":"wp","href":"https:\/\/api.w.org\/{rel}","templated":true}]}}