{"id":13399,"date":"2025-01-13T16:18:02","date_gmt":"2025-01-13T16:18:02","guid":{"rendered":"https:\/\/entrenotasyacordes.com\/?p=13399"},"modified":"2025-01-13T16:34:23","modified_gmt":"2025-01-13T16:34:23","slug":"llega-la-primera-edicion-del-festival-palpitar-al-konex","status":"publish","type":"post","link":"https:\/\/entrenotasyacordes.com\/?p=13399","title":{"rendered":"Llega la primera edici\u00f3n del Festival Palpitar al Konex"},"content":{"rendered":"\n<!--more-->\n\n\n<div class=\"wp-block-image\">\n<figure class=\"aligncenter size-full\"><img loading=\"lazy\" decoding=\"async\" width=\"1920\" height=\"720\" src=\"https:\/\/entrenotasyacordes.com\/wp-content\/uploads\/2025\/01\/9a-1.jpg\" alt=\"\" class=\"wp-image-13401\" srcset=\"https:\/\/entrenotasyacordes.com\/wp-content\/uploads\/2025\/01\/9a-1.jpg 1920w, https:\/\/entrenotasyacordes.com\/wp-content\/uploads\/2025\/01\/9a-1-300x113.jpg 300w, https:\/\/entrenotasyacordes.com\/wp-content\/uploads\/2025\/01\/9a-1-1024x384.jpg 1024w, https:\/\/entrenotasyacordes.com\/wp-content\/uploads\/2025\/01\/9a-1-768x288.jpg 768w, https:\/\/entrenotasyacordes.com\/wp-content\/uploads\/2025\/01\/9a-1-1536x576.jpg 1536w\" sizes=\"auto, (max-width: 1920px) 100vw, 1920px\" \/><\/figure>\n<\/div>\n\n\n<p class=\"has-text-align-left\">El Festival Palpitar presentar\u00e1 su edici\u00f3n Folklore el pr\u00f3ximo 22 de marzo, el Konex se vestir\u00e1 de folklore con la presencia de destacados artistas como Campedrinos, Milena Salamanca y el gran cierre de la noche junto a Nahuel Pennisi.<\/p>\n\n\n\n<p class=\"has-text-align-left\">Durante la noche, los artistas interpretar\u00e1n zambas y chacareras que har\u00e1n que el p\u00fablico cante y baile al ritmo del folklore argentino. No te pierdas esta oportunidad de disfrutar de la m\u00fasica y la cultura folcl\u00f3rica en un entorno \u00fanico y emocionante.<\/p>\n\n\n\n<p>Fecha: 22 de marzo<br>Lugar: \u00a0Konex &#8211; Sarmiento 3131<br>Artistas: Nahuel Pennisi, Campedrinos y Milena Salamanca<br>Tickets: <a href=\"https:\/\/entradas.cckonex.org\/event\/festival-palpitar-folklore\">Festival Palpitar Folklore: Nahuel Pennisi + Campedrinos + Milena Salamanca<\/a><\/p>\n\n\n\n<p class=\"has-text-align-center\"><strong><u>Informaci\u00f3n de Artistas<\/u><\/strong><\/p>\n\n\n\n<p><strong>Nahuel Pennisi<\/strong><br>Reconocido como uno de los artistas argentinos m\u00e1s destacados de la actualidad, Nahuel se ha consolidado como una figura clave de la m\u00fasica popular, llevando su arte a escenarios nacionales e internacionales. Con una t\u00e9cnica \u00fanica en la guitarra y una sensibilidad art\u00edstica inigualable, es hoy uno de los grandes referentes de la m\u00fasica argentina.<\/p>\n\n\n\n<p>En 2015, present\u00f3 \u201cPrimavera\u201d, su primer \u00e1lbum de estudio con Sony Music, que le vali\u00f3 un Premio Gardel y su primera nominaci\u00f3n al Latin Grammy. Su segundo \u00e1lbum, Feliz (2017), grabado en Los \u00c1ngeles, reafirm\u00f3 su \u00e9xito con un segundo Premio Gardel y una nominaci\u00f3n al Grammy Latino como Mejor \u00c1lbum Pop Vocal.<\/p>\n\n\n\n<p>En 2020, represent\u00f3 a Argentina en Vi\u00f1a del Mar con su emotiva canci\u00f3n Avanzar, logrando dos Gaviotas de Plata como Mejor Canci\u00f3n y Mejor Int\u00e9rprete, un hito que marc\u00f3 su proyecci\u00f3n internacional. Ese mismo a\u00f1o lanz\u00f3 su tercer disco de estudio, Renacer, producido por el reconocido Julio Reyes Copello.<\/p>\n\n\n\n<p>En 2022, su consagraci\u00f3n fue absoluta al obtener el m\u00e1ximo galard\u00f3n en los festivales de Jes\u00fas Mar\u00eda y Cosqu\u00edn, un logro hist\u00f3rico que lo posiciona como el artista del momento en el folclore argentino.<\/p>\n\n\n\n<p>Entre sus \u00e9xitos recientes destaca Universo Paralelo junto a La Konga, una canci\u00f3n que rompi\u00f3 r\u00e9cords en YouTube y le vali\u00f3 el Premio Gardel a Mejor Canci\u00f3n de Cuarteto.<\/p>\n\n\n\n<p>En 2024, lanz\u00f3 su aclamado \u00e1lbum \u201cMomentos\u201d, un trabajo \u00edntimo y conmovedor que incluye colaboraciones con Los Palmeras y Luciano Pereyra.<\/p>\n\n\n\n<p>Con una carrera marcada por premios, colaboraciones ic\u00f3nicas y presentaciones memorables, Nahuel Pennisi es la voz de una generaci\u00f3n que lleva la m\u00fasica argentina a nuevos horizontes y conquista audiencias en cada escenario que pisa.<\/p>\n\n\n\n<p><strong>Campedrinos<\/strong><br>Es el d\u00fao de folklore m\u00e1s escuchado en plataformas digitales, superando las 60 millones de vistas en YouTube. Formado por Sergio Prada y Agust\u00edn Fantili, el nombre surge de la conjunci\u00f3n de sus ciudades de origen: Campana y San Pedro.<\/p>\n\n\n\n<p>Su \u00e1lbum debut sale en 2015, bajo el t\u00edtulo \u201cMagia\u201d, durante 2016 estrenan \u201cAdrenalina\u201d, con participaci\u00f3n de Facundo Toro, La Mosca y El Chaque\u00f1o. En 2018 lanzan \u201cFestivalero\u201d y en 2022 se posicionan como cantautores de un nuevo repertorio folcl\u00f3rico con du disco \u201cLa Noche Perfecta\u201d<\/p>\n\n\n\n<p>Su video \u201cZambas Rom\u00e1nticas\u201d super\u00f3 las 15 millones de vistas.&nbsp;<\/p>\n\n\n\n<p>En 2024, Telefe eligi\u00f3 dos de sus canciones para que sean la m\u00fasica oficial de las dos novelas turcas de la tarde.&nbsp;<\/p>\n\n\n\n<p>Recientemente lanzaron colaboraciones con Camil\u00fa, Sele Vera y Catherine Vergnes en un ciclo llamado Parador.&nbsp;<\/p>\n\n\n\n<p>Los \u00faltimos a\u00f1os han recorrido infinidad de provincias y festivales y el a\u00f1o pasado cerraron con m\u00e1s de 60 show y un concierto incre\u00edble en el Teatro Opera mezclando sus dos facetas de Rom\u00e1nticos y Festivaleros.<\/p>\n\n\n\n<p><strong>Milena Salamanca<\/strong><br>Cantante, compositora y bailarina. Oriunda de La Plata esta joven artista de tan solo 18 a\u00f1os fue la artista revelaci\u00f3n en Cosqu\u00edn.<\/p>\n\n\n\n<p>Desde muy chica creci\u00f3 entre pe\u00f1as folcl\u00f3ricas y viene de familia de m\u00fasicos.<\/p>\n\n\n\n<p>En el 2012 fue ganadora como solista vocal en el pre Cosqu\u00edn y revelaci\u00f3n del Festival Nacional de Folklore Cosqu\u00edn.<\/p>\n\n\n\n<p>En el a\u00f1o 2017 nuevamente obtuvo las distinciones con el Conjunto de Danza \u201cCia. Pucara\u201d en el pre Cosqu\u00edn y revelaci\u00f3n del Festival Nacional de Folklore Cosqu\u00edn.<\/p>\n\n\n\n<p>\u201cCr\u00f3nicas Vol. 1\u201d es su disco editado el 2024 incluye el tema \u201candar Ahora\u201d compuesta por el baterista Pablo Vignatti.<\/p>\n","protected":false},"excerpt":{"rendered":"","protected":false},"author":5,"featured_media":13401,"comment_status":"open","ping_status":"open","sticky":false,"template":"","format":"standard","meta":{"om_disable_all_campaigns":false,"_uf_show_specific_survey":0,"_uf_disable_surveys":false,"footnotes":""},"categories":[36],"tags":[],"class_list":["post-13399","post","type-post","status-publish","format-standard","has-post-thumbnail","hentry","category-conciertos"],"_links":{"self":[{"href":"https:\/\/entrenotasyacordes.com\/index.php?rest_route=\/wp\/v2\/posts\/13399","targetHints":{"allow":["GET"]}}],"collection":[{"href":"https:\/\/entrenotasyacordes.com\/index.php?rest_route=\/wp\/v2\/posts"}],"about":[{"href":"https:\/\/entrenotasyacordes.com\/index.php?rest_route=\/wp\/v2\/types\/post"}],"author":[{"embeddable":true,"href":"https:\/\/entrenotasyacordes.com\/index.php?rest_route=\/wp\/v2\/users\/5"}],"replies":[{"embeddable":true,"href":"https:\/\/entrenotasyacordes.com\/index.php?rest_route=%2Fwp%2Fv2%2Fcomments&post=13399"}],"version-history":[{"count":2,"href":"https:\/\/entrenotasyacordes.com\/index.php?rest_route=\/wp\/v2\/posts\/13399\/revisions"}],"predecessor-version":[{"id":13407,"href":"https:\/\/entrenotasyacordes.com\/index.php?rest_route=\/wp\/v2\/posts\/13399\/revisions\/13407"}],"wp:featuredmedia":[{"embeddable":true,"href":"https:\/\/entrenotasyacordes.com\/index.php?rest_route=\/wp\/v2\/media\/13401"}],"wp:attachment":[{"href":"https:\/\/entrenotasyacordes.com\/index.php?rest_route=%2Fwp%2Fv2%2Fmedia&parent=13399"}],"wp:term":[{"taxonomy":"category","embeddable":true,"href":"https:\/\/entrenotasyacordes.com\/index.php?rest_route=%2Fwp%2Fv2%2Fcategories&post=13399"},{"taxonomy":"post_tag","embeddable":true,"href":"https:\/\/entrenotasyacordes.com\/index.php?rest_route=%2Fwp%2Fv2%2Ftags&post=13399"}],"curies":[{"name":"wp","href":"https:\/\/api.w.org\/{rel}","templated":true}]}}