{"id":13403,"date":"2025-01-13T16:32:38","date_gmt":"2025-01-13T16:32:38","guid":{"rendered":"https:\/\/entrenotasyacordes.com\/?p=13403"},"modified":"2025-01-13T16:32:39","modified_gmt":"2025-01-13T16:32:39","slug":"lauty-gram-inaugura-el-ano-con-los-mejores-del-verano-doble-p-el-turko-y-presentan-su-nuevo-hit-viral-si-o-no","status":"publish","type":"post","link":"https:\/\/entrenotasyacordes.com\/?p=13403","title":{"rendered":"LAUTY GRAM INAUGURA EL A\u00d1O CON LOS MEJORES DEL VERANO DOBLE P &amp; EL TURKO Y PRESENTAN SU NUEVO HIT VIRAL SI O NO"},"content":{"rendered":"\n<!--more-->\n\n\n<div class=\"wp-block-image\">\n<figure class=\"aligncenter size-full is-resized\"><img loading=\"lazy\" decoding=\"async\" width=\"2048\" height=\"2048\" src=\"https:\/\/entrenotasyacordes.com\/wp-content\/uploads\/2025\/01\/9b.jpg\" alt=\"\" class=\"wp-image-13404\" style=\"width:599px;height:auto\" srcset=\"https:\/\/entrenotasyacordes.com\/wp-content\/uploads\/2025\/01\/9b.jpg 2048w, https:\/\/entrenotasyacordes.com\/wp-content\/uploads\/2025\/01\/9b-300x300.jpg 300w, https:\/\/entrenotasyacordes.com\/wp-content\/uploads\/2025\/01\/9b-1024x1024.jpg 1024w, https:\/\/entrenotasyacordes.com\/wp-content\/uploads\/2025\/01\/9b-150x150.jpg 150w, https:\/\/entrenotasyacordes.com\/wp-content\/uploads\/2025\/01\/9b-768x768.jpg 768w, https:\/\/entrenotasyacordes.com\/wp-content\/uploads\/2025\/01\/9b-1536x1536.jpg 1536w, https:\/\/entrenotasyacordes.com\/wp-content\/uploads\/2025\/01\/9b-50x50.jpg 50w\" sizes=\"auto, (max-width: 2048px) 100vw, 2048px\" \/><\/figure>\n<\/div>\n\n\n<p class=\"has-text-align-left\"><strong>Lauty Gram<\/strong> abre el 2025 junto a <strong>Doble P, <\/strong>redoblando la apuesta con el segundo track de <strong>\u201cLos mejores del verano\u201d<\/strong> titulado <strong>\u201cSI O NO\u201d. <\/strong>Esta dupla que siempre tiene un hit bajo la manga, esta vez nos trae unun RKT oscuro y en\u00e9rgico producido por <strong>Ramiro VCA, <\/strong>para deleitarnos durante este verano 2025.\u00a0 Adem\u00e1s, el productor le agrega algunos toques de funk brasilero; y si hablamos de <em>\u201cFlow BR\u201d<\/em>, <strong>El Turko Al Corte<\/strong> es un maestro sobre esos ritmos.<\/p>\n\n\n\n<p class=\"has-text-align-left\">Entre <strong>Lauty Gram, Doble P &amp; El Turko<\/strong>, presentan <strong>\u201cSI o NO\u201d<\/strong>. Una canci\u00f3n que busca adem\u00e1s de sonar en todos los boliches del pa\u00eds, ser un trend viral asegurado.<\/p>\n\n\n\n<p class=\"has-text-align-left\">El videoclip dirigido por <strong>Jota Sibilia<\/strong>, entre la parodia y el humor nos transporta a una tarde de verano con playa y diversi\u00f3n. Es habitual en la carrera de <strong>Lauty Gram<\/strong> convertir sus singles en tendencias virales de TikTok, y esta vez ha ido m\u00e1s all\u00e1, incluyendo a varias influencers en su videoclip como <strong><em>Luchi Patro<\/em><\/strong><em>, <strong>Luli barrios, Emi Vrancic y Milu Ad.<\/strong><\/em><\/p>\n\n\n\n<figure class=\"wp-block-embed is-type-video is-provider-youtube wp-block-embed-youtube wp-embed-aspect-4-3 wp-has-aspect-ratio\"><div class=\"wp-block-embed__wrapper\">\n<div class=\"epyt-video-wrapper\"><iframe loading=\"lazy\"  id=\"_ytid_43700\"  width=\"640\" height=\"360\"  data-origwidth=\"640\" data-origheight=\"360\" src=\"https:\/\/www.youtube.com\/embed\/JgN1wjZxnMY?enablejsapi=1&#038;autoplay=0&#038;cc_load_policy=0&#038;cc_lang_pref=&#038;iv_load_policy=1&#038;loop=0&#038;rel=1&#038;fs=1&#038;playsinline=0&#038;autohide=2&#038;theme=dark&#038;color=white&#038;controls=1&#038;\" class=\"__youtube_prefs__  epyt-is-override  no-lazyload\" data-vol=\"50\"  title=\"YouTube player\"  allow=\"fullscreen; accelerometer; autoplay; clipboard-write; encrypted-media; gyroscope; picture-in-picture; web-share\" referrerpolicy=\"strict-origin-when-cross-origin\" allowfullscreen data-no-lazy=\"1\" data-skipgform_ajax_framebjll=\"\"><\/iframe><\/div>\n<\/div><\/figure>\n\n\n\n<p class=\"has-text-align-left\"><strong><u>Acerca de Lauty Gram<\/u><\/strong><br><strong>Lauty Gram<\/strong> es Lautaro Gonz\u00e1lez Cad\u00edcamo, de 23 a\u00f1os y nacido el 27 de diciembre de 2001 en Buenos Aires. Antes de acomodarse en el nuevo firmamento de la escena urbana, era un popular influencer de Instagram y TikTok, due\u00f1o de un carisma y un humor que supo atravesar millones y millones de pantallas. Desde esa masividad, en 2022 comenz\u00f3 a enganchar a sus seguidores a trav\u00e9s del sentido del o\u00eddo pero, principalmente, una propuesta de baile fren\u00e9tico. Y comenz\u00f3 a fabricar esas bombas infecciosas que son sus canciones: desde la inicial \u00abBlam\u00bb hasta otras que ya son \u00e9xitos en todas las fiestas, como <strong>\u00abLlegue Yo\u00bb, \u00abC PEG\u00d3\u00bb y \u00abRubia o morocha\u00bb.<\/strong><\/p>\n\n\n\n<p class=\"has-text-align-left\"><strong><u>Acerca de Doble P<\/u><\/strong><br>Doble P es un cantante argentino. Es creador del g\u00e9nero y estilo de vida \u2018RK Punky\u2019, una variante del RKT. En su corta trayectoria hizo grandes \u00e9xitos reconocidos como \u2018\u2019Me escap\u00e9\u2019\u2019 en colaboraci\u00f3n con Lauty Gram y Gusty Dj, obtuvo 30M de streams en Spotify en tres meses, alcanzando el puesto #24 en Argentina y se mantuvo en el chart por 5 meses consecutivos. Tambi\u00e9n es autor de \u2018\u2019Disculpe oficial\u2019\u2019, que ya cuenta con 11M de streams en Spotify y 17M de views en Youtube desde que se lanz\u00f3. Sus \u00faltimos \u00e9xitos son \u2018\u2019Fiesta Punky\u201d, que cuenta con m\u00e1s de 16M de streams en Spotify, 13M de views en Youtube, y \u201cUH LA LA LA\u201d con Salas, superando los 18M en Spotify. Su lanzamiento m\u00e1s reciente fue \u00bbNO SE VE NA\u00bb junto a LAUTY GRAM, el cual sigue creciendo de manera constante y se mantiene siendo tendencia en Tik Tok.<\/p>\n\n\n\n<p class=\"has-text-align-left\"><strong><u>Acerca de El Turko<\/u><\/strong><br>El Turko es un artista argentino de la localidad de Rosario, conocido como \u201cEl Turko al Corte\u201d. Con su estilo \u00fanico Flow BR, ha revolucionado la escena musical al combinar ritmos urbanos con una esencia fresca, cruda y aut\u00e9ntica. Su hit \u201c30 Grados\u201d no solo acumul\u00f3 millones de reproducciones en las plataformas de streaming, sino que se convirti\u00f3 en un himno para una nueva generaci\u00f3n. Desde los barrios hasta los festivales, El Turko lleva consigo una narrativa que conecta. Su m\u00fasica representa a Los Pibes de las Motos, un movimiento que celebra la hermandad, la pasi\u00f3n por la m\u00fasica y el esp\u00edritu de superaci\u00f3n.<\/p>\n\n\n<div class=\"wp-block-image\">\n<figure class=\"aligncenter size-full is-resized\"><img loading=\"lazy\" decoding=\"async\" width=\"2048\" height=\"1365\" src=\"https:\/\/entrenotasyacordes.com\/wp-content\/uploads\/2025\/01\/9bb.jpg\" alt=\"\" class=\"wp-image-13405\" style=\"width:599px;height:auto\" srcset=\"https:\/\/entrenotasyacordes.com\/wp-content\/uploads\/2025\/01\/9bb.jpg 2048w, https:\/\/entrenotasyacordes.com\/wp-content\/uploads\/2025\/01\/9bb-300x200.jpg 300w, https:\/\/entrenotasyacordes.com\/wp-content\/uploads\/2025\/01\/9bb-1024x683.jpg 1024w, https:\/\/entrenotasyacordes.com\/wp-content\/uploads\/2025\/01\/9bb-768x512.jpg 768w, https:\/\/entrenotasyacordes.com\/wp-content\/uploads\/2025\/01\/9bb-1536x1024.jpg 1536w\" sizes=\"auto, (max-width: 2048px) 100vw, 2048px\" \/><\/figure>\n<\/div>\n\n\n<p><\/p>\n","protected":false},"excerpt":{"rendered":"","protected":false},"author":5,"featured_media":13404,"comment_status":"open","ping_status":"open","sticky":false,"template":"","format":"standard","meta":{"om_disable_all_campaigns":false,"_uf_show_specific_survey":0,"_uf_disable_surveys":false,"footnotes":""},"categories":[4],"tags":[],"class_list":["post-13403","post","type-post","status-publish","format-standard","has-post-thumbnail","hentry","category-musica"],"_links":{"self":[{"href":"https:\/\/entrenotasyacordes.com\/index.php?rest_route=\/wp\/v2\/posts\/13403","targetHints":{"allow":["GET"]}}],"collection":[{"href":"https:\/\/entrenotasyacordes.com\/index.php?rest_route=\/wp\/v2\/posts"}],"about":[{"href":"https:\/\/entrenotasyacordes.com\/index.php?rest_route=\/wp\/v2\/types\/post"}],"author":[{"embeddable":true,"href":"https:\/\/entrenotasyacordes.com\/index.php?rest_route=\/wp\/v2\/users\/5"}],"replies":[{"embeddable":true,"href":"https:\/\/entrenotasyacordes.com\/index.php?rest_route=%2Fwp%2Fv2%2Fcomments&post=13403"}],"version-history":[{"count":1,"href":"https:\/\/entrenotasyacordes.com\/index.php?rest_route=\/wp\/v2\/posts\/13403\/revisions"}],"predecessor-version":[{"id":13406,"href":"https:\/\/entrenotasyacordes.com\/index.php?rest_route=\/wp\/v2\/posts\/13403\/revisions\/13406"}],"wp:featuredmedia":[{"embeddable":true,"href":"https:\/\/entrenotasyacordes.com\/index.php?rest_route=\/wp\/v2\/media\/13404"}],"wp:attachment":[{"href":"https:\/\/entrenotasyacordes.com\/index.php?rest_route=%2Fwp%2Fv2%2Fmedia&parent=13403"}],"wp:term":[{"taxonomy":"category","embeddable":true,"href":"https:\/\/entrenotasyacordes.com\/index.php?rest_route=%2Fwp%2Fv2%2Fcategories&post=13403"},{"taxonomy":"post_tag","embeddable":true,"href":"https:\/\/entrenotasyacordes.com\/index.php?rest_route=%2Fwp%2Fv2%2Ftags&post=13403"}],"curies":[{"name":"wp","href":"https:\/\/api.w.org\/{rel}","templated":true}]}}