{"id":13408,"date":"2025-01-13T16:47:25","date_gmt":"2025-01-13T16:47:25","guid":{"rendered":"https:\/\/entrenotasyacordes.com\/?p=13408"},"modified":"2025-01-13T16:47:27","modified_gmt":"2025-01-13T16:47:27","slug":"kapo-lanza-aloh-aloh-un-afrobeat-que-promete-ser-el-nuevo-himno-global","status":"publish","type":"post","link":"https:\/\/entrenotasyacordes.com\/?p=13408","title":{"rendered":"Kapo lanza \u201cAloh Aloh\u201d un afrobeat que promete ser el nuevo himno global"},"content":{"rendered":"\n<!--more-->\n\n\n<div class=\"wp-block-image\">\n<figure class=\"aligncenter size-full is-resized\"><img loading=\"lazy\" decoding=\"async\" width=\"2048\" height=\"2048\" src=\"https:\/\/entrenotasyacordes.com\/wp-content\/uploads\/2025\/01\/9c.png\" alt=\"\" class=\"wp-image-13409\" style=\"width:599px;height:auto\" srcset=\"https:\/\/entrenotasyacordes.com\/wp-content\/uploads\/2025\/01\/9c.png 2048w, https:\/\/entrenotasyacordes.com\/wp-content\/uploads\/2025\/01\/9c-300x300.png 300w, https:\/\/entrenotasyacordes.com\/wp-content\/uploads\/2025\/01\/9c-1024x1024.png 1024w, https:\/\/entrenotasyacordes.com\/wp-content\/uploads\/2025\/01\/9c-150x150.png 150w, https:\/\/entrenotasyacordes.com\/wp-content\/uploads\/2025\/01\/9c-768x768.png 768w, https:\/\/entrenotasyacordes.com\/wp-content\/uploads\/2025\/01\/9c-1536x1536.png 1536w, https:\/\/entrenotasyacordes.com\/wp-content\/uploads\/2025\/01\/9c-50x50.png 50w\" sizes=\"auto, (max-width: 2048px) 100vw, 2048px\" \/><\/figure>\n<\/div>\n\n\n<p class=\"has-text-align-left\">Tras un a\u00f1o lleno de \u00e9xitos y reconocimientos, <strong>Kapo<\/strong> regresa con su m\u00e1s reciente lanzamiento, \u201c<strong>Aloh Aloh<\/strong>\u201d, una propuesta vibrante que contin\u00faa consolidando su estilo \u00fanico dentro del afrobeat latino. Fiel a su talento para bautizar sus canciones con nombres pegadizas y memorables, <strong>Kapo <\/strong>presenta un tema que fusiona ritmos contagiosos con una narrativa fresca y din\u00e1mica.<\/p>\n\n\n\n<p>Escrita por el propio <strong>Kapo <\/strong>y producida por Gangsta y Jeyjenm, \u201c<strong>Aloh Aloh<\/strong>\u201d es un reflejo de la evoluci\u00f3n art\u00edstica del int\u00e9rprete, quien ha sabido conectar con una audiencia global sin perder su esencia. La canci\u00f3n destaca por su energ\u00eda envolvente, ideal tanto para la pista de baile como para la radio, reafirmando el lugar de Kapo como una de las figuras m\u00e1s innovadoras de la m\u00fasica actual.<\/p>\n\n\n\n<p>El lanzamiento viene acompa\u00f1ado de un impactante video musical, dirigido y producido por Willy Rodr\u00edguez, con edici\u00f3n de Daniel Etura y bajo la producci\u00f3n de la casa creativa Mister. Filmado en Madrid, el video combina tomas panor\u00e1micas espectaculares con la presencia magn\u00e9tica de <strong>Kapo<\/strong>, logrando una pieza visual que eleva la experiencia de \u201c<strong>Aloh Aloh<\/strong>\u201d y resalta la versatilidad art\u00edstica del cantante.<\/p>\n\n\n\n<p><em>\u201c\u2018Aloh Aloh\u2019 es una celebraci\u00f3n del ritmo, del instante y de lo que me inspira. Quise crear una canci\u00f3n que se sintiera tan natural como el nombre mismo: pegajosa, \u00fanica y llena de vida,\u201d<\/em> coment\u00f3 <strong>Kapo <\/strong>sobre su m\u00e1s reciente estreno.<\/p>\n\n\n\n<p>Este nuevo lanzamiento marca un cierre de a\u00f1o en\u00e9rgico para <strong>Kapo<\/strong>, quien en 2024 destac\u00f3 con \u00e9xitos globales como \u201c<strong>Ohnana<\/strong>\u201d y \u201c<strong>Uwaie<\/strong>\u201d, acumulando reconocimientos, certificaciones de diamante y una conexi\u00f3n inigualable con sus seguidores. \u201c<strong>Aloh Aloh<\/strong>\u201d promete ser el primer paso de una serie de proyectos que llevar\u00e1n su sonido afrobeat a nuevas alturas en 2025.<\/p>\n","protected":false},"excerpt":{"rendered":"","protected":false},"author":5,"featured_media":13409,"comment_status":"open","ping_status":"open","sticky":false,"template":"","format":"standard","meta":{"om_disable_all_campaigns":false,"_uf_show_specific_survey":0,"_uf_disable_surveys":false,"footnotes":""},"categories":[4],"tags":[],"class_list":["post-13408","post","type-post","status-publish","format-standard","has-post-thumbnail","hentry","category-musica"],"_links":{"self":[{"href":"https:\/\/entrenotasyacordes.com\/index.php?rest_route=\/wp\/v2\/posts\/13408","targetHints":{"allow":["GET"]}}],"collection":[{"href":"https:\/\/entrenotasyacordes.com\/index.php?rest_route=\/wp\/v2\/posts"}],"about":[{"href":"https:\/\/entrenotasyacordes.com\/index.php?rest_route=\/wp\/v2\/types\/post"}],"author":[{"embeddable":true,"href":"https:\/\/entrenotasyacordes.com\/index.php?rest_route=\/wp\/v2\/users\/5"}],"replies":[{"embeddable":true,"href":"https:\/\/entrenotasyacordes.com\/index.php?rest_route=%2Fwp%2Fv2%2Fcomments&post=13408"}],"version-history":[{"count":1,"href":"https:\/\/entrenotasyacordes.com\/index.php?rest_route=\/wp\/v2\/posts\/13408\/revisions"}],"predecessor-version":[{"id":13410,"href":"https:\/\/entrenotasyacordes.com\/index.php?rest_route=\/wp\/v2\/posts\/13408\/revisions\/13410"}],"wp:featuredmedia":[{"embeddable":true,"href":"https:\/\/entrenotasyacordes.com\/index.php?rest_route=\/wp\/v2\/media\/13409"}],"wp:attachment":[{"href":"https:\/\/entrenotasyacordes.com\/index.php?rest_route=%2Fwp%2Fv2%2Fmedia&parent=13408"}],"wp:term":[{"taxonomy":"category","embeddable":true,"href":"https:\/\/entrenotasyacordes.com\/index.php?rest_route=%2Fwp%2Fv2%2Fcategories&post=13408"},{"taxonomy":"post_tag","embeddable":true,"href":"https:\/\/entrenotasyacordes.com\/index.php?rest_route=%2Fwp%2Fv2%2Ftags&post=13408"}],"curies":[{"name":"wp","href":"https:\/\/api.w.org\/{rel}","templated":true}]}}