{"id":13415,"date":"2025-01-13T16:57:21","date_gmt":"2025-01-13T16:57:21","guid":{"rendered":"https:\/\/entrenotasyacordes.com\/?p=13415"},"modified":"2025-01-13T16:57:22","modified_gmt":"2025-01-13T16:57:22","slug":"marki-presenta-%c2%a8ojos-negros%c2%a8-ft-sofia-mora","status":"publish","type":"post","link":"https:\/\/entrenotasyacordes.com\/?p=13415","title":{"rendered":"MARKI PRESENTA \u00a8OJOS NEGROS\u00a8 FT SOFIA MORA"},"content":{"rendered":"\n<!--more-->\n\n\n<div class=\"wp-block-image\">\n<figure class=\"aligncenter size-full is-resized\"><img loading=\"lazy\" decoding=\"async\" width=\"2560\" height=\"2560\" src=\"https:\/\/entrenotasyacordes.com\/wp-content\/uploads\/2025\/01\/9e-scaled.jpg\" alt=\"\" class=\"wp-image-13416\" style=\"width:765px;height:auto\" srcset=\"https:\/\/entrenotasyacordes.com\/wp-content\/uploads\/2025\/01\/9e-scaled.jpg 2560w, https:\/\/entrenotasyacordes.com\/wp-content\/uploads\/2025\/01\/9e-300x300.jpg 300w, https:\/\/entrenotasyacordes.com\/wp-content\/uploads\/2025\/01\/9e-1024x1024.jpg 1024w, https:\/\/entrenotasyacordes.com\/wp-content\/uploads\/2025\/01\/9e-150x150.jpg 150w, https:\/\/entrenotasyacordes.com\/wp-content\/uploads\/2025\/01\/9e-768x768.jpg 768w, https:\/\/entrenotasyacordes.com\/wp-content\/uploads\/2025\/01\/9e-1536x1536.jpg 1536w, https:\/\/entrenotasyacordes.com\/wp-content\/uploads\/2025\/01\/9e-2048x2048.jpg 2048w, https:\/\/entrenotasyacordes.com\/wp-content\/uploads\/2025\/01\/9e-50x50.jpg 50w\" sizes=\"auto, (max-width: 2560px) 100vw, 2560px\" \/><\/figure>\n<\/div>\n\n\n<p class=\"has-text-align-left\">\u00a8Ojos negros\u00a8 Ft. Sofia Mora, es la primera canci\u00f3n de Marki en este 2025.<br>\u00a8Ojos negros\u00a8 es el primer adelanto del nuevo \u00e1lbum de Marki\u00a0una canci\u00f3n de amor indie folk que nos recuerda la esencia del cantante con guitarras ac\u00fasticas, percusiones y melod\u00edas melanc\u00f3licas.<\/p>\n\n\n\n<figure class=\"wp-block-embed is-type-video is-provider-youtube wp-block-embed-youtube wp-embed-aspect-16-9 wp-has-aspect-ratio\"><div class=\"wp-block-embed__wrapper\">\n<div class=\"epyt-video-wrapper\"><iframe loading=\"lazy\"  id=\"_ytid_23696\"  width=\"640\" height=\"360\"  data-origwidth=\"640\" data-origheight=\"360\" src=\"https:\/\/www.youtube.com\/embed\/8ANsQz3G-DU?enablejsapi=1&#038;autoplay=0&#038;cc_load_policy=0&#038;cc_lang_pref=&#038;iv_load_policy=1&#038;loop=0&#038;rel=1&#038;fs=1&#038;playsinline=0&#038;autohide=2&#038;theme=dark&#038;color=white&#038;controls=1&#038;\" class=\"__youtube_prefs__  epyt-is-override  no-lazyload\" data-vol=\"50\"  title=\"YouTube player\"  allow=\"fullscreen; accelerometer; autoplay; clipboard-write; encrypted-media; gyroscope; picture-in-picture; web-share\" referrerpolicy=\"strict-origin-when-cross-origin\" allowfullscreen data-no-lazy=\"1\" data-skipgform_ajax_framebjll=\"\"><\/iframe><\/div>\n<\/div><\/figure>\n\n\n\n<p>Nacido en Buenos Aires (1996), en el barrio de Once y criado en Floresta, se lanza a la escena musical a mediados de 2020, el m\u00fasico se catapult\u00f3 al reconocimiento durante la pandemia con \u00e9xitos virales como \u00abMusikita del Cielo\u00bb con Axel Fiks, \u00abArriba de M\u00ed\u00bb y \u201cParque Avellaneda\u201d. Estos primeros sencillos, que acumularon varias reproducciones, evidenciaron una capacidad innata para conectar con el p\u00fablico. Paralelamente, su rol como vocalista de la banda Terapia , conocida por tracks como \u00abTe Sigo Perdiendo\u00bb y \u00abWasap\u00bb, solidific\u00f3 su reputaci\u00f3n como un artista vers\u00e1til y comprometido. En 2022, Marki se present\u00f3 en festivales como Quilmes Rock, Harlem y Cosqu\u00edn, y en la sala de Niceto Club Lado A en 2023. En 2024 Marki lanza su primer \u00e1lbum de estudio \u2018Yass\u2019\u00a0 una expresi\u00f3n cruda y aut\u00e9ntica del alma del cantante que se atreve a transitar por los rincones m\u00e1s profundos de sus emociones y plasmarlas en su m\u00fasica, con un sonido que desaf\u00eda las convenciones donde destacan canciones como \u2018Hat Trick\u2019 y \u2018Nefertiti\u2019.<\/p>\n\n\n<div class=\"wp-block-image\">\n<figure class=\"aligncenter size-full is-resized\"><img loading=\"lazy\" decoding=\"async\" width=\"2560\" height=\"1707\" src=\"https:\/\/entrenotasyacordes.com\/wp-content\/uploads\/2025\/01\/9ee-scaled.jpg\" alt=\"\" class=\"wp-image-13417\" style=\"width:599px;height:auto\" srcset=\"https:\/\/entrenotasyacordes.com\/wp-content\/uploads\/2025\/01\/9ee-scaled.jpg 2560w, https:\/\/entrenotasyacordes.com\/wp-content\/uploads\/2025\/01\/9ee-300x200.jpg 300w, https:\/\/entrenotasyacordes.com\/wp-content\/uploads\/2025\/01\/9ee-1024x683.jpg 1024w, https:\/\/entrenotasyacordes.com\/wp-content\/uploads\/2025\/01\/9ee-768x512.jpg 768w, https:\/\/entrenotasyacordes.com\/wp-content\/uploads\/2025\/01\/9ee-1536x1024.jpg 1536w, https:\/\/entrenotasyacordes.com\/wp-content\/uploads\/2025\/01\/9ee-2048x1365.jpg 2048w\" sizes=\"auto, (max-width: 2560px) 100vw, 2560px\" \/><\/figure>\n<\/div>\n\n\n<p>Para este 2025 Marki tiene planeado un nuevo \u00e1lbum de estudio y algunas colaboraciones con artistas como Sof\u00eda Mora y Milkshake entre otros<\/p>\n","protected":false},"excerpt":{"rendered":"","protected":false},"author":5,"featured_media":13416,"comment_status":"open","ping_status":"open","sticky":false,"template":"","format":"standard","meta":{"om_disable_all_campaigns":false,"_uf_show_specific_survey":0,"_uf_disable_surveys":false,"footnotes":""},"categories":[4],"tags":[],"class_list":["post-13415","post","type-post","status-publish","format-standard","has-post-thumbnail","hentry","category-musica"],"_links":{"self":[{"href":"https:\/\/entrenotasyacordes.com\/index.php?rest_route=\/wp\/v2\/posts\/13415","targetHints":{"allow":["GET"]}}],"collection":[{"href":"https:\/\/entrenotasyacordes.com\/index.php?rest_route=\/wp\/v2\/posts"}],"about":[{"href":"https:\/\/entrenotasyacordes.com\/index.php?rest_route=\/wp\/v2\/types\/post"}],"author":[{"embeddable":true,"href":"https:\/\/entrenotasyacordes.com\/index.php?rest_route=\/wp\/v2\/users\/5"}],"replies":[{"embeddable":true,"href":"https:\/\/entrenotasyacordes.com\/index.php?rest_route=%2Fwp%2Fv2%2Fcomments&post=13415"}],"version-history":[{"count":1,"href":"https:\/\/entrenotasyacordes.com\/index.php?rest_route=\/wp\/v2\/posts\/13415\/revisions"}],"predecessor-version":[{"id":13418,"href":"https:\/\/entrenotasyacordes.com\/index.php?rest_route=\/wp\/v2\/posts\/13415\/revisions\/13418"}],"wp:featuredmedia":[{"embeddable":true,"href":"https:\/\/entrenotasyacordes.com\/index.php?rest_route=\/wp\/v2\/media\/13416"}],"wp:attachment":[{"href":"https:\/\/entrenotasyacordes.com\/index.php?rest_route=%2Fwp%2Fv2%2Fmedia&parent=13415"}],"wp:term":[{"taxonomy":"category","embeddable":true,"href":"https:\/\/entrenotasyacordes.com\/index.php?rest_route=%2Fwp%2Fv2%2Fcategories&post=13415"},{"taxonomy":"post_tag","embeddable":true,"href":"https:\/\/entrenotasyacordes.com\/index.php?rest_route=%2Fwp%2Fv2%2Ftags&post=13415"}],"curies":[{"name":"wp","href":"https:\/\/api.w.org\/{rel}","templated":true}]}}