{"id":13421,"date":"2025-01-13T21:38:40","date_gmt":"2025-01-13T21:38:40","guid":{"rendered":"https:\/\/entrenotasyacordes.com\/?p=13421"},"modified":"2025-01-13T21:38:40","modified_gmt":"2025-01-13T21:38:40","slug":"sele-vera-y-los-pampas-representaran-argentina-en-vina-del-mar","status":"publish","type":"post","link":"https:\/\/entrenotasyacordes.com\/?p=13421","title":{"rendered":"SELE VERA Y LOS PAMPAS REPRESENTAR\u00c1N\u00a0ARGENTINA EN VI\u00d1A DEL MAR"},"content":{"rendered":"\n<!--more-->\n\n\n\n<p>La reconocida artista de chamam\u00e9 participar\u00e1 en la competencia folcl\u00f3rica de la edici\u00f3n 2025 del festival\u00a0<\/p>\n\n\n<div class=\"wp-block-image\">\n<figure class=\"aligncenter size-full is-resized\"><img loading=\"lazy\" decoding=\"async\" width=\"1080\" height=\"1080\" src=\"https:\/\/entrenotasyacordes.com\/wp-content\/uploads\/2025\/01\/9f.jpg\" alt=\"\" class=\"wp-image-13422\" style=\"width:599px;height:auto\" srcset=\"https:\/\/entrenotasyacordes.com\/wp-content\/uploads\/2025\/01\/9f.jpg 1080w, https:\/\/entrenotasyacordes.com\/wp-content\/uploads\/2025\/01\/9f-300x300.jpg 300w, https:\/\/entrenotasyacordes.com\/wp-content\/uploads\/2025\/01\/9f-1024x1024.jpg 1024w, https:\/\/entrenotasyacordes.com\/wp-content\/uploads\/2025\/01\/9f-150x150.jpg 150w, https:\/\/entrenotasyacordes.com\/wp-content\/uploads\/2025\/01\/9f-768x768.jpg 768w, https:\/\/entrenotasyacordes.com\/wp-content\/uploads\/2025\/01\/9f-50x50.jpg 50w\" sizes=\"auto, (max-width: 1080px) 100vw, 1080px\" \/><\/figure>\n<\/div>\n\n\n<p class=\"has-text-align-left\">Sele Vera y Los Pampas han sido elegidos para representar a Argentina en la competencia folcl\u00f3rica del Festival de Vi\u00f1a del Mar 2025. Este evento, reconocido como uno de los encuentros musicales m\u00e1s prestigiosos de Am\u00e9rica Latina, ser\u00e1 una plataforma clave para exponer el talento y la riqueza cultural del chamam\u00e9 ante una audiencia internacional.\u00a0El festival se llevar\u00e1 a cabo del 23 al 28 de febrero en la emblem\u00e1tica Quinta Vergara, en Chile.<\/p>\n\n\n\n<p>\u201cNos emociona y enorgullece esta nueva oportunidad que se nos presenta en el camino. La m\u00fasica es tan grande\u2026\u201d, expres\u00f3 Sele Vera. \u201cEs dif\u00edcil poner en palabras todo lo que siento en este momento y lo que seguramente sentiremos al pisar un escenario tan prestigioso.\u201d<\/p>\n\n\n\n<p>El reconocimiento de Sele Vera y Los Pampas en Vi\u00f1a del Mar representa un nuevo hito en su carrera, llev\u00e1ndolos a competir por la Gaviota de Plata junto a artistas de Bolivia, Chile, Ecuador, M\u00e9xico y Per\u00fa. En esta edici\u00f3n, participar\u00e1n con la canci\u00f3n\u00a0de su autor\u00eda Devu\u00e9lveme el Coraz\u00f3n, una composici\u00f3n que refleja el romanticismo y la autenticidad que caracterizan su obra. La misma\u00a0fue lanzada en 2023 como parte de su primer disco de estudio, El Amor Es As\u00ed.<\/p>\n\n\n\n<p>Sele Vera, reconocida como la principal voz femenina de la nueva generaci\u00f3n de folkloristas, contin\u00faa conquistando corazones con sus canciones cargadas de romance.\u00a0<\/p>\n\n\n\n<figure class=\"wp-block-embed is-type-video is-provider-youtube wp-block-embed-youtube wp-embed-aspect-16-9 wp-has-aspect-ratio\"><div class=\"wp-block-embed__wrapper\">\n<div class=\"epyt-video-wrapper\"><iframe loading=\"lazy\"  id=\"_ytid_26420\"  width=\"640\" height=\"360\"  data-origwidth=\"640\" data-origheight=\"360\" src=\"https:\/\/www.youtube.com\/embed\/kXtQRJqklFs?enablejsapi=1&#038;autoplay=0&#038;cc_load_policy=0&#038;cc_lang_pref=&#038;iv_load_policy=1&#038;loop=0&#038;rel=1&#038;fs=1&#038;playsinline=0&#038;autohide=2&#038;theme=dark&#038;color=white&#038;controls=1&#038;\" class=\"__youtube_prefs__  epyt-is-override  no-lazyload\" data-vol=\"50\"  title=\"YouTube player\"  allow=\"fullscreen; accelerometer; autoplay; clipboard-write; encrypted-media; gyroscope; picture-in-picture; web-share\" referrerpolicy=\"strict-origin-when-cross-origin\" allowfullscreen data-no-lazy=\"1\" data-skipgform_ajax_framebjll=\"\"><\/iframe><\/div>\n<\/div><\/figure>\n\n\n\n<p><strong>Luego de un 2024 lleno de lanzamientos y shows, Sele Vera y Los Pampas se preparan\u00a0para sacar su pr\u00f3ximo single \u00abVete\u00bb en la previa al festival. Estar\u00e1 disponible el 16\/01 a las 20hs.<\/strong><\/p>\n\n\n<div class=\"wp-block-image\">\n<figure class=\"aligncenter size-full is-resized\"><img loading=\"lazy\" decoding=\"async\" width=\"500\" height=\"500\" src=\"https:\/\/entrenotasyacordes.com\/wp-content\/uploads\/2025\/01\/9ff.jpeg\" alt=\"\" class=\"wp-image-13423\" style=\"width:505px;height:auto\" srcset=\"https:\/\/entrenotasyacordes.com\/wp-content\/uploads\/2025\/01\/9ff.jpeg 500w, https:\/\/entrenotasyacordes.com\/wp-content\/uploads\/2025\/01\/9ff-300x300.jpeg 300w, https:\/\/entrenotasyacordes.com\/wp-content\/uploads\/2025\/01\/9ff-150x150.jpeg 150w, https:\/\/entrenotasyacordes.com\/wp-content\/uploads\/2025\/01\/9ff-50x50.jpeg 50w\" sizes=\"auto, (max-width: 500px) 100vw, 500px\" \/><\/figure>\n<\/div>\n\n\n<p><\/p>\n","protected":false},"excerpt":{"rendered":"","protected":false},"author":5,"featured_media":13422,"comment_status":"open","ping_status":"open","sticky":false,"template":"","format":"standard","meta":{"om_disable_all_campaigns":false,"_uf_show_specific_survey":0,"_uf_disable_surveys":false,"footnotes":""},"categories":[36],"tags":[],"class_list":["post-13421","post","type-post","status-publish","format-standard","has-post-thumbnail","hentry","category-conciertos"],"_links":{"self":[{"href":"https:\/\/entrenotasyacordes.com\/index.php?rest_route=\/wp\/v2\/posts\/13421","targetHints":{"allow":["GET"]}}],"collection":[{"href":"https:\/\/entrenotasyacordes.com\/index.php?rest_route=\/wp\/v2\/posts"}],"about":[{"href":"https:\/\/entrenotasyacordes.com\/index.php?rest_route=\/wp\/v2\/types\/post"}],"author":[{"embeddable":true,"href":"https:\/\/entrenotasyacordes.com\/index.php?rest_route=\/wp\/v2\/users\/5"}],"replies":[{"embeddable":true,"href":"https:\/\/entrenotasyacordes.com\/index.php?rest_route=%2Fwp%2Fv2%2Fcomments&post=13421"}],"version-history":[{"count":1,"href":"https:\/\/entrenotasyacordes.com\/index.php?rest_route=\/wp\/v2\/posts\/13421\/revisions"}],"predecessor-version":[{"id":13424,"href":"https:\/\/entrenotasyacordes.com\/index.php?rest_route=\/wp\/v2\/posts\/13421\/revisions\/13424"}],"wp:featuredmedia":[{"embeddable":true,"href":"https:\/\/entrenotasyacordes.com\/index.php?rest_route=\/wp\/v2\/media\/13422"}],"wp:attachment":[{"href":"https:\/\/entrenotasyacordes.com\/index.php?rest_route=%2Fwp%2Fv2%2Fmedia&parent=13421"}],"wp:term":[{"taxonomy":"category","embeddable":true,"href":"https:\/\/entrenotasyacordes.com\/index.php?rest_route=%2Fwp%2Fv2%2Fcategories&post=13421"},{"taxonomy":"post_tag","embeddable":true,"href":"https:\/\/entrenotasyacordes.com\/index.php?rest_route=%2Fwp%2Fv2%2Ftags&post=13421"}],"curies":[{"name":"wp","href":"https:\/\/api.w.org\/{rel}","templated":true}]}}