{"id":13431,"date":"2025-01-13T21:55:41","date_gmt":"2025-01-13T21:55:41","guid":{"rendered":"https:\/\/entrenotasyacordes.com\/?p=13431"},"modified":"2025-01-13T21:55:43","modified_gmt":"2025-01-13T21:55:43","slug":"juan-bautista-derrasaga-presenta-su-disco-faro-menor","status":"publish","type":"post","link":"https:\/\/entrenotasyacordes.com\/?p=13431","title":{"rendered":"JUAN BAUTISTA DERRASAGA presenta su disco \u00abFaro menor\u00bb"},"content":{"rendered":"\n<!--more-->\n\n\n\n<p class=\"has-text-align-left\">El compositor y multi instrumentista oriundo de Ensenada,&nbsp;<strong>Juan Bautista Derrasaga<\/strong>, vuelve al ruedo luego de m\u00e1s de 20 a\u00f1os con su flamante disco&nbsp;<strong>FARO MENOR<\/strong>, una exquisita mezcla de estilos y sonidos, con la producci\u00f3n art\u00edstica del legendario m\u00fasico y productor mendocino Marcelo Zoloa y las mezclas \u00fanicas de&nbsp;<strong>H\u00e9ctor Cama\u00f1o<\/strong>. El disco recorre sus cl\u00e1sicos sonidos aggiornados, desde influencias bluseras como 33 de mano, pop como FARO MENOR, sonidos vintage como SERA MEJOR, hasta el beatlero ANGULOS PERFECTOS.<\/p>\n\n\n\n<p class=\"has-text-align-left\">El m\u00fasico, que inici\u00f3 su vasta carrera en los comienzos de los 90 con Katarsis y Buda en la ciudad de La Plata, y el lanzamiento de 7 singles en el 2024, duplica la apuesta con un disco \u00edntimo y vers\u00e1til.<\/p>\n\n\n<div class=\"wp-block-image\">\n<figure class=\"aligncenter size-full is-resized\"><img loading=\"lazy\" decoding=\"async\" width=\"1400\" height=\"1400\" src=\"https:\/\/entrenotasyacordes.com\/wp-content\/uploads\/2025\/01\/9i.jpg\" alt=\"\" class=\"wp-image-13432\" style=\"width:765px;height:auto\" srcset=\"https:\/\/entrenotasyacordes.com\/wp-content\/uploads\/2025\/01\/9i.jpg 1400w, https:\/\/entrenotasyacordes.com\/wp-content\/uploads\/2025\/01\/9i-300x300.jpg 300w, https:\/\/entrenotasyacordes.com\/wp-content\/uploads\/2025\/01\/9i-1024x1024.jpg 1024w, https:\/\/entrenotasyacordes.com\/wp-content\/uploads\/2025\/01\/9i-150x150.jpg 150w, https:\/\/entrenotasyacordes.com\/wp-content\/uploads\/2025\/01\/9i-768x768.jpg 768w, https:\/\/entrenotasyacordes.com\/wp-content\/uploads\/2025\/01\/9i-50x50.jpg 50w\" sizes=\"auto, (max-width: 1400px) 100vw, 1400px\" \/><\/figure>\n<\/div>\n\n\n<p><strong>FICHA TECNICA:<\/strong><\/p>\n\n\n\n<p>PRODUCTOR ARTISTICO: Daniel Marcelo Zoloa<\/p>\n\n\n\n<p>PRODUCTOR ARTISTICO Y TECNICO DE SONIDO: H\u00e9ctor Alberto Cama\u00f1o<\/p>\n\n\n\n<p>COROS: VICTORIA AZUL LIBERATTI<\/p>\n\n\n\n<p>PIANO: Jorge Andr\u00e9s COMPAGNUCCI<\/p>\n\n\n\n<figure class=\"wp-block-embed is-type-video is-provider-youtube wp-block-embed-youtube wp-embed-aspect-16-9 wp-has-aspect-ratio\"><div class=\"wp-block-embed__wrapper\">\n<div class=\"epyt-video-wrapper\"><iframe loading=\"lazy\"  id=\"_ytid_40728\"  width=\"640\" height=\"360\"  data-origwidth=\"640\" data-origheight=\"360\" src=\"https:\/\/www.youtube.com\/embed\/-rntOrjnjA0?enablejsapi=1&#038;autoplay=0&#038;cc_load_policy=0&#038;cc_lang_pref=&#038;iv_load_policy=1&#038;loop=0&#038;rel=1&#038;fs=1&#038;playsinline=0&#038;autohide=2&#038;theme=dark&#038;color=white&#038;controls=1&#038;\" class=\"__youtube_prefs__  epyt-is-override  no-lazyload\" data-vol=\"50\"  title=\"YouTube player\"  allow=\"fullscreen; accelerometer; autoplay; clipboard-write; encrypted-media; gyroscope; picture-in-picture; web-share\" referrerpolicy=\"strict-origin-when-cross-origin\" allowfullscreen data-no-lazy=\"1\" data-skipgform_ajax_framebjll=\"\"><\/iframe><\/div>\n<\/div><\/figure>\n\n\n<div class=\"wp-block-image\">\n<figure class=\"aligncenter size-full is-resized\"><img loading=\"lazy\" decoding=\"async\" width=\"768\" height=\"1024\" src=\"https:\/\/entrenotasyacordes.com\/wp-content\/uploads\/2025\/01\/9ii.jpg\" alt=\"\" class=\"wp-image-13433\" style=\"width:599px;height:auto\" srcset=\"https:\/\/entrenotasyacordes.com\/wp-content\/uploads\/2025\/01\/9ii.jpg 768w, https:\/\/entrenotasyacordes.com\/wp-content\/uploads\/2025\/01\/9ii-225x300.jpg 225w\" sizes=\"auto, (max-width: 768px) 100vw, 768px\" \/><\/figure>\n<\/div>","protected":false},"excerpt":{"rendered":"","protected":false},"author":5,"featured_media":13432,"comment_status":"open","ping_status":"open","sticky":false,"template":"","format":"standard","meta":{"om_disable_all_campaigns":false,"_uf_show_specific_survey":0,"_uf_disable_surveys":false,"footnotes":""},"categories":[4],"tags":[],"class_list":["post-13431","post","type-post","status-publish","format-standard","has-post-thumbnail","hentry","category-musica"],"_links":{"self":[{"href":"https:\/\/entrenotasyacordes.com\/index.php?rest_route=\/wp\/v2\/posts\/13431","targetHints":{"allow":["GET"]}}],"collection":[{"href":"https:\/\/entrenotasyacordes.com\/index.php?rest_route=\/wp\/v2\/posts"}],"about":[{"href":"https:\/\/entrenotasyacordes.com\/index.php?rest_route=\/wp\/v2\/types\/post"}],"author":[{"embeddable":true,"href":"https:\/\/entrenotasyacordes.com\/index.php?rest_route=\/wp\/v2\/users\/5"}],"replies":[{"embeddable":true,"href":"https:\/\/entrenotasyacordes.com\/index.php?rest_route=%2Fwp%2Fv2%2Fcomments&post=13431"}],"version-history":[{"count":1,"href":"https:\/\/entrenotasyacordes.com\/index.php?rest_route=\/wp\/v2\/posts\/13431\/revisions"}],"predecessor-version":[{"id":13434,"href":"https:\/\/entrenotasyacordes.com\/index.php?rest_route=\/wp\/v2\/posts\/13431\/revisions\/13434"}],"wp:featuredmedia":[{"embeddable":true,"href":"https:\/\/entrenotasyacordes.com\/index.php?rest_route=\/wp\/v2\/media\/13432"}],"wp:attachment":[{"href":"https:\/\/entrenotasyacordes.com\/index.php?rest_route=%2Fwp%2Fv2%2Fmedia&parent=13431"}],"wp:term":[{"taxonomy":"category","embeddable":true,"href":"https:\/\/entrenotasyacordes.com\/index.php?rest_route=%2Fwp%2Fv2%2Fcategories&post=13431"},{"taxonomy":"post_tag","embeddable":true,"href":"https:\/\/entrenotasyacordes.com\/index.php?rest_route=%2Fwp%2Fv2%2Ftags&post=13431"}],"curies":[{"name":"wp","href":"https:\/\/api.w.org\/{rel}","templated":true}]}}