{"id":13437,"date":"2025-01-15T21:41:50","date_gmt":"2025-01-15T21:41:50","guid":{"rendered":"https:\/\/entrenotasyacordes.com\/?p=13437"},"modified":"2025-01-15T21:41:51","modified_gmt":"2025-01-15T21:41:51","slug":"mr-don-x-derekvinci-volver-a-nacer","status":"publish","type":"post","link":"https:\/\/entrenotasyacordes.com\/?p=13437","title":{"rendered":"Mr. Don X DerekVinci \u00abVolver A Nacer\u00bb"},"content":{"rendered":"\n<!--more-->\n\n\n\n<p class=\"has-text-align-left\"><strong>EQS M\u00fasica presenta \u201cVolver a Nacer\u201d, un emocionante lanzamiento junto a Mr. Don y DerekVinci<\/strong><\/p>\n\n\n\n<p class=\"has-text-align-left\"><strong>EQS M\u00fasica<\/strong> se enorgullece de anunciar el lanzamiento de su m\u00e1s reciente canci\u00f3n titulada <strong>\u201cVolver a Nacer\u201d<\/strong>, una colaboraci\u00f3n especial con el talentoso artista <strong>Mr. Don<\/strong> y producida por <strong>DerekVinci. <\/strong>Este tema, cargado de un profundo mensaje de fe y esperanza, promete conectar con corazones alrededor del mundo.<\/p>\n\n\n<div class=\"wp-block-image\">\n<figure class=\"aligncenter size-full is-resized\"><img loading=\"lazy\" decoding=\"async\" width=\"1264\" height=\"1264\" src=\"https:\/\/entrenotasyacordes.com\/wp-content\/uploads\/2025\/01\/9j.jpg\" alt=\"\" class=\"wp-image-13438\" style=\"width:765px;height:auto\" srcset=\"https:\/\/entrenotasyacordes.com\/wp-content\/uploads\/2025\/01\/9j.jpg 1264w, https:\/\/entrenotasyacordes.com\/wp-content\/uploads\/2025\/01\/9j-300x300.jpg 300w, https:\/\/entrenotasyacordes.com\/wp-content\/uploads\/2025\/01\/9j-1024x1024.jpg 1024w, https:\/\/entrenotasyacordes.com\/wp-content\/uploads\/2025\/01\/9j-150x150.jpg 150w, https:\/\/entrenotasyacordes.com\/wp-content\/uploads\/2025\/01\/9j-768x768.jpg 768w, https:\/\/entrenotasyacordes.com\/wp-content\/uploads\/2025\/01\/9j-50x50.jpg 50w\" sizes=\"auto, (max-width: 1264px) 100vw, 1264px\" \/><\/figure>\n<\/div>\n\n\n<p>El primer sencillo de este 2025\u00a0 <strong>\u201cVolver a Nacer\u201d<\/strong> es m\u00e1s que una canci\u00f3n; es un viaje espiritual que invita a reflexionar sobre la presencia constante de Dios, incluso en los momentos m\u00e1s oscuros. A trav\u00e9s de una conmovedora letra y una melod\u00eda envolvente, la canci\u00f3n transmite el mensaje de que, aunque a veces nos sintamos solos, siempre hay una luz de esperanza que gu\u00eda nuestro camino.<\/p>\n\n\n\n<p><strong>EQS M\u00fasica<\/strong> y <strong>Mr. Don<\/strong> unen fuerzas para ofrecer un mensaje transformador que resuena con quienes buscan renovar su fe y recordar que nunca estamos verdaderamente solos. Este lanzamiento no solo celebra la m\u00fasica cristiana, sino tambi\u00e9n el poder de la espiritualidad para inspirar un renacer personal.<\/p>\n\n\n\n<p>Con una producci\u00f3n impecable y un mensaje atemporal, <strong>\u201cVolver a Nacer\u201d<\/strong> est\u00e1 destinada a convertirse en un himno para aquellos que anhelan una nueva oportunidad y buscan el consuelo de la fe.<\/p>\n","protected":false},"excerpt":{"rendered":"","protected":false},"author":5,"featured_media":13438,"comment_status":"open","ping_status":"open","sticky":false,"template":"","format":"standard","meta":{"om_disable_all_campaigns":false,"_uf_show_specific_survey":0,"_uf_disable_surveys":false,"footnotes":""},"categories":[4],"tags":[],"class_list":["post-13437","post","type-post","status-publish","format-standard","has-post-thumbnail","hentry","category-musica"],"_links":{"self":[{"href":"https:\/\/entrenotasyacordes.com\/index.php?rest_route=\/wp\/v2\/posts\/13437","targetHints":{"allow":["GET"]}}],"collection":[{"href":"https:\/\/entrenotasyacordes.com\/index.php?rest_route=\/wp\/v2\/posts"}],"about":[{"href":"https:\/\/entrenotasyacordes.com\/index.php?rest_route=\/wp\/v2\/types\/post"}],"author":[{"embeddable":true,"href":"https:\/\/entrenotasyacordes.com\/index.php?rest_route=\/wp\/v2\/users\/5"}],"replies":[{"embeddable":true,"href":"https:\/\/entrenotasyacordes.com\/index.php?rest_route=%2Fwp%2Fv2%2Fcomments&post=13437"}],"version-history":[{"count":1,"href":"https:\/\/entrenotasyacordes.com\/index.php?rest_route=\/wp\/v2\/posts\/13437\/revisions"}],"predecessor-version":[{"id":13439,"href":"https:\/\/entrenotasyacordes.com\/index.php?rest_route=\/wp\/v2\/posts\/13437\/revisions\/13439"}],"wp:featuredmedia":[{"embeddable":true,"href":"https:\/\/entrenotasyacordes.com\/index.php?rest_route=\/wp\/v2\/media\/13438"}],"wp:attachment":[{"href":"https:\/\/entrenotasyacordes.com\/index.php?rest_route=%2Fwp%2Fv2%2Fmedia&parent=13437"}],"wp:term":[{"taxonomy":"category","embeddable":true,"href":"https:\/\/entrenotasyacordes.com\/index.php?rest_route=%2Fwp%2Fv2%2Fcategories&post=13437"},{"taxonomy":"post_tag","embeddable":true,"href":"https:\/\/entrenotasyacordes.com\/index.php?rest_route=%2Fwp%2Fv2%2Ftags&post=13437"}],"curies":[{"name":"wp","href":"https:\/\/api.w.org\/{rel}","templated":true}]}}