{"id":13440,"date":"2025-01-15T21:47:17","date_gmt":"2025-01-15T21:47:17","guid":{"rendered":"https:\/\/entrenotasyacordes.com\/?p=13440"},"modified":"2025-01-15T21:47:19","modified_gmt":"2025-01-15T21:47:19","slug":"este-sabado-la-beriso-presenta-%c2%a8mienten%c2%a8-en-mar-del-plata","status":"publish","type":"post","link":"https:\/\/entrenotasyacordes.com\/?p=13440","title":{"rendered":"Este s\u00e1bado: La Beriso presenta \u00a8Mienten\u00a8 en Mar del Plata"},"content":{"rendered":"\n<!--more-->\n\n\n<div class=\"wp-block-image\">\n<figure class=\"aligncenter size-full is-resized\"><img loading=\"lazy\" decoding=\"async\" width=\"1920\" height=\"1920\" src=\"https:\/\/entrenotasyacordes.com\/wp-content\/uploads\/2025\/01\/9k.jpg\" alt=\"\" class=\"wp-image-13441\" style=\"width:599px;height:auto\" srcset=\"https:\/\/entrenotasyacordes.com\/wp-content\/uploads\/2025\/01\/9k.jpg 1920w, https:\/\/entrenotasyacordes.com\/wp-content\/uploads\/2025\/01\/9k-300x300.jpg 300w, https:\/\/entrenotasyacordes.com\/wp-content\/uploads\/2025\/01\/9k-1024x1024.jpg 1024w, https:\/\/entrenotasyacordes.com\/wp-content\/uploads\/2025\/01\/9k-150x150.jpg 150w, https:\/\/entrenotasyacordes.com\/wp-content\/uploads\/2025\/01\/9k-768x768.jpg 768w, https:\/\/entrenotasyacordes.com\/wp-content\/uploads\/2025\/01\/9k-1536x1536.jpg 1536w, https:\/\/entrenotasyacordes.com\/wp-content\/uploads\/2025\/01\/9k-50x50.jpg 50w\" sizes=\"auto, (max-width: 1920px) 100vw, 1920px\" \/><\/figure>\n<\/div>\n\n\n<p>El tour presentaci\u00f3n de \u00a8Mienten\u00a8, el\u00a0 \u00faltimo\u00a0 trabajo discogr\u00e1fico de\u00a0<strong>La Beriso,<\/strong>\u00a0ya los llev\u00f3 a recorrer Argentina, gran parte de Latinoam\u00e9rica y Europa, ahora regresan a la ciudad de Mar del Plata el\u00a0\u00a0<strong>s\u00e1bado 18 de enero<\/strong>\u00a0en\u00a0<strong>Gap<\/strong>\u00a0(Av. Constituci\u00f3n 5780).<\/p>\n\n\n\n<p><strong>Las entradas anticipadas ya se encuentran a la venta por sistema\u00a0<a href=\"https:\/\/articket.com.ar\/LA-BERISO\/?utm_source=perfit&amp;utm_medium=email\" target=\"_blank\" rel=\"noreferrer noopener\">Articket<\/a><\/strong><\/p>\n\n\n\n<p><strong>Y puntos de venta<\/strong><br><strong>La Casa de las Guitarras:<\/strong>\u00a0Belgrano 3420 &#8211;\u00a0<strong>Mar del Plata<\/strong><br><strong>CONEX:<\/strong>\u00a0San Mart\u00edn 3263 &#8211;\u00a0<strong>Mar del Plata<\/strong><br><strong>ADN Store:<\/strong>\u00a0Calle 61 N\u00b0 2813 &#8211;\u00a0<strong>Necochea<\/strong><\/p>\n\n\n<div class=\"wp-block-image\">\n<figure class=\"aligncenter size-full is-resized\"><img loading=\"lazy\" decoding=\"async\" width=\"2560\" height=\"1707\" src=\"https:\/\/entrenotasyacordes.com\/wp-content\/uploads\/2025\/01\/9kk-scaled.jpg\" alt=\"\" class=\"wp-image-13442\" style=\"width:763px;height:auto\" srcset=\"https:\/\/entrenotasyacordes.com\/wp-content\/uploads\/2025\/01\/9kk-scaled.jpg 2560w, https:\/\/entrenotasyacordes.com\/wp-content\/uploads\/2025\/01\/9kk-300x200.jpg 300w, https:\/\/entrenotasyacordes.com\/wp-content\/uploads\/2025\/01\/9kk-1024x683.jpg 1024w, https:\/\/entrenotasyacordes.com\/wp-content\/uploads\/2025\/01\/9kk-768x512.jpg 768w, https:\/\/entrenotasyacordes.com\/wp-content\/uploads\/2025\/01\/9kk-1536x1024.jpg 1536w, https:\/\/entrenotasyacordes.com\/wp-content\/uploads\/2025\/01\/9kk-2048x1365.jpg 2048w\" sizes=\"auto, (max-width: 2560px) 100vw, 2560px\" \/><\/figure>\n<\/div>\n\n\n<p><strong>ACERCA DE LA BERISO<\/strong><\/p>\n\n\n\n<p>La Beriso es una agrupaci\u00f3n argentina de rock surgida en 1998 en uno de los barrios m\u00e1s populares de la Provincia de Buenos Aires, que poco a poco, se posicion\u00f3 en el circuito alternativo local hasta convertirse en la banda argentina m\u00e1s convocante de los \u00faltimos tiempos.<\/p>\n\n\n\n<p>Est\u00e1 integrada por Rolando \u201cRolo\u201d Sartorio (voz\/guitarra), Emiliano Mansilla (guitarra\/coros), Ezequiel Bolli (bajo), Javier Pandolfi (bater\u00eda) y cuenta con los musicos invitados: Conde Kung (teclado), Yamil Lopez (guitarra\/coros), Pablo Puntoriero (saxof\u00f3n y Percusi\u00f3n), Natalia Lanza Castelli y Mariana Gonzalez en Coros.<\/p>\n\n\n\n<p>La Beriso fue invitada a los principales festivales de Argentina, y desde el 2013 cada show es Sold Out en todos los lugares que se presenta: Estadio Luna Park, Estadio \u00danico de la Plata (40,000 personas en 2015 y repitiendo sold out en Diciembre de 2017), Estadio de V\u00e9lez Sarsfield (40,000 personas en 2018), Estadio DirecTV Arena (15,000 personas) y dos funciones completamente sold out en el Estadio Ferrocarril Oeste (50,000 personas entre los dos shows), adem\u00e1s de ser los teloneros de los shows de The Rolling Stones y Guns N&#8217; Roses en Argentina.<\/p>\n\n\n\n<p>Su consagraci\u00f3n lleg\u00f3 de la mano de su nueva producci\u00f3n \u201cPecado Capital\u201d, con el que se presentaron el en Estadio River Plate ante m\u00e1s de 55,000 personas a fin del 2016, convirti\u00e9ndose as\u00ed en la octava banda local que logra presentarse en uno de los m\u00edticos estadios de Argentina y uno de los m\u00e1s reconocidos por Artistas internacionales en Latinoam\u00e9rica. Con nueve \u00e1lbumes de estudio y dos en vivo, encabezaron las listas de ventas y popularidad en su pa\u00eds natal.<\/p>\n\n\n\n<p>Tambi\u00e9n en su carrera han realizado colaboraciones y nuevas grandes versiones de canciones como \u201cCoraz\u00f3n Duro\u201d de la banda mexicana Bronco, \u201cEl Gigante de Am\u00e9rica\u201d, que los hizo escalar varios rankings en M\u00e9xico, USA, Colombia y Argentina. Y realizaron una versi\u00f3n de la canci\u00f3n \u201cCacho de Buenos Aires\u201d, un cl\u00e1sico de uno de los artistas m\u00e1s ic\u00f3nicos de Argentina, con el que nuevamente se ubicaron primero en rankings.<\/p>\n","protected":false},"excerpt":{"rendered":"","protected":false},"author":5,"featured_media":13441,"comment_status":"open","ping_status":"open","sticky":false,"template":"","format":"standard","meta":{"om_disable_all_campaigns":false,"_uf_show_specific_survey":0,"_uf_disable_surveys":false,"footnotes":""},"categories":[36],"tags":[],"class_list":["post-13440","post","type-post","status-publish","format-standard","has-post-thumbnail","hentry","category-conciertos"],"_links":{"self":[{"href":"https:\/\/entrenotasyacordes.com\/index.php?rest_route=\/wp\/v2\/posts\/13440","targetHints":{"allow":["GET"]}}],"collection":[{"href":"https:\/\/entrenotasyacordes.com\/index.php?rest_route=\/wp\/v2\/posts"}],"about":[{"href":"https:\/\/entrenotasyacordes.com\/index.php?rest_route=\/wp\/v2\/types\/post"}],"author":[{"embeddable":true,"href":"https:\/\/entrenotasyacordes.com\/index.php?rest_route=\/wp\/v2\/users\/5"}],"replies":[{"embeddable":true,"href":"https:\/\/entrenotasyacordes.com\/index.php?rest_route=%2Fwp%2Fv2%2Fcomments&post=13440"}],"version-history":[{"count":1,"href":"https:\/\/entrenotasyacordes.com\/index.php?rest_route=\/wp\/v2\/posts\/13440\/revisions"}],"predecessor-version":[{"id":13443,"href":"https:\/\/entrenotasyacordes.com\/index.php?rest_route=\/wp\/v2\/posts\/13440\/revisions\/13443"}],"wp:featuredmedia":[{"embeddable":true,"href":"https:\/\/entrenotasyacordes.com\/index.php?rest_route=\/wp\/v2\/media\/13441"}],"wp:attachment":[{"href":"https:\/\/entrenotasyacordes.com\/index.php?rest_route=%2Fwp%2Fv2%2Fmedia&parent=13440"}],"wp:term":[{"taxonomy":"category","embeddable":true,"href":"https:\/\/entrenotasyacordes.com\/index.php?rest_route=%2Fwp%2Fv2%2Fcategories&post=13440"},{"taxonomy":"post_tag","embeddable":true,"href":"https:\/\/entrenotasyacordes.com\/index.php?rest_route=%2Fwp%2Fv2%2Ftags&post=13440"}],"curies":[{"name":"wp","href":"https:\/\/api.w.org\/{rel}","templated":true}]}}