{"id":13444,"date":"2025-01-15T21:53:30","date_gmt":"2025-01-15T21:53:30","guid":{"rendered":"https:\/\/entrenotasyacordes.com\/?p=13444"},"modified":"2025-01-15T21:53:32","modified_gmt":"2025-01-15T21:53:32","slug":"ale-zeguer-por-primera-vez-en-argentina","status":"publish","type":"post","link":"https:\/\/entrenotasyacordes.com\/?p=13444","title":{"rendered":"ALE Z\u00c9GUER POR PRIMERA VEZ EN ARGENTINA"},"content":{"rendered":"\n<!--more-->\n\n\n\n<p class=\"has-text-align-center\"><em><strong>\u201cTOUR RELATOS\u201d<\/strong><\/em><br><strong>04 DE MAYO | LA TANGENTE<\/strong><\/p>\n\n\n<div class=\"wp-block-image\">\n<figure class=\"aligncenter size-full is-resized\"><img loading=\"lazy\" decoding=\"async\" width=\"600\" height=\"600\" src=\"https:\/\/entrenotasyacordes.com\/wp-content\/uploads\/2025\/01\/9l.jpeg\" alt=\"\" class=\"wp-image-13445\" style=\"width:599px;height:auto\" srcset=\"https:\/\/entrenotasyacordes.com\/wp-content\/uploads\/2025\/01\/9l.jpeg 600w, https:\/\/entrenotasyacordes.com\/wp-content\/uploads\/2025\/01\/9l-300x300.jpeg 300w, https:\/\/entrenotasyacordes.com\/wp-content\/uploads\/2025\/01\/9l-150x150.jpeg 150w, https:\/\/entrenotasyacordes.com\/wp-content\/uploads\/2025\/01\/9l-50x50.jpeg 50w\" sizes=\"auto, (max-width: 600px) 100vw, 600px\" \/><\/figure>\n<\/div>\n\n\n<p>En el marco de su gira 2025, la destacada cantautora mexicana llega a Buenos Aires para presentar su disco&nbsp;<strong>\u201cRelatos\u201d<\/strong>. La cita ser\u00e1 el&nbsp;<strong>4 de Mayo&nbsp;<\/strong>en&nbsp;<strong>La Tangente<\/strong>, y las entradas ya se encuentran a la venta a trav\u00e9s de<a href=\"https:\/\/aafop.r.sp1-brevo.net\/mk\/cl\/f\/sh\/6rqJfgq8dIR6TEPeFhTRTaFUNN7\/aZdqK7zRM3qI\" target=\"_blank\" rel=\"noreferrer noopener\">&nbsp;<u>tickets.latangente.com.ar<\/u><\/a><\/p>\n\n\n\n<p><strong>Ale Z\u00e9guer<\/strong>&nbsp;prepara su primera visita al pa\u00eds para compartir con el p\u00fablico sus canciones, sus sentimientos y formas de expresar el mundo a su manera, conquistando con la simple profundidad de sus letras.<\/p>\n\n\n\n<p>Su reciente disco&nbsp;<em><strong>\u201cRelatos\u201d&nbsp;<\/strong><\/em>lanzado en 2024 cautiv\u00f3 r\u00e1pidamente a su p\u00fablico, siendo su \u00e1lbum m\u00e1s \u00edntimo hasta el momento, y el cual la llevar\u00e1 a realizar una gira por varias ciudades de M\u00e9xico y Latinoam\u00e9rica.<\/p>\n\n\n\n<p>A lo largo de su carrera,&nbsp;<strong>Ale Z\u00e9guer<\/strong>&nbsp;ha tenido gran reconocimiento como compositora y ha tenido grandes temas interpretados por artistas como Carin Le\u00f3n, Yuridia, Ha*Ash, Jesse&amp;Joy, Lasso, Danna Paola, entre otros.<\/p>\n\n\n\n<p>Su \u00e1lbum debut&nbsp;<em>\u00abMis No Lugares\u201d<\/em>, lanzado en el 2021, fue excelentemente recibido por el p\u00fablico, destacando dos featurings en esta producci\u00f3n:&nbsp;<em>\u201cTodo el ruido del mundo\u201d&nbsp;<\/em>con&nbsp;<strong>Leonel Garc\u00eda&nbsp;<\/strong>y&nbsp;<em>\u201cJard\u00edn\u201d<\/em>&nbsp;con&nbsp;<strong>Pedro Cap\u00f3.<\/strong>&nbsp;Este \u00e1lbum tuvo una gira muy exitosa por 15 ciudades de la Rep\u00fablica Mexicana y coronando con dos sold outs en el Lunario del Auditorio Nacional.&nbsp;<\/p>\n\n\n\n<p>En 2023, con el lanzamiento de su primer disco en vivo,&nbsp;<em>\u201cDe rotos y descosidos\u201d<\/em>,&nbsp;<strong>Ale Z\u00e9guer&nbsp;<\/strong>present\u00f3 sus nuevas canciones en un formato de Live Session que destac\u00f3 su versatilidad vocal y matices.<\/p>\n\n\n\n<p>Este 2025 inicia con una gira latinoamericana en la que visitar\u00e1 m\u00e1s de 20 ciudades, incluyendo su primera y tan esperada visita a Buenos Aires.<\/p>\n\n\n<div class=\"wp-block-image\">\n<figure class=\"aligncenter size-full is-resized\"><img loading=\"lazy\" decoding=\"async\" width=\"600\" height=\"400\" src=\"https:\/\/entrenotasyacordes.com\/wp-content\/uploads\/2025\/01\/9ll.jpeg\" alt=\"\" class=\"wp-image-13446\" style=\"width:763px;height:auto\" srcset=\"https:\/\/entrenotasyacordes.com\/wp-content\/uploads\/2025\/01\/9ll.jpeg 600w, https:\/\/entrenotasyacordes.com\/wp-content\/uploads\/2025\/01\/9ll-300x200.jpeg 300w\" sizes=\"auto, (max-width: 600px) 100vw, 600px\" \/><\/figure>\n<\/div>","protected":false},"excerpt":{"rendered":"","protected":false},"author":5,"featured_media":13445,"comment_status":"open","ping_status":"open","sticky":false,"template":"","format":"standard","meta":{"om_disable_all_campaigns":false,"_uf_show_specific_survey":0,"_uf_disable_surveys":false,"footnotes":""},"categories":[36],"tags":[],"class_list":["post-13444","post","type-post","status-publish","format-standard","has-post-thumbnail","hentry","category-conciertos"],"_links":{"self":[{"href":"https:\/\/entrenotasyacordes.com\/index.php?rest_route=\/wp\/v2\/posts\/13444","targetHints":{"allow":["GET"]}}],"collection":[{"href":"https:\/\/entrenotasyacordes.com\/index.php?rest_route=\/wp\/v2\/posts"}],"about":[{"href":"https:\/\/entrenotasyacordes.com\/index.php?rest_route=\/wp\/v2\/types\/post"}],"author":[{"embeddable":true,"href":"https:\/\/entrenotasyacordes.com\/index.php?rest_route=\/wp\/v2\/users\/5"}],"replies":[{"embeddable":true,"href":"https:\/\/entrenotasyacordes.com\/index.php?rest_route=%2Fwp%2Fv2%2Fcomments&post=13444"}],"version-history":[{"count":1,"href":"https:\/\/entrenotasyacordes.com\/index.php?rest_route=\/wp\/v2\/posts\/13444\/revisions"}],"predecessor-version":[{"id":13447,"href":"https:\/\/entrenotasyacordes.com\/index.php?rest_route=\/wp\/v2\/posts\/13444\/revisions\/13447"}],"wp:featuredmedia":[{"embeddable":true,"href":"https:\/\/entrenotasyacordes.com\/index.php?rest_route=\/wp\/v2\/media\/13445"}],"wp:attachment":[{"href":"https:\/\/entrenotasyacordes.com\/index.php?rest_route=%2Fwp%2Fv2%2Fmedia&parent=13444"}],"wp:term":[{"taxonomy":"category","embeddable":true,"href":"https:\/\/entrenotasyacordes.com\/index.php?rest_route=%2Fwp%2Fv2%2Fcategories&post=13444"},{"taxonomy":"post_tag","embeddable":true,"href":"https:\/\/entrenotasyacordes.com\/index.php?rest_route=%2Fwp%2Fv2%2Ftags&post=13444"}],"curies":[{"name":"wp","href":"https:\/\/api.w.org\/{rel}","templated":true}]}}