{"id":13448,"date":"2025-01-15T21:58:42","date_gmt":"2025-01-15T21:58:42","guid":{"rendered":"https:\/\/entrenotasyacordes.com\/?p=13448"},"modified":"2025-01-15T21:58:44","modified_gmt":"2025-01-15T21:58:44","slug":"dios-salve-del-rey-a-la-reina-llega-el-domingo-19-de-enero-al-teatro-el-tinglado","status":"publish","type":"post","link":"https:\/\/entrenotasyacordes.com\/?p=13448","title":{"rendered":"\u00abDios salve del Rey a la Reina\u00bb llega el domingo 19 de enero al Teatro El Tinglado"},"content":{"rendered":"\n<!--more-->\n\n\n\n<p class=\"has-text-align-left\">CARLA LIS CONTI PROTAGONIZA UNA NUEVA TEMPORADA\u00a0 ACOMPA\u00d1ADA DE LEONARDO GAVRILOFF CON DIRECCI\u00d3N DE PATRICIA ROZENBERG<\/p>\n\n\n\n<h4 class=\"wp-block-heading has-text-align-center\">\u00a1GRAN ESTRENO!<br>DOMINGO 19 DE ENERO &#8211; 20:30 HORAS<\/h4>\n\n\n<div class=\"wp-block-image\">\n<figure class=\"aligncenter size-full\"><img loading=\"lazy\" decoding=\"async\" width=\"1330\" height=\"1600\" src=\"https:\/\/entrenotasyacordes.com\/wp-content\/uploads\/2025\/01\/9m.webp\" alt=\"\" class=\"wp-image-13449\" srcset=\"https:\/\/entrenotasyacordes.com\/wp-content\/uploads\/2025\/01\/9m.webp 1330w, https:\/\/entrenotasyacordes.com\/wp-content\/uploads\/2025\/01\/9m-249x300.webp 249w, https:\/\/entrenotasyacordes.com\/wp-content\/uploads\/2025\/01\/9m-851x1024.webp 851w, https:\/\/entrenotasyacordes.com\/wp-content\/uploads\/2025\/01\/9m-768x924.webp 768w, https:\/\/entrenotasyacordes.com\/wp-content\/uploads\/2025\/01\/9m-1277x1536.webp 1277w, https:\/\/entrenotasyacordes.com\/wp-content\/uploads\/2025\/01\/9m-1024x1232.webp 1024w\" sizes=\"auto, (max-width: 1330px) 100vw, 1330px\" \/><\/figure>\n<\/div>\n\n\n<p><strong>\u201cDios, salve del Rey a la Reina\u201d<\/strong>, escrita y protagonizada por&nbsp;<strong>Carla Lis<br>Conti<\/strong>, con la actuaci\u00f3n del actor&nbsp;<strong>Leonardo Gavriloff<\/strong>, llega al Teatro EL<br>TINGLADO (Mario Bravo 948, CABA), el domingo 19 de enero a las 20:30 horas. La direcci\u00f3n de actores es de&nbsp;<strong>Patricia&nbsp;Rozenberg<\/strong>&nbsp;y la puesta en escena es de Carla Lis Conti.&nbsp;<\/p>\n\n\n\n<p>Las entradas se pueden conseguir a trav\u00e9s de la plataforma Alternativa Teatral o en la boleteria del teatro.<\/p>\n\n\n\n<p><em><strong>SINOPSIS<\/strong><\/em><br>Dios, salve del Rey a la Reina, es el amor incondicional que sentimos\u00a0hacia el otro, sin medir las\u00a0consecuencias. Dejarse llevar\u00a0hasta quedar atrapados sin atinar salir. El deseo de ser\u00a0querido,\u00a0aunque nos mientan, y envolvernos en caricias de garras\u00a0filosas que lastiman sin piedad. El\u00a0amor lleva algo de locura, y\u00a0muchas veces puede llegar a ser peligroso si la esconde.<\/p>\n\n\n\n<p>Una obra intensa, llena de matices, dramatismo y pasi\u00f3n. La&nbsp;protagonista recorre un camino&nbsp;de sonrisas y espanto con su&nbsp;pareja, que en su recuerdo la atormenta constantemente, hasta&nbsp;que&nbsp;cae la m\u00e1scara y ya no puede salir de esa trampa.&nbsp;<\/p>\n\n\n\n<p>El otro al que se ama tambi\u00e9n sufre, siente y teme al igual que uno. Lo&nbsp;que diferencia al amor&nbsp;de la locura es el poseer un sentimiento&nbsp;puro. Tan solo se necesita saber amar.&nbsp;<\/p>\n\n\n\n<p><em><strong>FICHA T\u00c9CNICA<\/strong><\/em><\/p>\n\n\n\n<p><strong>Autora:\u00a0<\/strong>Carla Lis Conti<br><strong>Elenco:<\/strong>\u00a0Carla Lis Conti, Leonardo Gavriloff<br><strong>Puesta en escena:<\/strong>\u00a0Carla Lis Conti<br><strong>Asistente de direcci\u00f3n y sonido:\u00a0<\/strong>Walter Parisi<br><strong>Asistente de direcci\u00f3n de escena<\/strong><strong>:\u00a0<\/strong>Roberto Zuccon<br><strong>Escenografia y puesta de luces:<\/strong>\u00a0H\u00e9ctor Calmet<br><strong>Producci\u00f3n de fotos y dise\u00f1o gr\u00e1fico<\/strong>: Adriana Liebana<br><strong>Producci\u00f3n ejecutiva<\/strong>: Rozenberg \/ Conti<\/p>\n\n\n\n<p><strong><u>INFORMACI\u00d3N DEL EQUIPO T\u00c9CNICO<\/u><\/strong><\/p>\n\n\n\n<p><strong>Carla Lis Conti<\/strong>&nbsp;tiene decenas de premios aqu\u00ed y en Espa\u00f1a, actriz,&nbsp; dramaturga, formada en el ballet y la guitarra cl\u00e1sica, nos lleva a esta obra por medio de un laberinto de amor, locura y desencuentros de una pareja.&nbsp;<\/p>\n\n\n\n<p><strong>Leonardo Gavriloff<\/strong>, actor, director y docente teatral, Premios en distintos festivales del pa\u00eds, y tambi\u00e9n internaciones como director. Fue Becario del Fondo Nacional de Las Artes, entre otras actividades destacadas.&nbsp;<\/p>\n\n\n\n<p><strong>Patricia Rozenberg<\/strong>, quien dirige esta obra, est\u00e1 dedicada a la direcci\u00f3n teatral desde hace varios a\u00f1os, conductora y creadora de programas radiales y tambi\u00e9n dedicada al canto coral.&nbsp;<\/p>\n\n\n\n<p><strong>Walter Parisi<\/strong>&nbsp;quien lleva la asistencia de t\u00e9cnica de sonido y direcci\u00f3n, es m\u00fasico de Rock Nacional con trayectoria en distintas bandas a lo largo del pa\u00eds, integrando varios espect\u00e1culos.&nbsp;<\/p>\n\n\n\n<p><strong>Roberto Zuccon<\/strong>&nbsp;es el asistente de direcci\u00f3n de escena, quien tambi\u00e9n es actor y modelo publicitario con extensa trayectoria en teatro, cine y tv.&nbsp;<\/p>\n\n\n\n<p>La escenograf\u00eda y puesta lum\u00ednica esta realizada por&nbsp;<strong>H\u00e9ctor Calmet<\/strong>, profesor titular de escenograf\u00eda y puesta de luz en&nbsp;el Teatro Col\u00f3n, su carrera es extensa en el pa\u00eds, Europa y Estados Unidos.<\/p>\n","protected":false},"excerpt":{"rendered":"","protected":false},"author":5,"featured_media":13449,"comment_status":"open","ping_status":"open","sticky":false,"template":"","format":"standard","meta":{"om_disable_all_campaigns":false,"_uf_show_specific_survey":0,"_uf_disable_surveys":false,"footnotes":""},"categories":[9],"tags":[],"class_list":["post-13448","post","type-post","status-publish","format-standard","has-post-thumbnail","hentry","category-cine-y-teatro"],"_links":{"self":[{"href":"https:\/\/entrenotasyacordes.com\/index.php?rest_route=\/wp\/v2\/posts\/13448","targetHints":{"allow":["GET"]}}],"collection":[{"href":"https:\/\/entrenotasyacordes.com\/index.php?rest_route=\/wp\/v2\/posts"}],"about":[{"href":"https:\/\/entrenotasyacordes.com\/index.php?rest_route=\/wp\/v2\/types\/post"}],"author":[{"embeddable":true,"href":"https:\/\/entrenotasyacordes.com\/index.php?rest_route=\/wp\/v2\/users\/5"}],"replies":[{"embeddable":true,"href":"https:\/\/entrenotasyacordes.com\/index.php?rest_route=%2Fwp%2Fv2%2Fcomments&post=13448"}],"version-history":[{"count":1,"href":"https:\/\/entrenotasyacordes.com\/index.php?rest_route=\/wp\/v2\/posts\/13448\/revisions"}],"predecessor-version":[{"id":13450,"href":"https:\/\/entrenotasyacordes.com\/index.php?rest_route=\/wp\/v2\/posts\/13448\/revisions\/13450"}],"wp:featuredmedia":[{"embeddable":true,"href":"https:\/\/entrenotasyacordes.com\/index.php?rest_route=\/wp\/v2\/media\/13449"}],"wp:attachment":[{"href":"https:\/\/entrenotasyacordes.com\/index.php?rest_route=%2Fwp%2Fv2%2Fmedia&parent=13448"}],"wp:term":[{"taxonomy":"category","embeddable":true,"href":"https:\/\/entrenotasyacordes.com\/index.php?rest_route=%2Fwp%2Fv2%2Fcategories&post=13448"},{"taxonomy":"post_tag","embeddable":true,"href":"https:\/\/entrenotasyacordes.com\/index.php?rest_route=%2Fwp%2Fv2%2Ftags&post=13448"}],"curies":[{"name":"wp","href":"https:\/\/api.w.org\/{rel}","templated":true}]}}