{"id":13455,"date":"2025-01-15T22:07:20","date_gmt":"2025-01-15T22:07:20","guid":{"rendered":"https:\/\/entrenotasyacordes.com\/?p=13455"},"modified":"2025-01-15T22:07:21","modified_gmt":"2025-01-15T22:07:21","slug":"emilia-arranca-el-2025-con-una-nominacion-a-los-premios-tiktok-mexico-como-artista-del-ano","status":"publish","type":"post","link":"https:\/\/entrenotasyacordes.com\/?p=13455","title":{"rendered":"EMILIA ARRANCA EL 2025 CON UNA NOMINACI\u00d3N A LOS PREMIOS TIKTOK M\u00c9XICO COMO \u201cARTISTA DEL A\u00d1O\u201d"},"content":{"rendered":"\n<!--more-->\n\n\n\n<p>Consolidando a\u00fan m\u00e1s su posici\u00f3n como creadora de tendencias culturales, la sensaci\u00f3n del pop argentino Emilia inicia el 2025 con una nominaci\u00f3n a los TikTok Awards M\u00e9xico como \u201cArtista del a\u00f1o\u201d. A medida que contin\u00faa expandiendo su alcance internacional en la plataforma, recientemente clasificada como la Artista m\u00e1s vista de TikTok Argentina en 2024, la nominaci\u00f3n allana el camino para logros a\u00fan m\u00e1s innovadores y un a\u00f1o inolvidable por delante. Los TikTok Awards M\u00e9xico 2025 se llevar\u00e1n a cabo el jueves 30 de enero en la Ciudad de M\u00e9xico.<\/p>\n\n\n<div class=\"wp-block-image\">\n<figure class=\"aligncenter size-full\"><img loading=\"lazy\" decoding=\"async\" width=\"2560\" height=\"1707\" src=\"https:\/\/entrenotasyacordes.com\/wp-content\/uploads\/2025\/01\/9o-scaled.jpeg\" alt=\"\" class=\"wp-image-13457\" srcset=\"https:\/\/entrenotasyacordes.com\/wp-content\/uploads\/2025\/01\/9o-scaled.jpeg 2560w, https:\/\/entrenotasyacordes.com\/wp-content\/uploads\/2025\/01\/9o-300x200.jpeg 300w, https:\/\/entrenotasyacordes.com\/wp-content\/uploads\/2025\/01\/9o-1024x683.jpeg 1024w, https:\/\/entrenotasyacordes.com\/wp-content\/uploads\/2025\/01\/9o-768x512.jpeg 768w, https:\/\/entrenotasyacordes.com\/wp-content\/uploads\/2025\/01\/9o-1536x1024.jpeg 1536w, https:\/\/entrenotasyacordes.com\/wp-content\/uploads\/2025\/01\/9o-2048x1365.jpeg 2048w\" sizes=\"auto, (max-width: 2560px) 100vw, 2560px\" \/><figcaption class=\"wp-element-caption\">MIAMI, FLORIDA &#8211; NOVEMBER 14: Emilia (C) performs onstage during the 25th Latin GRAMMY Awards at Kaseya Center on November 14, 2024 in Miami, Florida. (Photo by Kevin Winter\/Getty Images for The Latin Recording Academy)<\/figcaption><\/figure>\n<\/div>\n\n\n<p>Con una presencia en r\u00e1pido crecimiento en el pa\u00eds, la fuerza pop femenina concluy\u00f3 su primera gira por M\u00e9xico en su gira .<em>MP3<\/em>\u00a0que bati\u00f3 r\u00e9cords el verano pasado, haciendo una presentaci\u00f3n \u00e9pica a sus fan\u00e1ticos mexicanos con todo su poder de estrella y la est\u00e9tica pop nost\u00e1lgica del Y2K. Con invitados especiales como\u00a0<a href=\"https:\/\/instagramc.tr.pemsv30.net\/c\/eyJhIjoiaW5zdGFncmFtYyIsIm0iOiJtYWlsX2NtNXlhYXF5ZGR6cWEwODYzZjA0djFtcDIiLCJsIjoibGlua181MWIwNzY5NDJhMWU1ZmU5ODUzZjJmZjFlNDA4MDFiZjI2ZmNlZDBiXzMyOWIyNiIsImkiOltdLCJ1IjoiaHR0cHM6Ly93d3cuaW5zdGFncmFtLmNvbS90aWFnb3B6ay8_dXRtX3NvdXJjZT1wZXJmaXQmdXRtX21lZGl1bT1lbWFpbCZ1dG1fY2FtcGFpZ249RU1JTElBJTIwJTdDJTIwTm9taW5hY2klQzMlQjNuJTIwYSUyMGxvcyUyMFByZW1pb3MlMjBUaWtUb2slMjBNJUMzJUE5eGljbyIsImMiOiIiLCJoIjoiNGY3NzQ3In0\" target=\"_blank\" rel=\"noreferrer noopener\">Tiago PZK<\/a>,\u00a0<strong>Emilia\u00a0<\/strong>brill\u00f3 con actuaciones inolvidables, recorriendo todo el pa\u00eds con siete espect\u00e1culos, incluidos dos conciertos consecutivos con entradas agotadas en el prestigioso Teatro Metrop\u00f3litan de la Ciudad de M\u00e9xico, Quer\u00e9taro, una presentaci\u00f3n con entradas agotadas en Guadalajara, Monterrey, M\u00e9rida y Le\u00f3n. \u00a0<\/p>\n\n\n\n<p>Adem\u00e1s,\u00a0<strong>Emilia\u00a0<\/strong>estren\u00f3 su primera colaboraci\u00f3n con el querido grupo mexicano\u00a0<a href=\"https:\/\/instagramc.tr.pemsv30.net\/c\/eyJhIjoiaW5zdGFncmFtYyIsIm0iOiJtYWlsX2NtNXlhYXF5ZGR6cWEwODYzZjA0djFtcDIiLCJsIjoibGlua184YmJiNjVjMTU2NWQwYzU4MGUzMjUwNjc4MjcxZmY2ZWNkNDUxNzZiXzU0MWMxYiIsImkiOltdLCJ1IjoiaHR0cHM6Ly93d3cuaW5zdGFncmFtLmNvbS9hbmdlbGVzYXp1bGVzbXgvP3V0bV9zb3VyY2U9cGVyZml0JnV0bV9tZWRpdW09ZW1haWwmdXRtX2NhbXBhaWduPUVNSUxJQSUyMCU3QyUyME5vbWluYWNpJUMzJUIzbiUyMGElMjBsb3MlMjBQcmVtaW9zJTIwVGlrVG9rJTIwTSVDMyVBOXhpY28iLCJjIjoiIiwiaCI6ImM0ODVjNyJ9\" target=\"_blank\" rel=\"noreferrer noopener\">Los \u00c1ngeles Azules<\/a>\u00a0<a href=\"https:\/\/instagramc.tr.pemsv30.net\/c\/eyJhIjoiaW5zdGFncmFtYyIsIm0iOiJtYWlsX2NtNXlhYXF5ZGR6cWEwODYzZjA0djFtcDIiLCJsIjoibGlua19iNTZhOWQzZTIwZGM3NGJjYjI3MDEzNWUwNjUyMWU0YWFjZDcxMDA2XzVjOTNiMiIsImkiOltdLCJ1IjoiaHR0cHM6Ly9vcGVuLnNwb3RpZnkuY29tL2ludGwtZXMvdHJhY2svNGRMTGRmaW5pQmhEUDlkbEpRSU9pND9zaT03YzEyZDJmMDdiNzA0OTYwJnV0bV9zb3VyY2U9cGVyZml0JnV0bV9tZWRpdW09ZW1haWwmdXRtX2NhbXBhaWduPUVNSUxJQSUyMCU3QyUyME5vbWluYWNpJUMzJUIzbiUyMGElMjBsb3MlMjBQcmVtaW9zJTIwVGlrVG9rJTIwTSVDMyVBOXhpY28iLCJjIjoiIiwiaCI6ImY1OTIwZCJ9\" target=\"_blank\" rel=\"noreferrer noopener\">\u201cPerdonarte \u00bfPara Qu\u00e9?\u201d<\/a>\u00a0en mayo pasado, que le vali\u00f3 a la entrerriana su primer puesto n\u00famero uno en dos listas de Billboard en Estados Unidos, Regional Mexican Airplay y Latin Airplay, la primera mujer argentina en llegar a la cima de esta lista desde 2022. La colaboraci\u00f3n no solo conquist\u00f3 las ondas de radio, sino que tambi\u00e9n impuls\u00f3 a la cantante nacida en Nogoy\u00e1 a su primera aparici\u00f3n en la lista Hot Latin Songs, debutando en el puesto n\u00famero 35.<\/p>\n\n\n<div class=\"wp-block-image\">\n<figure class=\"aligncenter size-full\"><img loading=\"lazy\" decoding=\"async\" width=\"2045\" height=\"1363\" src=\"https:\/\/entrenotasyacordes.com\/wp-content\/uploads\/2025\/01\/9oo.jpg\" alt=\"\" class=\"wp-image-13458\" srcset=\"https:\/\/entrenotasyacordes.com\/wp-content\/uploads\/2025\/01\/9oo.jpg 2045w, https:\/\/entrenotasyacordes.com\/wp-content\/uploads\/2025\/01\/9oo-300x200.jpg 300w, https:\/\/entrenotasyacordes.com\/wp-content\/uploads\/2025\/01\/9oo-1024x682.jpg 1024w, https:\/\/entrenotasyacordes.com\/wp-content\/uploads\/2025\/01\/9oo-768x512.jpg 768w, https:\/\/entrenotasyacordes.com\/wp-content\/uploads\/2025\/01\/9oo-1536x1024.jpg 1536w\" sizes=\"auto, (max-width: 2045px) 100vw, 2045px\" \/><\/figure>\n<\/div>\n\n\n<p>Con 2025 ya comenzando con fuerza, esta nominaci\u00f3n es un testimonio de la influencia global de\u00a0<strong>Emilia<\/strong>, su compromiso inquebrantable con su oficio y el profundo v\u00ednculo que ha cultivado con sus fans en todo el mundo. Al cerrar 2024 con m\u00e1s de medio mill\u00f3n de entradas vendidas este a\u00f1o, m\u00e1s de 1.800 millones de reproducciones globales y \u00e9xitos que lideran las listas, este reconocimiento prepara el escenario para logros a\u00fan m\u00e1s notables y un a\u00f1o inolvidable por venir.<\/p>\n","protected":false},"excerpt":{"rendered":"","protected":false},"author":5,"featured_media":13457,"comment_status":"open","ping_status":"open","sticky":false,"template":"","format":"standard","meta":{"om_disable_all_campaigns":false,"_uf_show_specific_survey":0,"_uf_disable_surveys":false,"footnotes":""},"categories":[34],"tags":[],"class_list":["post-13455","post","type-post","status-publish","format-standard","has-post-thumbnail","hentry","category-ultimas-noticias"],"_links":{"self":[{"href":"https:\/\/entrenotasyacordes.com\/index.php?rest_route=\/wp\/v2\/posts\/13455","targetHints":{"allow":["GET"]}}],"collection":[{"href":"https:\/\/entrenotasyacordes.com\/index.php?rest_route=\/wp\/v2\/posts"}],"about":[{"href":"https:\/\/entrenotasyacordes.com\/index.php?rest_route=\/wp\/v2\/types\/post"}],"author":[{"embeddable":true,"href":"https:\/\/entrenotasyacordes.com\/index.php?rest_route=\/wp\/v2\/users\/5"}],"replies":[{"embeddable":true,"href":"https:\/\/entrenotasyacordes.com\/index.php?rest_route=%2Fwp%2Fv2%2Fcomments&post=13455"}],"version-history":[{"count":1,"href":"https:\/\/entrenotasyacordes.com\/index.php?rest_route=\/wp\/v2\/posts\/13455\/revisions"}],"predecessor-version":[{"id":13459,"href":"https:\/\/entrenotasyacordes.com\/index.php?rest_route=\/wp\/v2\/posts\/13455\/revisions\/13459"}],"wp:featuredmedia":[{"embeddable":true,"href":"https:\/\/entrenotasyacordes.com\/index.php?rest_route=\/wp\/v2\/media\/13457"}],"wp:attachment":[{"href":"https:\/\/entrenotasyacordes.com\/index.php?rest_route=%2Fwp%2Fv2%2Fmedia&parent=13455"}],"wp:term":[{"taxonomy":"category","embeddable":true,"href":"https:\/\/entrenotasyacordes.com\/index.php?rest_route=%2Fwp%2Fv2%2Fcategories&post=13455"},{"taxonomy":"post_tag","embeddable":true,"href":"https:\/\/entrenotasyacordes.com\/index.php?rest_route=%2Fwp%2Fv2%2Ftags&post=13455"}],"curies":[{"name":"wp","href":"https:\/\/api.w.org\/{rel}","templated":true}]}}