{"id":13465,"date":"2025-01-15T22:23:52","date_gmt":"2025-01-15T22:23:52","guid":{"rendered":"https:\/\/entrenotasyacordes.com\/?p=13465"},"modified":"2025-01-15T22:23:53","modified_gmt":"2025-01-15T22:23:53","slug":"los-caligaris-anuncian-fechas-en-buenos-aires7-de-marzo-parador-konex-caba8-de-marzo-teatro-metro-la-plata","status":"publish","type":"post","link":"https:\/\/entrenotasyacordes.com\/?p=13465","title":{"rendered":"\u00a1LOS CALIGARIS ANUNCIAN FECHAS EN BUENOS AIRES!7 DE MARZO, PARADOR KONEX, CABA8 DE MARZO, TEATRO METRO, LA PLATA"},"content":{"rendered":"\n<!--more-->\n\n\n\n<p class=\"has-text-align-left\">En Marzo, Los Caligaris regresan a Buenos Aires con dos fechas imperdibles: 7\/3 en el cl\u00e1sico de verano en la Ciudad: El Parador del Konex; y el 8\/3 se presentar\u00e1n en el Teatro Metro de La Plata. En ambas fechas ofrecer\u00e1n su gran fiesta \u00fanica e irrepetible donde los fan\u00e1ticos podr\u00e1n disfrutar de una tarde\/noche de verano rodeados de buena m\u00fasica.<\/p>\n\n\n\n<div class=\"wp-block-columns is-layout-flex wp-container-core-columns-is-layout-28f84493 wp-block-columns-is-layout-flex\">\n<div class=\"wp-block-column is-layout-flow wp-block-column-is-layout-flow\">\n<figure class=\"wp-block-image size-large\"><img loading=\"lazy\" decoding=\"async\" width=\"1024\" height=\"1024\" src=\"https:\/\/entrenotasyacordes.com\/wp-content\/uploads\/2025\/01\/91-1024x1024.jpg\" alt=\"\" class=\"wp-image-13466\" srcset=\"https:\/\/entrenotasyacordes.com\/wp-content\/uploads\/2025\/01\/91-1024x1024.jpg 1024w, https:\/\/entrenotasyacordes.com\/wp-content\/uploads\/2025\/01\/91-300x300.jpg 300w, https:\/\/entrenotasyacordes.com\/wp-content\/uploads\/2025\/01\/91-150x150.jpg 150w, https:\/\/entrenotasyacordes.com\/wp-content\/uploads\/2025\/01\/91-768x768.jpg 768w, https:\/\/entrenotasyacordes.com\/wp-content\/uploads\/2025\/01\/91-1536x1536.jpg 1536w, https:\/\/entrenotasyacordes.com\/wp-content\/uploads\/2025\/01\/91-2048x2048.jpg 2048w, https:\/\/entrenotasyacordes.com\/wp-content\/uploads\/2025\/01\/91-50x50.jpg 50w\" sizes=\"auto, (max-width: 1024px) 100vw, 1024px\" \/><\/figure>\n<\/div>\n\n\n\n<div class=\"wp-block-column is-layout-flow wp-block-column-is-layout-flow\">\n<figure class=\"wp-block-image size-large\"><img loading=\"lazy\" decoding=\"async\" width=\"1024\" height=\"1024\" src=\"https:\/\/entrenotasyacordes.com\/wp-content\/uploads\/2025\/01\/9q-1024x1024.png\" alt=\"\" class=\"wp-image-13467\" srcset=\"https:\/\/entrenotasyacordes.com\/wp-content\/uploads\/2025\/01\/9q-1024x1024.png 1024w, https:\/\/entrenotasyacordes.com\/wp-content\/uploads\/2025\/01\/9q-300x300.png 300w, https:\/\/entrenotasyacordes.com\/wp-content\/uploads\/2025\/01\/9q-150x150.png 150w, https:\/\/entrenotasyacordes.com\/wp-content\/uploads\/2025\/01\/9q-768x768.png 768w, https:\/\/entrenotasyacordes.com\/wp-content\/uploads\/2025\/01\/9q-1536x1536.png 1536w, https:\/\/entrenotasyacordes.com\/wp-content\/uploads\/2025\/01\/9q-50x50.png 50w, https:\/\/entrenotasyacordes.com\/wp-content\/uploads\/2025\/01\/9q.png 2000w\" sizes=\"auto, (max-width: 1024px) 100vw, 1024px\" \/><\/figure>\n<\/div>\n<\/div>\n\n\n\n<p>La banda cordobesa es conocida por los divertidos shows que ofrecen combinando su m\u00fasica con elementos circenses y una producci\u00f3n visual\u00a0 que invita a sus fan\u00e1ticos a ser uno m\u00e1s de ellos. Estos shows no ser\u00e1n la excepci\u00f3n, como ya es costumbre, ser\u00e1n grandes celebraciones creando una atm\u00f3sfera \u00fanica en la que todos son parte.<\/p>\n\n\n\n<p>Vienen de un a\u00f1o triunfal repleto de consagraciones, shows y giras por Colombia, Chile, Argentina y M\u00e9xico con su nuevo espect\u00e1culo \u201cPremios Caligaris &#8211; El Barrio de Gala\u201d, con grandes hitos como haber llenado nuevamente un Estadio Luna Park en Buenos Aires, un Movistar Arena de Bogot\u00e1 Colombia sold out, batir el r\u00e9cord de 13 Auditorios Nacionales en M\u00e9xico y de cerrar el a\u00f1o en el Teatro Broadway.\u00a0<\/p>\n\n\n<div class=\"wp-block-image\">\n<figure class=\"aligncenter size-full is-resized\"><img loading=\"lazy\" decoding=\"async\" width=\"2560\" height=\"1707\" src=\"https:\/\/entrenotasyacordes.com\/wp-content\/uploads\/2025\/01\/9qq-scaled.jpg\" alt=\"\" class=\"wp-image-13468\" style=\"width:715px;height:auto\" srcset=\"https:\/\/entrenotasyacordes.com\/wp-content\/uploads\/2025\/01\/9qq-scaled.jpg 2560w, https:\/\/entrenotasyacordes.com\/wp-content\/uploads\/2025\/01\/9qq-300x200.jpg 300w, https:\/\/entrenotasyacordes.com\/wp-content\/uploads\/2025\/01\/9qq-1024x683.jpg 1024w, https:\/\/entrenotasyacordes.com\/wp-content\/uploads\/2025\/01\/9qq-768x512.jpg 768w, https:\/\/entrenotasyacordes.com\/wp-content\/uploads\/2025\/01\/9qq-1536x1024.jpg 1536w, https:\/\/entrenotasyacordes.com\/wp-content\/uploads\/2025\/01\/9qq-2048x1365.jpg 2048w\" sizes=\"auto, (max-width: 2560px) 100vw, 2560px\" \/><\/figure>\n<\/div>","protected":false},"excerpt":{"rendered":"","protected":false},"author":5,"featured_media":13468,"comment_status":"open","ping_status":"open","sticky":false,"template":"","format":"standard","meta":{"om_disable_all_campaigns":false,"_uf_show_specific_survey":0,"_uf_disable_surveys":false,"footnotes":""},"categories":[36],"tags":[],"class_list":["post-13465","post","type-post","status-publish","format-standard","has-post-thumbnail","hentry","category-conciertos"],"_links":{"self":[{"href":"https:\/\/entrenotasyacordes.com\/index.php?rest_route=\/wp\/v2\/posts\/13465","targetHints":{"allow":["GET"]}}],"collection":[{"href":"https:\/\/entrenotasyacordes.com\/index.php?rest_route=\/wp\/v2\/posts"}],"about":[{"href":"https:\/\/entrenotasyacordes.com\/index.php?rest_route=\/wp\/v2\/types\/post"}],"author":[{"embeddable":true,"href":"https:\/\/entrenotasyacordes.com\/index.php?rest_route=\/wp\/v2\/users\/5"}],"replies":[{"embeddable":true,"href":"https:\/\/entrenotasyacordes.com\/index.php?rest_route=%2Fwp%2Fv2%2Fcomments&post=13465"}],"version-history":[{"count":1,"href":"https:\/\/entrenotasyacordes.com\/index.php?rest_route=\/wp\/v2\/posts\/13465\/revisions"}],"predecessor-version":[{"id":13469,"href":"https:\/\/entrenotasyacordes.com\/index.php?rest_route=\/wp\/v2\/posts\/13465\/revisions\/13469"}],"wp:featuredmedia":[{"embeddable":true,"href":"https:\/\/entrenotasyacordes.com\/index.php?rest_route=\/wp\/v2\/media\/13468"}],"wp:attachment":[{"href":"https:\/\/entrenotasyacordes.com\/index.php?rest_route=%2Fwp%2Fv2%2Fmedia&parent=13465"}],"wp:term":[{"taxonomy":"category","embeddable":true,"href":"https:\/\/entrenotasyacordes.com\/index.php?rest_route=%2Fwp%2Fv2%2Fcategories&post=13465"},{"taxonomy":"post_tag","embeddable":true,"href":"https:\/\/entrenotasyacordes.com\/index.php?rest_route=%2Fwp%2Fv2%2Ftags&post=13465"}],"curies":[{"name":"wp","href":"https:\/\/api.w.org\/{rel}","templated":true}]}}