{"id":13508,"date":"2025-01-17T16:41:25","date_gmt":"2025-01-17T16:41:25","guid":{"rendered":"https:\/\/entrenotasyacordes.com\/?p=13508"},"modified":"2025-01-17T16:41:27","modified_gmt":"2025-01-17T16:41:27","slug":"cuenta-regresiva-para-el-show-de-ke-personajes-en-polideportivo-de-mar-del-plata","status":"publish","type":"post","link":"https:\/\/entrenotasyacordes.com\/?p=13508","title":{"rendered":"CUENTA REGRESIVA PARA EL SHOW DE KE PERSONAJES EN POLIDEPORTIVO DE MAR DEL PLATA"},"content":{"rendered":"\n<!--more-->\n\n\n\n<div class=\"wp-block-columns is-layout-flex wp-container-core-columns-is-layout-28f84493 wp-block-columns-is-layout-flex\">\n<div class=\"wp-block-column is-layout-flow wp-block-column-is-layout-flow\">\n<figure class=\"wp-block-image size-full\"><img loading=\"lazy\" decoding=\"async\" width=\"640\" height=\"640\" src=\"https:\/\/entrenotasyacordes.com\/wp-content\/uploads\/2025\/01\/10a.png\" alt=\"\" class=\"wp-image-13509\" srcset=\"https:\/\/entrenotasyacordes.com\/wp-content\/uploads\/2025\/01\/10a.png 640w, https:\/\/entrenotasyacordes.com\/wp-content\/uploads\/2025\/01\/10a-300x300.png 300w, https:\/\/entrenotasyacordes.com\/wp-content\/uploads\/2025\/01\/10a-150x150.png 150w, https:\/\/entrenotasyacordes.com\/wp-content\/uploads\/2025\/01\/10a-50x50.png 50w\" sizes=\"auto, (max-width: 640px) 100vw, 640px\" \/><\/figure>\n<\/div>\n\n\n\n<div class=\"wp-block-column is-layout-flow wp-block-column-is-layout-flow\">\n<p><strong>Ke Personajes es, sin dudas, una de las bandas m\u00e1s convocantes del pa\u00eds<\/strong>\u00a0y luego de realizar en el mes de junio 2 Polideportivos Islas Malvinas (Mar del Plata) el grupo anunci\u00f3 su regreso a la ciudad. La gran fiesta llegar\u00e1 a\u00a0<strong>Mar del Plata<\/strong>\u00a0para dar comienzo a otro a\u00f1o de locura musical, la cita ser\u00e1 el\u00a0<strong>viernes 24 de enero, 21hs\u00a0<\/strong>en el\u00a0<strong>Polideportivo Islas Malvinas.<\/strong><\/p>\n\n\n\n<p><strong>Entradas a la venta por sistema\u00a0<a href=\"https:\/\/www.edenentradas.ar\/event\/ke-personajes?utm_source=perfit&amp;utm_medium=email\" target=\"_blank\" rel=\"noreferrer noopener\">www.edenentradas.ar<\/a><\/strong><br><strong>Comprando con tarjetas Visa y MasterCard del Banco Provincia tenes 4 cuotas sin inter\u00e9s<\/strong><\/p>\n<\/div>\n<\/div>\n\n\n\n<p>Ke personajes no tiene techo y se encuentran en medio de una exitosa gira por Latinoam\u00e9rica, marcando un recorrido firme y exitoso en su carrera art\u00edstica.<\/p>\n\n\n\n<p>La banda oriunda de Concepci\u00f3n del Uruguay, Entre R\u00edos, estren\u00f3 recientemente el cover m\u00e1s importante de su carrera con \u201cMy Immortal\u201d, en homenaje a la banda estadounidense Evanescence, donde se muestran en una balada totalmente diferente a lo que nos tienen acostumbrados a escuchar..\u00a0<\/p>\n\n\n\n<figure class=\"wp-block-embed is-type-video is-provider-youtube wp-block-embed-youtube wp-embed-aspect-16-9 wp-has-aspect-ratio\"><div class=\"wp-block-embed__wrapper\">\n<div class=\"epyt-video-wrapper\"><iframe loading=\"lazy\"  id=\"_ytid_50457\"  width=\"640\" height=\"360\"  data-origwidth=\"640\" data-origheight=\"360\" src=\"https:\/\/www.youtube.com\/embed\/DFswyIQyrl8?enablejsapi=1&#038;autoplay=0&#038;cc_load_policy=0&#038;cc_lang_pref=&#038;iv_load_policy=1&#038;loop=0&#038;rel=1&#038;fs=1&#038;playsinline=0&#038;autohide=2&#038;theme=dark&#038;color=white&#038;controls=1&#038;\" class=\"__youtube_prefs__  epyt-is-override  no-lazyload\" data-vol=\"50\"  title=\"YouTube player\"  allow=\"fullscreen; accelerometer; autoplay; clipboard-write; encrypted-media; gyroscope; picture-in-picture; web-share\" referrerpolicy=\"strict-origin-when-cross-origin\" allowfullscreen data-no-lazy=\"1\" data-skipgform_ajax_framebjll=\"\"><\/iframe><\/div>\n<\/div><\/figure>\n\n\n\n<p>Actualmente, fueron convocados para ser parte del Festival m\u00e1s popular TECATE PAL\u2019 NORTE 2025 en M\u00e9xico, donde compartir\u00e1n escenario con Justin Timberlake, Green Day, Olivia Rodrigo, Kings of Leon, Garbage, Fall Out Boy, Caifanes, The Black Keys, Alex Lora y El Tri, entre muchos otros artistas de renombres que ser\u00e1n parte de la segunda fecha, el 5 de abril de 2025.<\/p>\n\n\n<div class=\"wp-block-image\">\n<figure class=\"aligncenter size-full is-resized\"><img loading=\"lazy\" decoding=\"async\" width=\"359\" height=\"531\" src=\"https:\/\/entrenotasyacordes.com\/wp-content\/uploads\/2025\/01\/10aa.png\" alt=\"\" class=\"wp-image-13510\" style=\"width:715px;height:auto\" srcset=\"https:\/\/entrenotasyacordes.com\/wp-content\/uploads\/2025\/01\/10aa.png 359w, https:\/\/entrenotasyacordes.com\/wp-content\/uploads\/2025\/01\/10aa-203x300.png 203w\" sizes=\"auto, (max-width: 359px) 100vw, 359px\" \/><\/figure>\n<\/div>\n\n\n<p>Ke personajes, la banda que supo iniciarse en la m\u00fasica tropical, para luego ir desbloqueando g\u00e9neros de los m\u00e1s diversos como la cumbia santafesina y latinoamericana, baladas, y distintos ritmos mel\u00f3dicos, logr\u00f3 conquistar a miles de fan\u00e1ticos con sus grandes hits y colaboraciones junto a reconocidos artistas. Hoy siguen sumando proyectos y nuevos escenarios en donde desplegar el carisma y ritmo arrollador que los caracteriza.<\/p>\n\n\n\n<p>Luego de saltar al \u00e9xito con sus canciones como \u201cAdi\u00f3s amor\u201d y \u201cYa no vuelvas\u201d, entre otras m\u00e1s, Ke personajes sum\u00f3 millones de seguidores a lo largo del continente que esperan ansiosos su visita. Luego de su inolvidable paso por Guatemala, visitar\u00e1n Brasil y Per\u00fa durante el mes de noviembre.<\/p>\n\n\n\n<p>La banda que est\u00e1 arrasando con cada tema que estrenan, se encuentra realizando su gira y agotando cada venue que visitan. Durante estos meses pasaron por M\u00e9xico, Chile, Paraguay, por diferentes lugares de nuestro pa\u00eds, donde se subieron al escenario del Estadio Uno de Estudiantes de La Plata haciendo vibrar a miles de personas y su visita m\u00e1s reciente por Guatemala.<\/p>\n\n\n\n<p>Ke personajes se convirtieron en una de las bandas m\u00e1s escuchadas de los \u00faltimos tiempos. Tal es as\u00ed que en Spotify cuentan con m\u00e1s de 12 millones de reproducciones y m\u00e1s de 300 millones de reproducciones en Youtube. Adem\u00e1s de seguir conquistando a una multitud en cada show que realizan.<\/p>\n","protected":false},"excerpt":{"rendered":"","protected":false},"author":5,"featured_media":13509,"comment_status":"open","ping_status":"open","sticky":false,"template":"","format":"standard","meta":{"om_disable_all_campaigns":false,"_uf_show_specific_survey":0,"_uf_disable_surveys":false,"footnotes":""},"categories":[36],"tags":[],"class_list":["post-13508","post","type-post","status-publish","format-standard","has-post-thumbnail","hentry","category-conciertos"],"_links":{"self":[{"href":"https:\/\/entrenotasyacordes.com\/index.php?rest_route=\/wp\/v2\/posts\/13508","targetHints":{"allow":["GET"]}}],"collection":[{"href":"https:\/\/entrenotasyacordes.com\/index.php?rest_route=\/wp\/v2\/posts"}],"about":[{"href":"https:\/\/entrenotasyacordes.com\/index.php?rest_route=\/wp\/v2\/types\/post"}],"author":[{"embeddable":true,"href":"https:\/\/entrenotasyacordes.com\/index.php?rest_route=\/wp\/v2\/users\/5"}],"replies":[{"embeddable":true,"href":"https:\/\/entrenotasyacordes.com\/index.php?rest_route=%2Fwp%2Fv2%2Fcomments&post=13508"}],"version-history":[{"count":1,"href":"https:\/\/entrenotasyacordes.com\/index.php?rest_route=\/wp\/v2\/posts\/13508\/revisions"}],"predecessor-version":[{"id":13511,"href":"https:\/\/entrenotasyacordes.com\/index.php?rest_route=\/wp\/v2\/posts\/13508\/revisions\/13511"}],"wp:featuredmedia":[{"embeddable":true,"href":"https:\/\/entrenotasyacordes.com\/index.php?rest_route=\/wp\/v2\/media\/13509"}],"wp:attachment":[{"href":"https:\/\/entrenotasyacordes.com\/index.php?rest_route=%2Fwp%2Fv2%2Fmedia&parent=13508"}],"wp:term":[{"taxonomy":"category","embeddable":true,"href":"https:\/\/entrenotasyacordes.com\/index.php?rest_route=%2Fwp%2Fv2%2Fcategories&post=13508"},{"taxonomy":"post_tag","embeddable":true,"href":"https:\/\/entrenotasyacordes.com\/index.php?rest_route=%2Fwp%2Fv2%2Ftags&post=13508"}],"curies":[{"name":"wp","href":"https:\/\/api.w.org\/{rel}","templated":true}]}}