{"id":13512,"date":"2025-01-17T16:47:04","date_gmt":"2025-01-17T16:47:04","guid":{"rendered":"https:\/\/entrenotasyacordes.com\/?p=13512"},"modified":"2025-01-17T16:47:06","modified_gmt":"2025-01-17T16:47:06","slug":"malon-se-presenta-en-groove-unico-show-en-buenos-aires","status":"publish","type":"post","link":"https:\/\/entrenotasyacordes.com\/?p=13512","title":{"rendered":"Mal\u00f3n se presenta en Groove. \u00danico show en Buenos Aires"},"content":{"rendered":"\n<!--more-->\n\n\n<div class=\"wp-block-image\">\n<figure class=\"aligncenter size-full is-resized\"><img loading=\"lazy\" decoding=\"async\" width=\"381\" height=\"392\" src=\"https:\/\/entrenotasyacordes.com\/wp-content\/uploads\/2025\/01\/10b.jpg\" alt=\"\" class=\"wp-image-13513\" style=\"width:599px;height:auto\" srcset=\"https:\/\/entrenotasyacordes.com\/wp-content\/uploads\/2025\/01\/10b.jpg 381w, https:\/\/entrenotasyacordes.com\/wp-content\/uploads\/2025\/01\/10b-292x300.jpg 292w, https:\/\/entrenotasyacordes.com\/wp-content\/uploads\/2025\/01\/10b-50x50.jpg 50w\" sizes=\"auto, (max-width: 381px) 100vw, 381px\" \/><\/figure>\n<\/div>\n\n\n<p class=\"has-text-align-left\">Luego de un a\u00f1o abocados a la celebraci\u00f3n de los 35 a\u00f1os de Herm\u00e9tica en su formato La H No Muri\u00f3,&nbsp;<strong>Mal\u00f3n<\/strong>, dio inicio a su nueva gira en el mes de diciembre teniendo como punta pie inicial sus shows junto a Iron Maiden. Un tour&nbsp; internacional que contin\u00faa con las presentaciones de&nbsp;&nbsp;\u00a8Oscuro Plan del Poder\u00a8 su \u00faltimo material discogr\u00e1fico y ya los llev\u00f3 a los escenarios de Ecuador, El Salvador, Honduras y Uruguay.&nbsp;<\/p>\n\n\n\n<p class=\"has-text-align-left\">Ahora la banda anuncia el \u00fanico show que brindar\u00e1n en la ciudad de Buenos Aires; el reencuentro con los maloneros ser\u00e1 el s\u00e1bado 22 de febrero, 19hs en Groove ( Av. Santa Fe&nbsp; 4389)<\/p>\n\n\n\n<p class=\"has-text-align-left\">Las entradas se encuentran a la venta por sistema\u00a0\u00a0<a href=\"https:\/\/www.tuentrada.com\/eventos\/detalle\/GROOVE\/327097808086?utm_source=perfit&amp;utm_medium=email\" target=\"_blank\" rel=\"noreferrer noopener\">TuEntrada<\/a><\/p>\n\n\n<div class=\"wp-block-image\">\n<figure class=\"aligncenter size-full is-resized\"><img loading=\"lazy\" decoding=\"async\" width=\"2560\" height=\"1872\" src=\"https:\/\/entrenotasyacordes.com\/wp-content\/uploads\/2025\/01\/10bb-scaled.jpg\" alt=\"\" class=\"wp-image-13514\" style=\"width:617px;height:auto\" srcset=\"https:\/\/entrenotasyacordes.com\/wp-content\/uploads\/2025\/01\/10bb-scaled.jpg 2560w, https:\/\/entrenotasyacordes.com\/wp-content\/uploads\/2025\/01\/10bb-300x219.jpg 300w, https:\/\/entrenotasyacordes.com\/wp-content\/uploads\/2025\/01\/10bb-1024x749.jpg 1024w, https:\/\/entrenotasyacordes.com\/wp-content\/uploads\/2025\/01\/10bb-768x562.jpg 768w, https:\/\/entrenotasyacordes.com\/wp-content\/uploads\/2025\/01\/10bb-1536x1123.jpg 1536w, https:\/\/entrenotasyacordes.com\/wp-content\/uploads\/2025\/01\/10bb-2048x1498.jpg 2048w\" sizes=\"auto, (max-width: 2560px) 100vw, 2560px\" \/><figcaption class=\"wp-element-caption\">PH @godymex<\/figcaption><\/figure>\n<\/div>\n\n\n<p class=\"has-text-align-left\">Recientemente presentaron&nbsp;&nbsp;<strong>\u00a8Para\u00edso de Cristal<\/strong>\u00a8 el&nbsp;<strong>nuevo video<\/strong>&nbsp;de Mal\u00f3n que fue dirigido por Penumbrart.<\/p>\n\n\n\n<p class=\"has-text-align-left\">Para\u00edso de Cristal se encuentra extra\u00eddo de su \u00faltimo trabajo discogr\u00e1fico titulado \u00a8Oscuro Plan del Poder\u00a8, el disco fue lanzado en formato f\u00edsico por Pinhead Records \u00a0y \u00a0digitalmente a trav\u00e9s de Gonna Go Records.<\/p>\n\n\n\n<figure class=\"wp-block-embed is-type-video is-provider-youtube wp-block-embed-youtube wp-embed-aspect-16-9 wp-has-aspect-ratio\"><div class=\"wp-block-embed__wrapper\">\n<div class=\"epyt-video-wrapper\"><iframe loading=\"lazy\"  id=\"_ytid_61052\"  width=\"640\" height=\"360\"  data-origwidth=\"640\" data-origheight=\"360\" src=\"https:\/\/www.youtube.com\/embed\/1Q4dYseodgk?enablejsapi=1&#038;autoplay=0&#038;cc_load_policy=0&#038;cc_lang_pref=&#038;iv_load_policy=1&#038;loop=0&#038;rel=1&#038;fs=1&#038;playsinline=0&#038;autohide=2&#038;theme=dark&#038;color=white&#038;controls=1&#038;\" class=\"__youtube_prefs__  epyt-is-override  no-lazyload\" data-vol=\"50\"  title=\"YouTube player\"  allow=\"fullscreen; accelerometer; autoplay; clipboard-write; encrypted-media; gyroscope; picture-in-picture; web-share\" referrerpolicy=\"strict-origin-when-cross-origin\" allowfullscreen data-no-lazy=\"1\" data-skipgform_ajax_framebjll=\"\"><\/iframe><\/div>\n<\/div><\/figure>\n\n\n\n<p><strong>Oscuro Plan del Poder<\/strong><br>\u00a8Oscuro Plan del Poder\u00a8 marc\u00f3 el regreso de la banda de rock pesado m\u00e1s importante de Argentina, 10 nuevas canciones son las que integran esta placa, de la cual se desprenden cuatro singles y videoclips \u00a0 \u201cUn cielo Rojo\u201d , \u201cImpulsando el encuentro\u201d. \u201cPacto Pesado\u201d y \u00a8Para\u00edso de Cristal\u00a8<\/p>\n\n\n\n<p><strong>Acerca de Mal\u00f3n<\/strong><br>Formados en 1995, post separaci\u00f3n de Herm\u00e9tica, la banda originalmente se encontraba integrada por \u00a0O&#8217;Connor y Tano Romano; se suman Carlos Kuadrado en bajo, y Pato Strunz en bater\u00eda.<br>El nombre surge naturalmente \u00a0por coincidencia entre ambos fundadores.<br>En su primera etapa la banda graba tres discos, comparte escenario con las principales bandas del g\u00e9nero y deciden separarse en 1998.<\/p>\n\n\n\n<p>Bajo la consigna &nbsp;\u0308El regreso m\u00e1s esperado \u0308 retoman sus actividades en 2011 haciendo giras por toda Latinoam\u00e9rica, tocando con grandes artistas internacionales y grabando un nuevo disco 2015.<\/p>\n\n\n\n<p>En el 2021 Javier Rubio ingresa en la bater\u00eda, dando su primer show en Mar del Plata.<\/p>\n\n\n\n<p>En el 2023 fue editado su tan esperado disco de estudio \u00a8Oscuro Plan del Poder\u00a8 que tuvo su presentaci\u00f3n oficial en vivo en el Teatro Flores en agosto de 2023 con entradas agotadas.<\/p>\n\n\n\n<p class=\"has-text-align-center\"><strong>Discograf\u00eda<\/strong><br>Esp\u00edritu Combativo (1995)<br>Justicia o Resistencia (1996)<br>Resistencia Viva (en vivo 1997)<br>Nuevo orden Mundial (2015)<br>Oscuro Plan del Poder (2023)<\/p>\n","protected":false},"excerpt":{"rendered":"","protected":false},"author":5,"featured_media":13513,"comment_status":"open","ping_status":"open","sticky":false,"template":"","format":"standard","meta":{"om_disable_all_campaigns":false,"_uf_show_specific_survey":0,"_uf_disable_surveys":false,"footnotes":""},"categories":[36],"tags":[],"class_list":["post-13512","post","type-post","status-publish","format-standard","has-post-thumbnail","hentry","category-conciertos"],"_links":{"self":[{"href":"https:\/\/entrenotasyacordes.com\/index.php?rest_route=\/wp\/v2\/posts\/13512","targetHints":{"allow":["GET"]}}],"collection":[{"href":"https:\/\/entrenotasyacordes.com\/index.php?rest_route=\/wp\/v2\/posts"}],"about":[{"href":"https:\/\/entrenotasyacordes.com\/index.php?rest_route=\/wp\/v2\/types\/post"}],"author":[{"embeddable":true,"href":"https:\/\/entrenotasyacordes.com\/index.php?rest_route=\/wp\/v2\/users\/5"}],"replies":[{"embeddable":true,"href":"https:\/\/entrenotasyacordes.com\/index.php?rest_route=%2Fwp%2Fv2%2Fcomments&post=13512"}],"version-history":[{"count":1,"href":"https:\/\/entrenotasyacordes.com\/index.php?rest_route=\/wp\/v2\/posts\/13512\/revisions"}],"predecessor-version":[{"id":13515,"href":"https:\/\/entrenotasyacordes.com\/index.php?rest_route=\/wp\/v2\/posts\/13512\/revisions\/13515"}],"wp:featuredmedia":[{"embeddable":true,"href":"https:\/\/entrenotasyacordes.com\/index.php?rest_route=\/wp\/v2\/media\/13513"}],"wp:attachment":[{"href":"https:\/\/entrenotasyacordes.com\/index.php?rest_route=%2Fwp%2Fv2%2Fmedia&parent=13512"}],"wp:term":[{"taxonomy":"category","embeddable":true,"href":"https:\/\/entrenotasyacordes.com\/index.php?rest_route=%2Fwp%2Fv2%2Fcategories&post=13512"},{"taxonomy":"post_tag","embeddable":true,"href":"https:\/\/entrenotasyacordes.com\/index.php?rest_route=%2Fwp%2Fv2%2Ftags&post=13512"}],"curies":[{"name":"wp","href":"https:\/\/api.w.org\/{rel}","templated":true}]}}