{"id":13516,"date":"2025-01-17T16:51:56","date_gmt":"2025-01-17T16:51:56","guid":{"rendered":"https:\/\/entrenotasyacordes.com\/?p=13516"},"modified":"2025-01-17T16:51:56","modified_gmt":"2025-01-17T16:51:56","slug":"wayra-iglesias-arranca-el-ano-en-mendoza-30-y-31-enero","status":"publish","type":"post","link":"https:\/\/entrenotasyacordes.com\/?p=13516","title":{"rendered":"WAYRA IGLESIAS arranca el a\u00f1o en MENDOZA &#8211; 30 y 31 enero"},"content":{"rendered":"\n<!--more-->\n\n\n\n<p class=\"has-text-align-left\">Tras despedir el 2024 en The Roxy Bar &amp; Grill, la joven cantante y compositora arranca el a\u00f1o en una nueva sede: Mendoza. Actualmente Wayra Iglesias sigue presentando \u201cLA SUERTE DE ENCOTRARME\u201d mientras graba nuevas canciones.<\/p>\n\n\n\n<div class=\"wp-block-columns is-layout-flex wp-container-core-columns-is-layout-28f84493 wp-block-columns-is-layout-flex\">\n<div class=\"wp-block-column is-layout-flow wp-block-column-is-layout-flow\">\n<figure class=\"wp-block-image size-large\"><img loading=\"lazy\" decoding=\"async\" width=\"1024\" height=\"1024\" src=\"https:\/\/entrenotasyacordes.com\/wp-content\/uploads\/2025\/01\/10c-1024x1024.jpeg\" alt=\"\" class=\"wp-image-13517\" srcset=\"https:\/\/entrenotasyacordes.com\/wp-content\/uploads\/2025\/01\/10c-1024x1025.jpeg 1024w, https:\/\/entrenotasyacordes.com\/wp-content\/uploads\/2025\/01\/10c-300x300.jpeg 300w, https:\/\/entrenotasyacordes.com\/wp-content\/uploads\/2025\/01\/10c-150x150.jpeg 150w, https:\/\/entrenotasyacordes.com\/wp-content\/uploads\/2025\/01\/10c-768x768.jpeg 768w, https:\/\/entrenotasyacordes.com\/wp-content\/uploads\/2025\/01\/10c-1536x1536.jpeg 1536w, https:\/\/entrenotasyacordes.com\/wp-content\/uploads\/2025\/01\/10c-50x50.jpeg 50w, https:\/\/entrenotasyacordes.com\/wp-content\/uploads\/2025\/01\/10c.jpeg 1599w\" sizes=\"auto, (max-width: 1024px) 100vw, 1024px\" \/><\/figure>\n<\/div>\n\n\n\n<div class=\"wp-block-column is-layout-flow wp-block-column-is-layout-flow\">\n<figure class=\"wp-block-image size-large\"><img loading=\"lazy\" decoding=\"async\" width=\"1024\" height=\"1024\" src=\"https:\/\/entrenotasyacordes.com\/wp-content\/uploads\/2025\/01\/10cc-1024x1024.jpeg\" alt=\"\" class=\"wp-image-13518\" srcset=\"https:\/\/entrenotasyacordes.com\/wp-content\/uploads\/2025\/01\/10cc-1024x1025.jpeg 1024w, https:\/\/entrenotasyacordes.com\/wp-content\/uploads\/2025\/01\/10cc-300x300.jpeg 300w, https:\/\/entrenotasyacordes.com\/wp-content\/uploads\/2025\/01\/10cc-150x150.jpeg 150w, https:\/\/entrenotasyacordes.com\/wp-content\/uploads\/2025\/01\/10cc-768x768.jpeg 768w, https:\/\/entrenotasyacordes.com\/wp-content\/uploads\/2025\/01\/10cc-1536x1536.jpeg 1536w, https:\/\/entrenotasyacordes.com\/wp-content\/uploads\/2025\/01\/10cc-50x50.jpeg 50w, https:\/\/entrenotasyacordes.com\/wp-content\/uploads\/2025\/01\/10cc.jpeg 1599w\" sizes=\"auto, (max-width: 1024px) 100vw, 1024px\" \/><\/figure>\n<\/div>\n<\/div>\n\n\n\n<p>30 DE ENERO &#8211; WILLYS BAR. Lujan de Cuyo, Mza. &#8211; <a href=\"https:\/\/rebelpass.com.ar\/\" target=\"_blank\" rel=\"noreferrer noopener\">ENTRADAS A LA VENTA<\/a><\/p>\n\n\n\n<p>31 DE ENERO &#8211; MULTIESPACIO EXCELSIOR. San Rafael, Mza. &#8211; <a href=\"https:\/\/www.entradaweb.com.ar\/evento\/0e6ac26e\/step\/1\" target=\"_blank\" rel=\"noreferrer noopener\">ENTRADAS A LA VENTA<\/a><\/p>\n\n\n\n<p>Luego de lanzar su primer \u00e1lbum de estudio, de debutar \u00a0con un SOLD OUT en La Trastienda, llevar su potente voz al ritmo del blues, rock y soul,\u00a0 a diferentes lugares de Argentina e interior de Buenos Aires, se\u00a0prepara para EL 2025 QUE LA ESPERA CON LA PARTICIPACION EN LOS FESTIVALES M\u00c1S IMPORTANTES DE NUESTRO PA\u00cdS: EN FEBRERO, COSQUIN ROCK, C\u00d3RDOBA Y EN ABRIL EL QUILMES ROCK, BUENOS AIRES.\u00a0<\/p>\n\n\n<div class=\"wp-block-image\">\n<figure class=\"aligncenter size-full is-resized\"><img loading=\"lazy\" decoding=\"async\" width=\"2048\" height=\"1365\" src=\"https:\/\/entrenotasyacordes.com\/wp-content\/uploads\/2025\/01\/10ccc.png\" alt=\"\" class=\"wp-image-13519\" style=\"width:715px;height:auto\" srcset=\"https:\/\/entrenotasyacordes.com\/wp-content\/uploads\/2025\/01\/10ccc.png 2048w, https:\/\/entrenotasyacordes.com\/wp-content\/uploads\/2025\/01\/10ccc-300x200.png 300w, https:\/\/entrenotasyacordes.com\/wp-content\/uploads\/2025\/01\/10ccc-1024x683.png 1024w, https:\/\/entrenotasyacordes.com\/wp-content\/uploads\/2025\/01\/10ccc-768x512.png 768w, https:\/\/entrenotasyacordes.com\/wp-content\/uploads\/2025\/01\/10ccc-1536x1024.png 1536w\" sizes=\"auto, (max-width: 2048px) 100vw, 2048px\" \/><\/figure>\n<\/div>","protected":false},"excerpt":{"rendered":"","protected":false},"author":5,"featured_media":13519,"comment_status":"open","ping_status":"open","sticky":false,"template":"","format":"standard","meta":{"om_disable_all_campaigns":false,"_uf_show_specific_survey":0,"_uf_disable_surveys":false,"footnotes":""},"categories":[36],"tags":[],"class_list":["post-13516","post","type-post","status-publish","format-standard","has-post-thumbnail","hentry","category-conciertos"],"_links":{"self":[{"href":"https:\/\/entrenotasyacordes.com\/index.php?rest_route=\/wp\/v2\/posts\/13516","targetHints":{"allow":["GET"]}}],"collection":[{"href":"https:\/\/entrenotasyacordes.com\/index.php?rest_route=\/wp\/v2\/posts"}],"about":[{"href":"https:\/\/entrenotasyacordes.com\/index.php?rest_route=\/wp\/v2\/types\/post"}],"author":[{"embeddable":true,"href":"https:\/\/entrenotasyacordes.com\/index.php?rest_route=\/wp\/v2\/users\/5"}],"replies":[{"embeddable":true,"href":"https:\/\/entrenotasyacordes.com\/index.php?rest_route=%2Fwp%2Fv2%2Fcomments&post=13516"}],"version-history":[{"count":1,"href":"https:\/\/entrenotasyacordes.com\/index.php?rest_route=\/wp\/v2\/posts\/13516\/revisions"}],"predecessor-version":[{"id":13520,"href":"https:\/\/entrenotasyacordes.com\/index.php?rest_route=\/wp\/v2\/posts\/13516\/revisions\/13520"}],"wp:featuredmedia":[{"embeddable":true,"href":"https:\/\/entrenotasyacordes.com\/index.php?rest_route=\/wp\/v2\/media\/13519"}],"wp:attachment":[{"href":"https:\/\/entrenotasyacordes.com\/index.php?rest_route=%2Fwp%2Fv2%2Fmedia&parent=13516"}],"wp:term":[{"taxonomy":"category","embeddable":true,"href":"https:\/\/entrenotasyacordes.com\/index.php?rest_route=%2Fwp%2Fv2%2Fcategories&post=13516"},{"taxonomy":"post_tag","embeddable":true,"href":"https:\/\/entrenotasyacordes.com\/index.php?rest_route=%2Fwp%2Fv2%2Ftags&post=13516"}],"curies":[{"name":"wp","href":"https:\/\/api.w.org\/{rel}","templated":true}]}}