{"id":13525,"date":"2025-01-18T02:21:37","date_gmt":"2025-01-18T02:21:37","guid":{"rendered":"https:\/\/entrenotasyacordes.com\/?p=13525"},"modified":"2025-01-18T02:21:38","modified_gmt":"2025-01-18T02:21:38","slug":"soen-regresa-a-la-argentina-en-el-marco-de-su-gira-memorial-tour-2025","status":"publish","type":"post","link":"https:\/\/entrenotasyacordes.com\/?p=13525","title":{"rendered":"\u00a1SOEN REGRESA A LA ARGENTINA EN EL MARCO DE SU GIRA &#8216;MEMORIAL TOUR 2025&#8217;!"},"content":{"rendered":"\n<!--more-->\n\n\n\n<p class=\"has-text-align-center\"><em>La banda de metal sueca se presentar\u00e1 en el Arena Sur para ofrecer un show inolvidable<\/em><\/p>\n\n\n\n<p class=\"has-text-align-center\"><strong>MI\u00c9RCOLES 26 DE FEBRERO &#8211;\u00a018:30 hs<br>Arena Sur Centro Cultural\u00a0\u2013\u00a0Av. S\u00e1enz 459, C.A.B.A.<\/strong><\/p>\n\n\n\n<p class=\"has-text-align-center\"><a href=\"https:\/\/delivery.hipermailer.com.ar\/do\/trkln.php?index=1024083402AZD&amp;id=wotuseqoosepuyqsree&amp;url=aHR0cHM6Ly93d3cucGFzc2xpbmUuY29tL2V2ZW50b3Mvc29lbi1lbi1idWVub3MtYWlyZXM%2Fc3JzbHRpZD1BZm1CT29yeWtrS2dmdGZLcTZJanlkOFdsbXJjdUZrdnNVYXgxVU8xaGR6eHVEQWFHQXludTFGTQ%3D%3D\">Entradas a la venta a trav\u00e9s de Passline<\/a><\/p>\n\n\n<div class=\"wp-block-image\">\n<figure class=\"aligncenter size-full is-resized\"><img loading=\"lazy\" decoding=\"async\" width=\"1080\" height=\"1080\" src=\"https:\/\/entrenotasyacordes.com\/wp-content\/uploads\/2025\/01\/10e.jpg\" alt=\"\" class=\"wp-image-13526\" style=\"width:599px;height:auto\" srcset=\"https:\/\/entrenotasyacordes.com\/wp-content\/uploads\/2025\/01\/10e.jpg 1080w, https:\/\/entrenotasyacordes.com\/wp-content\/uploads\/2025\/01\/10e-300x300.jpg 300w, https:\/\/entrenotasyacordes.com\/wp-content\/uploads\/2025\/01\/10e-1024x1024.jpg 1024w, https:\/\/entrenotasyacordes.com\/wp-content\/uploads\/2025\/01\/10e-150x150.jpg 150w, https:\/\/entrenotasyacordes.com\/wp-content\/uploads\/2025\/01\/10e-768x768.jpg 768w, https:\/\/entrenotasyacordes.com\/wp-content\/uploads\/2025\/01\/10e-50x50.jpg 50w\" sizes=\"auto, (max-width: 1080px) 100vw, 1080px\" \/><\/figure>\n<\/div>\n\n\n<p class=\"has-text-align-left\"><strong>SOEN<\/strong>, la ic\u00f3nica banda de metal progresivo regresa a la Argentina en el marco de su gira&nbsp;<strong><em>&#8216;Memorial Tour 2025&#8217;<\/em>.<\/strong>&nbsp;El esperado regreso de los suecos incluir\u00e1 presentaciones en C\u00f3rdoba y en la capital del pa\u00eds, donde los fan\u00e1ticos podr\u00e1n disfrutar en vivo de su potente propuesta musical.<\/p>\n\n\n\n<p class=\"has-text-align-left\">En su aclamado\u00a0<em>&#8216;Memorial Tour 2025&#8217;<\/em>,\u00a0<strong>SOEN\u00a0<\/strong>interpretar\u00e1 temas de su m\u00e1s reciente \u00e1lbum\u00a0<em>\u00abMemorial\u00bb<\/em>, lanzado en 2023, junto con algunos de sus cl\u00e1sicos m\u00e1s queridos por los fans. Con una propuesta que fusiona el metal progresivo, el hard rock y la melancol\u00eda, la banda ha logrado captar la atenci\u00f3n tanto de cr\u00edticos como de seguidores alrededor del mundo.<\/p>\n\n\n\n<p class=\"has-text-align-center\"><strong>ACERCA DE SOEN<\/strong><\/p>\n\n\n\n<p class=\"has-text-align-left\">Formada en 2004,&nbsp;<strong>SOEN&nbsp;<\/strong>se consolid\u00f3 oficialmente en mayo de 2010, bajo la visi\u00f3n del baterista y miembro fundador<strong>&nbsp;Mart\u00edn L\u00f3pez<\/strong>. Con una propuesta musical descrita por L\u00f3pez como \u00abmel\u00f3dica, pesada e intrincada\u00bb, la banda ha logrado forjar un sonido \u00fanico que fusiona el metal progresivo con elementos de rock y metal m\u00e1s pesado.<\/p>\n\n\n\n<p class=\"has-text-align-left\">El viaje de\u00a0<strong>SOEN\u00a0<\/strong>comenz\u00f3 con el lanzamiento de su primer sencillo,\u00a0<strong>\u00abFraccions\u00bb,<\/strong>\u00a0en octubre de 2010, y continu\u00f3 con su \u00e1lbum debut\u00a0<em>Cognitive<\/em>\u00a0(2012), que recibi\u00f3 elogios por su complejidad y profundidad. Desde sus inicios,\u00a0<strong>SOEN\u00a0<\/strong>ha explorado temas profundos relacionados con el autoconocimiento y la reflexi\u00f3n social, tanto a nivel personal como colectivo. Su segundo \u00e1lbum\u00a0<strong><em>Tellurian<\/em>\u00a0<\/strong>(2014) marc\u00f3 un avance hacia una mayor madurez musical, mientras que\u00a0<strong><em>Lykaia<\/em>\u00a0<\/strong>(2017) llev\u00f3 a la banda en un viaje conceptual que explor\u00f3 dimensiones m\u00e1s introspectivas.<\/p>\n\n\n\n<p class=\"has-text-align-left\">El cuarto \u00e1lbum de la banda,&nbsp;<strong><em>Lotus<\/em>&nbsp;<\/strong>(2019), es una obra cargada de cr\u00edtica social y una exploraci\u00f3n de la confusi\u00f3n y el caos de la sociedad moderna. Con canciones como \u00abRival\u00bb, \u00abCovenant\u00bb y \u00abMartyrs\u00bb, el \u00e1lbum se distingue por su complejidad l\u00edrica y musical, combinando poes\u00eda y una visi\u00f3n cr\u00edtica del mundo actual.<\/p>\n\n\n\n<p>Actualmente, la banda est\u00e1 trabajando en su nuevo material y contin\u00faa consolid\u00e1ndose como uno de los exponentes m\u00e1s relevantes del metal progresivo moderno.<\/p>\n\n\n\n<p class=\"has-text-align-left\"><strong>Formaci\u00f3n actual:<\/strong><strong>&nbsp;<\/strong>Joel Ekel\u00f6f (Voz), &nbsp;Martin Lopez (Bater\u00eda), &nbsp;Lars Enok \u00c5hlund (Teclados y Guitarra),&nbsp;Cody Lee Ford (Guitarra), &nbsp;Oleksii \u00abZlatoyar\u00bb Kobel (Bajo).<\/p>\n\n\n<div class=\"wp-block-image\">\n<figure class=\"aligncenter size-full is-resized\"><img loading=\"lazy\" decoding=\"async\" width=\"1021\" height=\"576\" src=\"https:\/\/entrenotasyacordes.com\/wp-content\/uploads\/2025\/01\/10ee.jpg\" alt=\"\" class=\"wp-image-13527\" style=\"width:617px;height:auto\" srcset=\"https:\/\/entrenotasyacordes.com\/wp-content\/uploads\/2025\/01\/10ee.jpg 1021w, https:\/\/entrenotasyacordes.com\/wp-content\/uploads\/2025\/01\/10ee-300x169.jpg 300w, https:\/\/entrenotasyacordes.com\/wp-content\/uploads\/2025\/01\/10ee-768x433.jpg 768w\" sizes=\"auto, (max-width: 1021px) 100vw, 1021px\" \/><\/figure>\n<\/div>\n\n\n<p class=\"has-text-align-left\"><\/p>\n","protected":false},"excerpt":{"rendered":"","protected":false},"author":5,"featured_media":13526,"comment_status":"open","ping_status":"open","sticky":false,"template":"","format":"standard","meta":{"om_disable_all_campaigns":false,"_uf_show_specific_survey":0,"_uf_disable_surveys":false,"footnotes":""},"categories":[36],"tags":[],"class_list":["post-13525","post","type-post","status-publish","format-standard","has-post-thumbnail","hentry","category-conciertos"],"_links":{"self":[{"href":"https:\/\/entrenotasyacordes.com\/index.php?rest_route=\/wp\/v2\/posts\/13525","targetHints":{"allow":["GET"]}}],"collection":[{"href":"https:\/\/entrenotasyacordes.com\/index.php?rest_route=\/wp\/v2\/posts"}],"about":[{"href":"https:\/\/entrenotasyacordes.com\/index.php?rest_route=\/wp\/v2\/types\/post"}],"author":[{"embeddable":true,"href":"https:\/\/entrenotasyacordes.com\/index.php?rest_route=\/wp\/v2\/users\/5"}],"replies":[{"embeddable":true,"href":"https:\/\/entrenotasyacordes.com\/index.php?rest_route=%2Fwp%2Fv2%2Fcomments&post=13525"}],"version-history":[{"count":1,"href":"https:\/\/entrenotasyacordes.com\/index.php?rest_route=\/wp\/v2\/posts\/13525\/revisions"}],"predecessor-version":[{"id":13528,"href":"https:\/\/entrenotasyacordes.com\/index.php?rest_route=\/wp\/v2\/posts\/13525\/revisions\/13528"}],"wp:featuredmedia":[{"embeddable":true,"href":"https:\/\/entrenotasyacordes.com\/index.php?rest_route=\/wp\/v2\/media\/13526"}],"wp:attachment":[{"href":"https:\/\/entrenotasyacordes.com\/index.php?rest_route=%2Fwp%2Fv2%2Fmedia&parent=13525"}],"wp:term":[{"taxonomy":"category","embeddable":true,"href":"https:\/\/entrenotasyacordes.com\/index.php?rest_route=%2Fwp%2Fv2%2Fcategories&post=13525"},{"taxonomy":"post_tag","embeddable":true,"href":"https:\/\/entrenotasyacordes.com\/index.php?rest_route=%2Fwp%2Fv2%2Ftags&post=13525"}],"curies":[{"name":"wp","href":"https:\/\/api.w.org\/{rel}","templated":true}]}}