{"id":13533,"date":"2025-01-18T02:42:21","date_gmt":"2025-01-18T02:42:21","guid":{"rendered":"https:\/\/entrenotasyacordes.com\/?p=13533"},"modified":"2025-01-18T02:42:21","modified_gmt":"2025-01-18T02:42:21","slug":"yami-safdie-y-camilo-presentan-su-nuevo-sencillo-querida-yo","status":"publish","type":"post","link":"https:\/\/entrenotasyacordes.com\/?p=13533","title":{"rendered":"YAMI SAFDIE Y CAMILO PRESENTAN SU NUEVO SENCILLO \u201cQUERIDA YO\u201d"},"content":{"rendered":"\n<!--more-->\n\n\n<div class=\"wp-block-image\">\n<figure class=\"aligncenter size-full is-resized\"><img loading=\"lazy\" decoding=\"async\" width=\"2048\" height=\"2048\" src=\"https:\/\/entrenotasyacordes.com\/wp-content\/uploads\/2025\/01\/10g.jpg\" alt=\"\" class=\"wp-image-13534\" style=\"width:765px;height:auto\" srcset=\"https:\/\/entrenotasyacordes.com\/wp-content\/uploads\/2025\/01\/10g.jpg 2048w, https:\/\/entrenotasyacordes.com\/wp-content\/uploads\/2025\/01\/10g-300x300.jpg 300w, https:\/\/entrenotasyacordes.com\/wp-content\/uploads\/2025\/01\/10g-1024x1024.jpg 1024w, https:\/\/entrenotasyacordes.com\/wp-content\/uploads\/2025\/01\/10g-150x150.jpg 150w, https:\/\/entrenotasyacordes.com\/wp-content\/uploads\/2025\/01\/10g-768x768.jpg 768w, https:\/\/entrenotasyacordes.com\/wp-content\/uploads\/2025\/01\/10g-1536x1536.jpg 1536w, https:\/\/entrenotasyacordes.com\/wp-content\/uploads\/2025\/01\/10g-50x50.jpg 50w\" sizes=\"auto, (max-width: 2048px) 100vw, 2048px\" \/><\/figure>\n<\/div>\n\n\n<p class=\"has-text-align-left\">La cantautora argentina <strong>Yami Safdie <\/strong>une fuerzas con el multipremiado artista colombiano <strong>Camilo <\/strong>para lanzar \u201c<strong>Querida Yo<\/strong>\u201d, un tema \u00edntimo y conmovedor que invita a la reflexi\u00f3n, el empoderamiento personal y la esperanza. Disponible a partir de hoy en todas las plataformas digitales, la canci\u00f3n es un homenaje a los momentos de vulnerabilidad que enfrentamos mientras elegimos convertirnos en nuestra mayor fuente de fortaleza.<\/p>\n\n\n\n<p>Con un enfoque minimalista que resalta la belleza de sus voces acompa\u00f1adas \u00fanicamente por guitarras, \u201c<strong>Querida Yo<\/strong>\u201d es una conversaci\u00f3n sincera con uno mismo. A trav\u00e9s de su letra introspectiva, <strong>Yami <\/strong>y <strong>Camilo <\/strong>narran una carta a sus \u201cyo\u201d del pasado, reconociendo las luchas, celebrando los logros y recordando que appl final todo mejora.<\/p>\n\n\n\n<p>\u201c<em>La canci\u00f3n es un recordatorio lleno de gratitud para esos momentos dif\u00edciles donde necesitamos creer en nosotros mismos. Camilo y yo quer\u00edamos crear algo que conectara de manera \u00edntima con quien lo escuche y que sirviera como un rayo de optimismo en los d\u00edas oscuros<\/em>\u201d, expres\u00f3 <strong>Yami Safdie <\/strong>sobre esta colaboraci\u00f3n especial.<\/p>\n\n\n\n<p>El lanzamiento de \u201c<strong>Querida Yo<\/strong>\u201d marca un nuevo hito en la carrera de <strong>Yami Safdie<\/strong>, quien sigue consolid\u00e1ndose como una de las voces m\u00e1s relevantes de la m\u00fasica latina actual. Con <strong>10.8 millones de oyentes mensuales en Spotify, 5.6 millones de seguidores en TikTok y 1.5 millones en Instagram<\/strong>, Yami conecta con una audiencia global a trav\u00e9s de su autenticidad y profundidad art\u00edstica.<\/p>\n\n\n\n<p>En el 2024, <strong>Yami <\/strong>present\u00f3 una versi\u00f3n reimaginada de su \u00e9xito \u201c<strong>En Otra Vida<\/strong>\u201d junto a <strong>Carin Le\u00f3n <\/strong>y <strong>Lasso<\/strong>, y el a\u00f1o previo present\u00f3 \u201c<strong>Verg\u00fcenza<\/strong>\u201d con <strong>Alex Ponce<\/strong>. Adem\u00e1s, fue reconocida en eventos de alto perfil como el festival Primavera Sound y el campamento de composici\u00f3n She Sounds en Madrid, compartiendo escenario con figuras como Elena Rose y Mar\u00eda Becerra.<\/p>\n\n\n\n<p>Por su parte, <strong>Camilo <\/strong>aporta su distintivo estilo y sensibilidad art\u00edstica a esta colaboraci\u00f3n. Con m\u00faltiples \u00e9xitos globales, el ganador del Latin GRAMMY es conocido por su habilidad para crear canciones que tocan el alma, haciendo de esta uni\u00f3n con <strong>Yami <\/strong>un evento musical imperdible.<\/p>\n","protected":false},"excerpt":{"rendered":"","protected":false},"author":5,"featured_media":13534,"comment_status":"open","ping_status":"open","sticky":false,"template":"","format":"standard","meta":{"om_disable_all_campaigns":false,"_uf_show_specific_survey":0,"_uf_disable_surveys":false,"footnotes":""},"categories":[4],"tags":[],"class_list":["post-13533","post","type-post","status-publish","format-standard","has-post-thumbnail","hentry","category-musica"],"_links":{"self":[{"href":"https:\/\/entrenotasyacordes.com\/index.php?rest_route=\/wp\/v2\/posts\/13533","targetHints":{"allow":["GET"]}}],"collection":[{"href":"https:\/\/entrenotasyacordes.com\/index.php?rest_route=\/wp\/v2\/posts"}],"about":[{"href":"https:\/\/entrenotasyacordes.com\/index.php?rest_route=\/wp\/v2\/types\/post"}],"author":[{"embeddable":true,"href":"https:\/\/entrenotasyacordes.com\/index.php?rest_route=\/wp\/v2\/users\/5"}],"replies":[{"embeddable":true,"href":"https:\/\/entrenotasyacordes.com\/index.php?rest_route=%2Fwp%2Fv2%2Fcomments&post=13533"}],"version-history":[{"count":1,"href":"https:\/\/entrenotasyacordes.com\/index.php?rest_route=\/wp\/v2\/posts\/13533\/revisions"}],"predecessor-version":[{"id":13535,"href":"https:\/\/entrenotasyacordes.com\/index.php?rest_route=\/wp\/v2\/posts\/13533\/revisions\/13535"}],"wp:featuredmedia":[{"embeddable":true,"href":"https:\/\/entrenotasyacordes.com\/index.php?rest_route=\/wp\/v2\/media\/13534"}],"wp:attachment":[{"href":"https:\/\/entrenotasyacordes.com\/index.php?rest_route=%2Fwp%2Fv2%2Fmedia&parent=13533"}],"wp:term":[{"taxonomy":"category","embeddable":true,"href":"https:\/\/entrenotasyacordes.com\/index.php?rest_route=%2Fwp%2Fv2%2Fcategories&post=13533"},{"taxonomy":"post_tag","embeddable":true,"href":"https:\/\/entrenotasyacordes.com\/index.php?rest_route=%2Fwp%2Fv2%2Ftags&post=13533"}],"curies":[{"name":"wp","href":"https:\/\/api.w.org\/{rel}","templated":true}]}}