{"id":13536,"date":"2025-01-18T02:47:15","date_gmt":"2025-01-18T02:47:15","guid":{"rendered":"https:\/\/entrenotasyacordes.com\/?p=13536"},"modified":"2025-01-18T02:47:16","modified_gmt":"2025-01-18T02:47:16","slug":"tiago-pzk-presenta-senorita-un-pop-sombrio-y-elegante-con-un-estilo-unico-que-marca-una-nueva-era-de-gotti","status":"publish","type":"post","link":"https:\/\/entrenotasyacordes.com\/?p=13536","title":{"rendered":"TIAGO PZK PRESENTA \u00abSE\u00d1ORITA\u00bb UN POP SOMBR\u00cdO Y ELEGANTE, CON UN ESTILO \u00daNICO QUE MARCA UNA NUEVA ERA DE GOTTI"},"content":{"rendered":"\n<!--more-->\n\n\n<div class=\"wp-block-image\">\n<figure class=\"aligncenter size-full is-resized\"><img loading=\"lazy\" decoding=\"async\" width=\"2048\" height=\"2048\" src=\"https:\/\/entrenotasyacordes.com\/wp-content\/uploads\/2025\/01\/10gg.jpg\" alt=\"\" class=\"wp-image-13537\" style=\"width:765px;height:auto\" srcset=\"https:\/\/entrenotasyacordes.com\/wp-content\/uploads\/2025\/01\/10gg.jpg 2048w, https:\/\/entrenotasyacordes.com\/wp-content\/uploads\/2025\/01\/10gg-300x300.jpg 300w, https:\/\/entrenotasyacordes.com\/wp-content\/uploads\/2025\/01\/10gg-1024x1024.jpg 1024w, https:\/\/entrenotasyacordes.com\/wp-content\/uploads\/2025\/01\/10gg-150x150.jpg 150w, https:\/\/entrenotasyacordes.com\/wp-content\/uploads\/2025\/01\/10gg-768x768.jpg 768w, https:\/\/entrenotasyacordes.com\/wp-content\/uploads\/2025\/01\/10gg-1536x1536.jpg 1536w, https:\/\/entrenotasyacordes.com\/wp-content\/uploads\/2025\/01\/10gg-50x50.jpg 50w\" sizes=\"auto, (max-width: 2048px) 100vw, 2048px\" \/><\/figure>\n<\/div>\n\n\n<p class=\"has-text-align-left\">En plena faceta <strong>\u201cGOTTI\u201d<\/strong>, Tiago PZK pose\u00eddo por su alter ego, comienza el a\u00f1o con fuerza presentando un adelanto de su nuevo EP.<\/p>\n\n\n\n<p>\u201cSe\u00f1orita es un antes y un despu\u00e9s en mi carrera. Yo como el artista, el autor de la canci\u00f3n y de este proyecto, creo que ahora va a comenzar una guerra entre Tiago y Gotti por ver qui\u00e9n se queda con ese puesto del personaje art\u00edstico\u201d cuenta Tiago PZK.<\/p>\n\n\n\n<p>En <strong>\u201cSe\u00f1orita\u201d <\/strong>GOTTI finalmente se apodera por completo de Tiago, este single promete convertirse en un hito dentro de su carrera, mostrando en su alter ego una faceta renovada, intr\u00e9pido, en la que explora un pop oscuro, elegante y delicado, pero al mismo tiempo profundamente bailable.<\/p>\n\n\n\n<p>Este sencillo marca un nuevo cap\u00edtulo en su constante evoluci\u00f3n art\u00edstica, consolidando su capacidad para reinventarse y sorprender a sus fans.<\/p>\n\n\n\n<p class=\"has-text-align-left\">El videoclip, dirigido por <strong>Martin Seipel<\/strong>, fue grabado en Miami en un majestuoso Chateau, que refleja una atm\u00f3sfera misteriosa y sofisticada del tema. La producci\u00f3n musical que se llevo adelante en Estocolmo, estuvo a cargo de los suecos <strong>Pontus Persson <\/strong>y <strong>John Alexis<\/strong>, junto a <strong>Tatool<\/strong>, colaborador clave en la creaci\u00f3n del \u00e1lbum \u201cGOTTI A\u201d. Con este equipo de talla internacional, Tiago demuestra una vez m\u00e1s su ambici\u00f3n por llevar su propuesta a niveles completamente nuevos.<\/p>\n\n\n\n<p class=\"has-text-align-left\">Las visuales del video destacan por su estilo e identidad de esta nueva era donde Gotti toma el<\/p>\n\n\n\n<p>control. Sin dejar de lado el gen Tiago, un artista multifac\u00e9tico, que deja ver su gran versatilidad no solo en el canto, sino tambi\u00e9n en la actuaci\u00f3n y el baile. En \u00ab<strong>Se\u00f1orita<\/strong>\u00bb por primera vez, vemos a Gotti desplegar una performance coreogr\u00e1fica junto a su equipo de dancers, sumando una nueva propuesta a su obra art\u00edstica.<\/p>\n\n\n\n<p class=\"has-text-align-left\">\u201cSe\u00f1orita\u201d no solo es un adelanto de lo que promete este nuevo EP, sino tambi\u00e9n una declaraci\u00f3n audaz de c\u00f3mo Gotti sigue explorando nuevos terrenos, reafirmando su posici\u00f3n como una de las figuras m\u00e1s innovadoras y relevantes de los \u00faltimos a\u00f1os.<\/p>\n\n\n<div class=\"wp-block-image\">\n<figure class=\"aligncenter size-full is-resized\"><img loading=\"lazy\" decoding=\"async\" width=\"1638\" height=\"2048\" src=\"https:\/\/entrenotasyacordes.com\/wp-content\/uploads\/2025\/01\/10ggg.jpg\" alt=\"\" class=\"wp-image-13538\" style=\"width:765px;height:auto\" srcset=\"https:\/\/entrenotasyacordes.com\/wp-content\/uploads\/2025\/01\/10ggg.jpg 1638w, https:\/\/entrenotasyacordes.com\/wp-content\/uploads\/2025\/01\/10ggg-240x300.jpg 240w, https:\/\/entrenotasyacordes.com\/wp-content\/uploads\/2025\/01\/10ggg-819x1024.jpg 819w, https:\/\/entrenotasyacordes.com\/wp-content\/uploads\/2025\/01\/10ggg-768x960.jpg 768w, https:\/\/entrenotasyacordes.com\/wp-content\/uploads\/2025\/01\/10ggg-1229x1536.jpg 1229w, https:\/\/entrenotasyacordes.com\/wp-content\/uploads\/2025\/01\/10ggg-1024x1280.jpg 1024w\" sizes=\"auto, (max-width: 1638px) 100vw, 1638px\" \/><\/figure>\n<\/div>\n\n\n<p>A pocas semanas de comenzar su gira mundial \u00abGOTTI A TOUR\u00bb en CDMX, Tiago continuar\u00e1 en dos de los estadios m\u00e1s importantes y emblem\u00e1ticos de Espa\u00f1a: <strong>14 de febrero <\/strong>en <strong>Wizink Center<\/strong>, Madrid y el <strong>16 de febrero <\/strong>en <strong>Sant Jordi Club<\/strong>, Barcelona.<\/p>\n\n\n\n<p><strong>Con casi 40 shows por delante, Tiago PZK recorrer\u00e1 13 pa\u00edses <\/strong>y ciudades a lo largo del mundo como <strong>Londres<\/strong>, <strong>Lisboa<\/strong>, <strong>Guatemala<\/strong>, <strong>El Salvador<\/strong>, <strong>Madrid<\/strong>, <strong>Par\u00eds<\/strong>, <strong>Los \u00c1ngeles<\/strong>, <strong>Washington <\/strong>y por supuesto, su tan esperada vuelta en Buenos Aires, que ya cuenta con un <strong><u>Movistar Arena sold out 10\/05 <\/u><\/strong>y una segunda fecha 9\/05, con las \u00faltimas entradas a la venta. Muy pronto se anunciar\u00e1n 4 pa\u00edses m\u00e1s que formar\u00e1n parte de esta gran gira.<\/p>\n\n\n<div class=\"wp-block-image\">\n<figure class=\"aligncenter size-full is-resized\"><img loading=\"lazy\" decoding=\"async\" width=\"1280\" height=\"1600\" src=\"https:\/\/entrenotasyacordes.com\/wp-content\/uploads\/2025\/01\/10gggg.jpg\" alt=\"\" class=\"wp-image-13539\" style=\"width:765px;height:auto\" srcset=\"https:\/\/entrenotasyacordes.com\/wp-content\/uploads\/2025\/01\/10gggg.jpg 1280w, https:\/\/entrenotasyacordes.com\/wp-content\/uploads\/2025\/01\/10gggg-240x300.jpg 240w, https:\/\/entrenotasyacordes.com\/wp-content\/uploads\/2025\/01\/10gggg-819x1024.jpg 819w, https:\/\/entrenotasyacordes.com\/wp-content\/uploads\/2025\/01\/10gggg-768x960.jpg 768w, https:\/\/entrenotasyacordes.com\/wp-content\/uploads\/2025\/01\/10gggg-1229x1536.jpg 1229w, https:\/\/entrenotasyacordes.com\/wp-content\/uploads\/2025\/01\/10gggg-1024x1280.jpg 1024w\" sizes=\"auto, (max-width: 1280px) 100vw, 1280px\" \/><\/figure>\n<\/div>\n\n\n<p><\/p>\n","protected":false},"excerpt":{"rendered":"","protected":false},"author":5,"featured_media":13537,"comment_status":"open","ping_status":"open","sticky":false,"template":"","format":"standard","meta":{"om_disable_all_campaigns":false,"_uf_show_specific_survey":0,"_uf_disable_surveys":false,"footnotes":""},"categories":[4],"tags":[],"class_list":["post-13536","post","type-post","status-publish","format-standard","has-post-thumbnail","hentry","category-musica"],"_links":{"self":[{"href":"https:\/\/entrenotasyacordes.com\/index.php?rest_route=\/wp\/v2\/posts\/13536","targetHints":{"allow":["GET"]}}],"collection":[{"href":"https:\/\/entrenotasyacordes.com\/index.php?rest_route=\/wp\/v2\/posts"}],"about":[{"href":"https:\/\/entrenotasyacordes.com\/index.php?rest_route=\/wp\/v2\/types\/post"}],"author":[{"embeddable":true,"href":"https:\/\/entrenotasyacordes.com\/index.php?rest_route=\/wp\/v2\/users\/5"}],"replies":[{"embeddable":true,"href":"https:\/\/entrenotasyacordes.com\/index.php?rest_route=%2Fwp%2Fv2%2Fcomments&post=13536"}],"version-history":[{"count":1,"href":"https:\/\/entrenotasyacordes.com\/index.php?rest_route=\/wp\/v2\/posts\/13536\/revisions"}],"predecessor-version":[{"id":13540,"href":"https:\/\/entrenotasyacordes.com\/index.php?rest_route=\/wp\/v2\/posts\/13536\/revisions\/13540"}],"wp:featuredmedia":[{"embeddable":true,"href":"https:\/\/entrenotasyacordes.com\/index.php?rest_route=\/wp\/v2\/media\/13537"}],"wp:attachment":[{"href":"https:\/\/entrenotasyacordes.com\/index.php?rest_route=%2Fwp%2Fv2%2Fmedia&parent=13536"}],"wp:term":[{"taxonomy":"category","embeddable":true,"href":"https:\/\/entrenotasyacordes.com\/index.php?rest_route=%2Fwp%2Fv2%2Fcategories&post=13536"},{"taxonomy":"post_tag","embeddable":true,"href":"https:\/\/entrenotasyacordes.com\/index.php?rest_route=%2Fwp%2Fv2%2Ftags&post=13536"}],"curies":[{"name":"wp","href":"https:\/\/api.w.org\/{rel}","templated":true}]}}