{"id":13541,"date":"2025-01-18T02:51:14","date_gmt":"2025-01-18T02:51:14","guid":{"rendered":"https:\/\/entrenotasyacordes.com\/?p=13541"},"modified":"2025-01-18T02:51:16","modified_gmt":"2025-01-18T02:51:16","slug":"marc-segui-y-la-puertorriquena-paopao-son-la-voz-de-una-generacion-en-su-nuevo-single-de-nota-en-nota","status":"publish","type":"post","link":"https:\/\/entrenotasyacordes.com\/?p=13541","title":{"rendered":"MARC SEGU\u00cd Y LA PUERTORRIQUE\u00d1A PAOPAO SON LA VOZ DE UNA GENERACI\u00d3N EN SU NUEVO SINGLE \u00abDE NOTA EN NOTA\u00bb"},"content":{"rendered":"\n<!--more-->\n\n\n\n<p class=\"has-text-align-left\">Ambos artistas redefinen el nuevo pop y nos recuerdan que la m\u00fasica tambi\u00e9n puede ser un refugio y una confesi\u00f3n<\/p>\n\n\n<div class=\"wp-block-image\">\n<figure class=\"aligncenter size-full is-resized\"><img loading=\"lazy\" decoding=\"async\" width=\"2048\" height=\"2048\" src=\"https:\/\/entrenotasyacordes.com\/wp-content\/uploads\/2025\/01\/10h.jpg\" alt=\"\" class=\"wp-image-13542\" style=\"width:765px;height:auto\" srcset=\"https:\/\/entrenotasyacordes.com\/wp-content\/uploads\/2025\/01\/10h.jpg 2048w, https:\/\/entrenotasyacordes.com\/wp-content\/uploads\/2025\/01\/10h-300x300.jpg 300w, https:\/\/entrenotasyacordes.com\/wp-content\/uploads\/2025\/01\/10h-1024x1024.jpg 1024w, https:\/\/entrenotasyacordes.com\/wp-content\/uploads\/2025\/01\/10h-150x150.jpg 150w, https:\/\/entrenotasyacordes.com\/wp-content\/uploads\/2025\/01\/10h-768x768.jpg 768w, https:\/\/entrenotasyacordes.com\/wp-content\/uploads\/2025\/01\/10h-1536x1536.jpg 1536w, https:\/\/entrenotasyacordes.com\/wp-content\/uploads\/2025\/01\/10h-50x50.jpg 50w\" sizes=\"auto, (max-width: 2048px) 100vw, 2048px\" \/><\/figure>\n<\/div>\n\n\n<p>\u201cDE NOTA EN NOTA\u201d encapsula un zeitgeist generacional: el de quienes navegan las relaciones en tiempos de hiperconexi\u00f3n, donde el amor l\u00edquido es la norma.<\/p>\n\n\n\n<p>Con este tercer adelanto, Marc Segu\u00ed viene a demostrar que en el pop en espa\u00f1ol tambi\u00e9n hay lugar para corazones rotos y confidencias emocionales.<\/p>\n\n\n\n<p>\u201cDE NOTA EN NOTA\u201d contin\u00faa el desarrollo de un proyecto que Marc comenz\u00f3 en octubre y del que hemos podido conocer otras colaboraciones. Una de las m\u00e1s destacadas fue su trabajo previo junto al puertorrique\u00f1o Alvaro D\u00edaz en \u201cPA K\u201d.<\/p>\n\n\n\n<p>Con \u201cDE NOTA EN NOTA\u201d Marc consolida a\u00fan m\u00e1s el puente entre su m\u00fasica y la escena de PR uniendo fuerzas con una de las figuras femeninas m\u00e1s prominentes del g\u00e9nero urbano de Puerto Rico: paopao.<\/p>\n\n\n\n<p>El proyecto de paopao emerge como un fen\u00f3meno musical que desaf\u00eda las etiquetas y redefine el pop urbano con una sinceridad brutal. Respaldada por artistas tan importantes como Bad Bunny, ha trabajado junto a artistas reconocidos como Dei V, Alvaro D\u00edaz o Mora y ahora se une al mallorqu\u00edn Marc Segu\u00ed.<\/p>\n\n\n\n<p>Juntos, logran un balance perfecto entre las letras introspectivas y la melancol\u00eda mel\u00f3dica y se posicionan como voces indispensables para una creciente audiencia que busca conectar con historias reales y menos edulcoradas.<\/p>\n\n\n\n<p><strong>\u201cDE NOTA EN NOTA\u201d<\/strong>, es el resultado de la uni\u00f3n de dos propuestas art\u00edsticas \u00fanicas que tanto <strong>Marc <\/strong>como <strong>paopao <\/strong>han logrado defender con creces de manera individual en sus carreras, conquistado un espacio \u00fanico en una escena saturada, donde las emociones no siempre encuentran espacio para respirar.<\/p>\n\n\n\n<p>Con este single, <strong>Marc <\/strong>contin\u00faa expandiendo los l\u00edmites pop urbano con una est\u00e9tica y sonido minimalista que coquetean con el indie. El mallorqu\u00edn continua atm\u00f3sferas e imaginarios sonoros ricos y texturizados lejos de la exuberancia superficial del pop mainstream y teje relatos que oscilan entre la vulnerabilidad y la melancol\u00eda.<\/p>\n\n\n\n<p>En est\u00e1 nueva etapa el artista contin\u00faa demostrando una gran capacidad para transformar lo cotidiano en poes\u00eda pop, sin pretensiones pero con profundidad, ha logrado colocar las primeras dosis de proyecto como uno de los m\u00e1s interesantes del a\u00f1o<\/p>\n","protected":false},"excerpt":{"rendered":"","protected":false},"author":5,"featured_media":13542,"comment_status":"open","ping_status":"open","sticky":false,"template":"","format":"standard","meta":{"om_disable_all_campaigns":false,"_uf_show_specific_survey":0,"_uf_disable_surveys":false,"footnotes":""},"categories":[4],"tags":[],"class_list":["post-13541","post","type-post","status-publish","format-standard","has-post-thumbnail","hentry","category-musica"],"_links":{"self":[{"href":"https:\/\/entrenotasyacordes.com\/index.php?rest_route=\/wp\/v2\/posts\/13541","targetHints":{"allow":["GET"]}}],"collection":[{"href":"https:\/\/entrenotasyacordes.com\/index.php?rest_route=\/wp\/v2\/posts"}],"about":[{"href":"https:\/\/entrenotasyacordes.com\/index.php?rest_route=\/wp\/v2\/types\/post"}],"author":[{"embeddable":true,"href":"https:\/\/entrenotasyacordes.com\/index.php?rest_route=\/wp\/v2\/users\/5"}],"replies":[{"embeddable":true,"href":"https:\/\/entrenotasyacordes.com\/index.php?rest_route=%2Fwp%2Fv2%2Fcomments&post=13541"}],"version-history":[{"count":1,"href":"https:\/\/entrenotasyacordes.com\/index.php?rest_route=\/wp\/v2\/posts\/13541\/revisions"}],"predecessor-version":[{"id":13543,"href":"https:\/\/entrenotasyacordes.com\/index.php?rest_route=\/wp\/v2\/posts\/13541\/revisions\/13543"}],"wp:featuredmedia":[{"embeddable":true,"href":"https:\/\/entrenotasyacordes.com\/index.php?rest_route=\/wp\/v2\/media\/13542"}],"wp:attachment":[{"href":"https:\/\/entrenotasyacordes.com\/index.php?rest_route=%2Fwp%2Fv2%2Fmedia&parent=13541"}],"wp:term":[{"taxonomy":"category","embeddable":true,"href":"https:\/\/entrenotasyacordes.com\/index.php?rest_route=%2Fwp%2Fv2%2Fcategories&post=13541"},{"taxonomy":"post_tag","embeddable":true,"href":"https:\/\/entrenotasyacordes.com\/index.php?rest_route=%2Fwp%2Fv2%2Ftags&post=13541"}],"curies":[{"name":"wp","href":"https:\/\/api.w.org\/{rel}","templated":true}]}}