{"id":13553,"date":"2025-01-20T16:42:32","date_gmt":"2025-01-20T16:42:32","guid":{"rendered":"https:\/\/entrenotasyacordes.com\/?p=13553"},"modified":"2025-01-20T16:42:33","modified_gmt":"2025-01-20T16:42:33","slug":"la-historia-detras-de-20-de-enero-uno-de-los-mayores-exitos-de-la-oreja-de-van-gogh","status":"publish","type":"post","link":"https:\/\/entrenotasyacordes.com\/?p=13553","title":{"rendered":"La historia detr\u00e1s de \u201920 de Enero\u2019, uno de los mayores \u00e9xitos de La Oreja de Van Gogh"},"content":{"rendered":"\n<!--more-->\n\n\n\n<p class=\"has-text-align-left\">Un a\u00f1o m\u00e1s, como cada 20 de enero, los fans de La Oreja de Van Gogh recuerdan con nostalgia el lanzamiento de esta canci\u00f3n, y rememoran una de las \u00e9pocas m\u00e1s exitosas del grupo donostiarra, cuando Amaia Montero a\u00fan era la vocalista y la banda se encontraba en uno de sus momentos m\u00e1s \u00e1lgidos.<\/p>\n\n\n<div class=\"wp-block-image\">\n<figure class=\"aligncenter size-full is-resized\"><img loading=\"lazy\" decoding=\"async\" width=\"740\" height=\"734\" src=\"https:\/\/entrenotasyacordes.com\/wp-content\/uploads\/2025\/01\/11a.jpg\" alt=\"\" class=\"wp-image-13554\" style=\"width:765px;height:auto\" srcset=\"https:\/\/entrenotasyacordes.com\/wp-content\/uploads\/2025\/01\/11a.jpg 740w, https:\/\/entrenotasyacordes.com\/wp-content\/uploads\/2025\/01\/11a-300x298.jpg 300w, https:\/\/entrenotasyacordes.com\/wp-content\/uploads\/2025\/01\/11a-150x150.jpg 150w, https:\/\/entrenotasyacordes.com\/wp-content\/uploads\/2025\/01\/11a-50x50.jpg 50w\" sizes=\"auto, (max-width: 740px) 100vw, 740px\" \/><\/figure>\n<\/div>\n\n\n<p>Publicada el 20 de junio de 2003, fue el segundo sencillo del \u00e1lbum \u00abLo que te cont\u00e9 mientras te hac\u00edas la dormida\u00bb, que vio la luz ese mismo a\u00f1o y que no tard\u00f3 en colarse como uno de los discos m\u00e1s vendidos de la historia del grupo, con canciones como Puedes contar conmigo o Rosas, entre su repertorio.<\/p>\n\n\n\n<p>No todo el mundo sabe que esta canci\u00f3n cuenta una historia real de un suceso que le ocurri\u00f3 a Amaia Montero. La letra habla sobre el encuentro de una pareja al bajar del tren en San Sebasti\u00e1n durante la Tamborrada. Tras bajarse del tren, ella le cuenta sus sentimientos a lo largo de toda la canci\u00f3n.<\/p>\n\n\n\n<p>De esta forma, la propia Amaia Montero se reencontraba con el hombre que le hab\u00eda robado el coraz\u00f3n en la estaci\u00f3n de tren de San Sebasti\u00e1n el d\u00eda de la Tamborrada, y en ese encuentro, la cantante cay\u00f3 rendida a sus pies, dando lugar a una de las canciones m\u00e1s coreadas de la historia de la agrupaci\u00f3n espa\u00f1ola.<\/p>\n\n\n\n<figure class=\"wp-block-embed is-type-video is-provider-youtube wp-block-embed-youtube wp-embed-aspect-16-9 wp-has-aspect-ratio\"><div class=\"wp-block-embed__wrapper\">\n<div class=\"epyt-video-wrapper\"><iframe loading=\"lazy\"  id=\"_ytid_25174\"  width=\"640\" height=\"360\"  data-origwidth=\"640\" data-origheight=\"360\" src=\"https:\/\/www.youtube.com\/embed\/QmhcdlvUIUY?enablejsapi=1&#038;autoplay=0&#038;cc_load_policy=0&#038;cc_lang_pref=&#038;iv_load_policy=1&#038;loop=0&#038;rel=1&#038;fs=1&#038;playsinline=0&#038;autohide=2&#038;theme=dark&#038;color=white&#038;controls=1&#038;\" class=\"__youtube_prefs__  epyt-is-override  no-lazyload\" data-vol=\"50\"  title=\"YouTube player\"  allow=\"fullscreen; accelerometer; autoplay; clipboard-write; encrypted-media; gyroscope; picture-in-picture; web-share\" referrerpolicy=\"strict-origin-when-cross-origin\" allowfullscreen data-no-lazy=\"1\" data-skipgform_ajax_framebjll=\"\"><\/iframe><\/div>\n<\/div><\/figure>\n\n\n\n<p>Cada 20 de enero los fans de La Oreja de Van Gogh rememoran el lanzamiento de esta canci\u00f3n en forma de homenaje a trav\u00e9s de las redes sociales. Y este a\u00f1o es m\u00e1s especial si cabe, pues este en himno nacional cumple 20 a\u00f1os desde su publicaci\u00f3n, y sigue tan presente como el primer d\u00eda, demostrando que las buenas canciones no tienen fecha\u00a0de\u00a0caducidad.<\/p>\n","protected":false},"excerpt":{"rendered":"","protected":false},"author":5,"featured_media":13554,"comment_status":"open","ping_status":"open","sticky":false,"template":"","format":"standard","meta":{"om_disable_all_campaigns":false,"_uf_show_specific_survey":0,"_uf_disable_surveys":false,"footnotes":""},"categories":[10],"tags":[],"class_list":["post-13553","post","type-post","status-publish","format-standard","has-post-thumbnail","hentry","category-videos"],"_links":{"self":[{"href":"https:\/\/entrenotasyacordes.com\/index.php?rest_route=\/wp\/v2\/posts\/13553","targetHints":{"allow":["GET"]}}],"collection":[{"href":"https:\/\/entrenotasyacordes.com\/index.php?rest_route=\/wp\/v2\/posts"}],"about":[{"href":"https:\/\/entrenotasyacordes.com\/index.php?rest_route=\/wp\/v2\/types\/post"}],"author":[{"embeddable":true,"href":"https:\/\/entrenotasyacordes.com\/index.php?rest_route=\/wp\/v2\/users\/5"}],"replies":[{"embeddable":true,"href":"https:\/\/entrenotasyacordes.com\/index.php?rest_route=%2Fwp%2Fv2%2Fcomments&post=13553"}],"version-history":[{"count":1,"href":"https:\/\/entrenotasyacordes.com\/index.php?rest_route=\/wp\/v2\/posts\/13553\/revisions"}],"predecessor-version":[{"id":13555,"href":"https:\/\/entrenotasyacordes.com\/index.php?rest_route=\/wp\/v2\/posts\/13553\/revisions\/13555"}],"wp:featuredmedia":[{"embeddable":true,"href":"https:\/\/entrenotasyacordes.com\/index.php?rest_route=\/wp\/v2\/media\/13554"}],"wp:attachment":[{"href":"https:\/\/entrenotasyacordes.com\/index.php?rest_route=%2Fwp%2Fv2%2Fmedia&parent=13553"}],"wp:term":[{"taxonomy":"category","embeddable":true,"href":"https:\/\/entrenotasyacordes.com\/index.php?rest_route=%2Fwp%2Fv2%2Fcategories&post=13553"},{"taxonomy":"post_tag","embeddable":true,"href":"https:\/\/entrenotasyacordes.com\/index.php?rest_route=%2Fwp%2Fv2%2Ftags&post=13553"}],"curies":[{"name":"wp","href":"https:\/\/api.w.org\/{rel}","templated":true}]}}